{"id":55063,"date":"2026-04-27T08:19:38","date_gmt":"2026-04-27T06:19:38","guid":{"rendered":"https:\/\/www.cfjustice.org\/tunisia-le-cfj-met-en-garde-contre-les-repercussions-de-la-violation-des-droits-economiques-et-sociaux-et-lescalade-de-la-procrastination-face-aux-revendications-ouvrieres-2\/"},"modified":"2026-04-27T08:19:38","modified_gmt":"2026-04-27T06:19:38","slug":"tunisia-le-cfj-met-en-garde-contre-les-repercussions-de-la-violation-des-droits-economiques-et-sociaux-et-lescalade-de-la-procrastination-face-aux-revendications-ouvrieres-2","status":"publish","type":"post","link":"https:\/\/www.cfjustice.org\/fr\/tunisia-le-cfj-met-en-garde-contre-les-repercussions-de-la-violation-des-droits-economiques-et-sociaux-et-lescalade-de-la-procrastination-face-aux-revendications-ouvrieres-2\/","title":{"rendered":"Tunisia : Le CFJ met en garde contre les r\u00e9percussions de la violation des droits \u00e9conomiques et sociaux et l&rsquo;escalade de la \u00ab\u00a0procrastination\u00a0\u00bb face aux revendications ouvri\u00e8res"},"content":{"rendered":"<p>Le <strong>Comit\u00e9 pour la Justice (Committee for Justice \u2013 CFJ)<\/strong> observe avec une vive pr\u00e9occupation la vague de protestations et de gr\u00e8ves g\u00e9n\u00e9rales touchant des secteurs vitaux en Tunisie (\u00c9ducation, Sant\u00e9, Transport). Ces mouvements sont le r\u00e9sultat direct d&rsquo;une politique de \u00ab\u00a0dilatation\u00a0\u00bb et de m\u00e9pris des engagements conventionnels par les autorit\u00e9s. Le Comit\u00e9 consid\u00e8re que l&rsquo;obstination du gouvernement \u00e0 ignorer les r\u00e9sultats du dialogue social constitue une violation grave des droits \u00e9conomiques et sociaux garantis par la Constitution tunisienne et les conventions internationales.<\/p>\n<p><strong>Le Comit\u00e9 souligne les violations suivantes :<\/strong><\/p>\n<ul>\n<li><strong>Secteur du Transport :<\/strong> Le Comit\u00e9 d\u00e9nonce le non-respect par le minist\u00e8re du Transport des accords concernant le transport public non r\u00e9gulier, poussant \u00e0 une <strong>gr\u00e8ve g\u00e9n\u00e9rale le 27 avril 2026<\/strong>.<\/li>\n<li><strong>Enseignement Secondaire :<\/strong> Le Comit\u00e9 condamne la fermeture du dialogue par le minist\u00e8re de l&rsquo;\u00c9ducation et le recours aux retenues sur salaires comme mesure punitive contre les gr\u00e9vistes du <strong>7 avril 2026<\/strong>, ce qui entrave le droit syndical.<\/li>\n<li><strong>Secteur de la Sant\u00e9 :<\/strong> Le Comit\u00e9 est alarm\u00e9 par la persistance de l&#8217;emploi pr\u00e9caire pour 764 agents contractuels, priv\u00e9s de titularisation malgr\u00e9 les dispositions de la loi de finances 2026.<\/li>\n<\/ul>\n<p>Le <strong>Comit\u00e9 pour la Justice (CFJ)<\/strong> appelle les autorit\u00e9s tunisiennes \u00e0 activer imm\u00e9diatement tous les accords sectoriels et \u00e0 mettre fin \u00e0 l&#8217;emploi pr\u00e9caire. Le Comit\u00e9 r\u00e9affirme que la stabilit\u00e9 de la Tunisie d\u00e9pend du respect des droits sociaux et non de la r\u00e9pression des mouvements revendicatifs.<\/p>\n","protected":false},"excerpt":{"rendered":"<p>Le Comit\u00e9 pour la Justice (Committee for Justice \u2013 CFJ) observe avec une vive pr\u00e9occupation la vague de protestations et de gr\u00e8ves g\u00e9n\u00e9rales touchant des secteurs vitaux en Tunisie (\u00c9ducation, [&hellip;]<\/p>\n","protected":false},"author":962,"featured_media":55060,"comment_status":"closed","ping_status":"closed","sticky":false,"template":"","format":"standard","meta":{"_monsterinsights_skip_tracking":false,"_monsterinsights_sitenote_active":false,"_monsterinsights_sitenote_note":"","_monsterinsights_sitenote_category":0,"_price":"","_stock":"","_tribe_ticket_header":"","_tribe_default_ticket_provider":"","_tribe_ticket_capacity":"","_ticket_start_date":"","_ticket_end_date":"","_tribe_ticket_show_description":"","_tribe_ticket_show_not_going":false,"_tribe_ticket_use_global_stock":"","_tribe_ticket_global_stock_level":"","_global_stock_mode":"","_global_stock_cap":"","_tribe_rsvp_for_event":"","_tribe_ticket_going_count":"","_tribe_ticket_not_going_count":"","_tribe_tickets_list":"[]","_tribe_ticket_has_attendee_info_fields":false,"footnotes":""},"categories":[999],"tags":[],"countries":[1000],"cases":[],"writer":[],"coalitions":[],"class_list":["post-55063","post","type-post","status-publish","format-standard","has-post-thumbnail","hentry","category-nouvelles","countries-la-tunisie-2","has-post-title","has-post-date","has-post-category","has-post-tag","has-post-comment","has-post-author",""],"yoast_head":"<!-- This site is optimized with the Yoast SEO plugin v27.4 - https:\/\/yoast.com\/product\/yoast-seo-wordpress\/ -->\n<title>Tunisia : Le CFJ met en garde contre les r\u00e9percussions de la violation des droits \u00e9conomiques et sociaux et l&#039;escalade de la &quot;procrastination&quot; face aux revendications ouvri\u00e8res - Committee for Justice<\/title>\n<meta name=\"description\" content=\"Tunisia : Le CFJ met en garde contre les r\u00e9percussions de la violation des droits \u00e9conomiques et sociaux et l&#039;escalade de la &quot;procrastination&quot; face aux revendications ouvri\u00e8res\" \/>\n<meta name=\"robots\" content=\"index, follow, max-snippet:-1, max-image-preview:large, max-video-preview:-1\" \/>\n<link rel=\"canonical\" href=\"https:\/\/www.cfjustice.org\/fr\/tunisia-le-cfj-met-en-garde-contre-les-repercussions-de-la-violation-des-droits-economiques-et-sociaux-et-lescalade-de-la-procrastination-face-aux-revendications-ouvrieres-2\/\" \/>\n<meta property=\"og:locale\" content=\"fr_FR\" \/>\n<meta property=\"og:type\" content=\"article\" \/>\n<meta property=\"og:title\" content=\"Tunisia : Le CFJ met en garde contre les r\u00e9percussions de la violation des droits \u00e9conomiques et sociaux et l&#039;escalade de la &quot;procrastination&quot; face aux revendications ouvri\u00e8res - Committee for Justice\" \/>\n<meta property=\"og:description\" content=\"Tunisia : Le CFJ met en garde contre les r\u00e9percussions de la violation des droits \u00e9conomiques et sociaux et l&#039;escalade de la &quot;procrastination&quot; face aux revendications ouvri\u00e8res\" \/>\n<meta property=\"og:url\" content=\"https:\/\/www.cfjustice.org\/fr\/tunisia-le-cfj-met-en-garde-contre-les-repercussions-de-la-violation-des-droits-economiques-et-sociaux-et-lescalade-de-la-procrastination-face-aux-revendications-ouvrieres-2\/\" \/>\n<meta property=\"og:site_name\" content=\"Committee for Justice\" \/>\n<meta property=\"article:publisher\" content=\"https:\/\/www.facebook.com\/cfjusticeorg\" \/>\n<meta property=\"article:published_time\" content=\"2026-04-27T06:19:38+00:00\" \/>\n<meta property=\"og:image\" content=\"https:\/\/www.cfjustice.org\/wp-content\/uploads\/2026\/04\/ChatGPT-Image-Apr-26-2026-09_19_44-PM.avif\" \/>\n\t<meta property=\"og:image:width\" content=\"1774\" \/>\n\t<meta property=\"og:image:height\" content=\"887\" \/>\n\t<meta property=\"og:image:type\" content=\"image\/png\" \/>\n<meta name=\"author\" content=\"mmurad\" \/>\n<meta name=\"twitter:card\" content=\"summary_large_image\" \/>\n<meta name=\"twitter:creator\" content=\"@cfjusticeorg\" \/>\n<meta name=\"twitter:site\" content=\"@cfjusticeorg\" \/>\n<meta name=\"twitter:label1\" content=\"\u00c9crit par\" \/>\n\t<meta name=\"twitter:data1\" content=\"mmurad\" \/>\n\t<meta name=\"twitter:label2\" content=\"Dur\u00e9e de lecture estim\u00e9e\" \/>\n\t<meta name=\"twitter:data2\" content=\"1 minute\" \/>\n<script type=\"application\/ld+json\" class=\"yoast-schema-graph\">{\"@context\":\"https:\\\/\\\/schema.org\",\"@graph\":[{\"@type\":\"Article\",\"@id\":\"https:\\\/\\\/www.cfjustice.org\\\/fr\\\/tunisia-le-cfj-met-en-garde-contre-les-repercussions-de-la-violation-des-droits-economiques-et-sociaux-et-lescalade-de-la-procrastination-face-aux-revendications-ouvrieres-2\\\/#article\",\"isPartOf\":{\"@id\":\"https:\\\/\\\/www.cfjustice.org\\\/fr\\\/tunisia-le-cfj-met-en-garde-contre-les-repercussions-de-la-violation-des-droits-economiques-et-sociaux-et-lescalade-de-la-procrastination-face-aux-revendications-ouvrieres-2\\\/\"},\"author\":{\"name\":\"mmurad\",\"@id\":\"https:\\\/\\\/www.cfjustice.org\\\/fr\\\/#\\\/schema\\\/person\\\/bb556c12ed41de17b43b26af15865af9\"},\"headline\":\"Tunisia : Le CFJ met en garde contre les r\u00e9percussions de la violation des droits \u00e9conomiques et sociaux et l&rsquo;escalade de la \u00ab\u00a0procrastination\u00a0\u00bb face aux revendications ouvri\u00e8res\",\"datePublished\":\"2026-04-27T06:19:38+00:00\",\"mainEntityOfPage\":{\"@id\":\"https:\\\/\\\/www.cfjustice.org\\\/fr\\\/tunisia-le-cfj-met-en-garde-contre-les-repercussions-de-la-violation-des-droits-economiques-et-sociaux-et-lescalade-de-la-procrastination-face-aux-revendications-ouvrieres-2\\\/\"},\"wordCount\":280,\"publisher\":{\"@id\":\"https:\\\/\\\/www.cfjustice.org\\\/fr\\\/#organization\"},\"image\":{\"@id\":\"https:\\\/\\\/www.cfjustice.org\\\/fr\\\/tunisia-le-cfj-met-en-garde-contre-les-repercussions-de-la-violation-des-droits-economiques-et-sociaux-et-lescalade-de-la-procrastination-face-aux-revendications-ouvrieres-2\\\/#primaryimage\"},\"thumbnailUrl\":\"https:\\\/\\\/www.cfjustice.org\\\/wp-content\\\/uploads\\\/2026\\\/04\\\/ChatGPT-Image-Apr-26-2026-09_19_44-PM.avif\",\"articleSection\":[\"nouvelles\"],\"inLanguage\":\"fr-FR\"},{\"@type\":\"WebPage\",\"@id\":\"https:\\\/\\\/www.cfjustice.org\\\/fr\\\/tunisia-le-cfj-met-en-garde-contre-les-repercussions-de-la-violation-des-droits-economiques-et-sociaux-et-lescalade-de-la-procrastination-face-aux-revendications-ouvrieres-2\\\/\",\"url\":\"https:\\\/\\\/www.cfjustice.org\\\/fr\\\/tunisia-le-cfj-met-en-garde-contre-les-repercussions-de-la-violation-des-droits-economiques-et-sociaux-et-lescalade-de-la-procrastination-face-aux-revendications-ouvrieres-2\\\/\",\"name\":\"Tunisia : Le CFJ met en garde contre les r\u00e9percussions de la violation des droits \u00e9conomiques et sociaux et l'escalade de la \\\"procrastination\\\" face aux revendications ouvri\u00e8res - Committee for Justice\",\"isPartOf\":{\"@id\":\"https:\\\/\\\/www.cfjustice.org\\\/fr\\\/#website\"},\"primaryImageOfPage\":{\"@id\":\"https:\\\/\\\/www.cfjustice.org\\\/fr\\\/tunisia-le-cfj-met-en-garde-contre-les-repercussions-de-la-violation-des-droits-economiques-et-sociaux-et-lescalade-de-la-procrastination-face-aux-revendications-ouvrieres-2\\\/#primaryimage\"},\"image\":{\"@id\":\"https:\\\/\\\/www.cfjustice.org\\\/fr\\\/tunisia-le-cfj-met-en-garde-contre-les-repercussions-de-la-violation-des-droits-economiques-et-sociaux-et-lescalade-de-la-procrastination-face-aux-revendications-ouvrieres-2\\\/#primaryimage\"},\"thumbnailUrl\":\"https:\\\/\\\/www.cfjustice.org\\\/wp-content\\\/uploads\\\/2026\\\/04\\\/ChatGPT-Image-Apr-26-2026-09_19_44-PM.avif\",\"datePublished\":\"2026-04-27T06:19:38+00:00\",\"description\":\"Tunisia : Le CFJ met en garde contre les r\u00e9percussions de la violation des droits \u00e9conomiques et sociaux et l'escalade de la \\\"procrastination\\\" face aux revendications ouvri\u00e8res\",\"breadcrumb\":{\"@id\":\"https:\\\/\\\/www.cfjustice.org\\\/fr\\\/tunisia-le-cfj-met-en-garde-contre-les-repercussions-de-la-violation-des-droits-economiques-et-sociaux-et-lescalade-de-la-procrastination-face-aux-revendications-ouvrieres-2\\\/#breadcrumb\"},\"inLanguage\":\"fr-FR\",\"potentialAction\":[{\"@type\":\"ReadAction\",\"target\":[\"https:\\\/\\\/www.cfjustice.org\\\/fr\\\/tunisia-le-cfj-met-en-garde-contre-les-repercussions-de-la-violation-des-droits-economiques-et-sociaux-et-lescalade-de-la-procrastination-face-aux-revendications-ouvrieres-2\\\/\"]}]},{\"@type\":\"ImageObject\",\"inLanguage\":\"fr-FR\",\"@id\":\"https:\\\/\\\/www.cfjustice.org\\\/fr\\\/tunisia-le-cfj-met-en-garde-contre-les-repercussions-de-la-violation-des-droits-economiques-et-sociaux-et-lescalade-de-la-procrastination-face-aux-revendications-ouvrieres-2\\\/#primaryimage\",\"url\":\"https:\\\/\\\/www.cfjustice.org\\\/wp-content\\\/uploads\\\/2026\\\/04\\\/ChatGPT-Image-Apr-26-2026-09_19_44-PM.avif\",\"contentUrl\":\"https:\\\/\\\/www.cfjustice.org\\\/wp-content\\\/uploads\\\/2026\\\/04\\\/ChatGPT-Image-Apr-26-2026-09_19_44-PM.avif\",\"width\":1774,\"height\":887},{\"@type\":\"BreadcrumbList\",\"@id\":\"https:\\\/\\\/www.cfjustice.org\\\/fr\\\/tunisia-le-cfj-met-en-garde-contre-les-repercussions-de-la-violation-des-droits-economiques-et-sociaux-et-lescalade-de-la-procrastination-face-aux-revendications-ouvrieres-2\\\/#breadcrumb\",\"itemListElement\":[{\"@type\":\"ListItem\",\"position\":1,\"name\":\"Home\",\"item\":\"https:\\\/\\\/www.cfjustice.org\\\/fr\\\/\"},{\"@type\":\"ListItem\",\"position\":2,\"name\":\"Tunisia : Le CFJ met en garde contre les r\u00e9percussions de la violation des droits \u00e9conomiques et sociaux et l&#8217;escalade de la &#8220;procrastination&#8221; face aux revendications ouvri\u00e8res\"}]},{\"@type\":\"WebSite\",\"@id\":\"https:\\\/\\\/www.cfjustice.org\\\/fr\\\/#website\",\"url\":\"https:\\\/\\\/www.cfjustice.org\\\/fr\\\/\",\"name\":\"Committee for Justice\",\"description\":\"We are working to achieve justice\",\"publisher\":{\"@id\":\"https:\\\/\\\/www.cfjustice.org\\\/fr\\\/#organization\"},\"alternateName\":\"CFJ\",\"potentialAction\":[{\"@type\":\"SearchAction\",\"target\":{\"@type\":\"EntryPoint\",\"urlTemplate\":\"https:\\\/\\\/www.cfjustice.org\\\/fr\\\/?s={search_term_string}\"},\"query-input\":{\"@type\":\"PropertyValueSpecification\",\"valueRequired\":true,\"valueName\":\"search_term_string\"}}],\"inLanguage\":\"fr-FR\"},{\"@type\":\"Organization\",\"@id\":\"https:\\\/\\\/www.cfjustice.org\\\/fr\\\/#organization\",\"name\":\"Committee for Justice\",\"url\":\"https:\\\/\\\/www.cfjustice.org\\\/fr\\\/\",\"logo\":{\"@type\":\"ImageObject\",\"inLanguage\":\"fr-FR\",\"@id\":\"https:\\\/\\\/www.cfjustice.org\\\/fr\\\/#\\\/schema\\\/logo\\\/image\\\/\",\"url\":\"https:\\\/\\\/www.cfjustice.org\\\/wp-content\\\/uploads\\\/2023\\\/10\\\/logo-1.svg\",\"contentUrl\":\"https:\\\/\\\/www.cfjustice.org\\\/wp-content\\\/uploads\\\/2023\\\/10\\\/logo-1.svg\",\"width\":1,\"height\":1,\"caption\":\"Committee for Justice\"},\"image\":{\"@id\":\"https:\\\/\\\/www.cfjustice.org\\\/fr\\\/#\\\/schema\\\/logo\\\/image\\\/\"},\"sameAs\":[\"https:\\\/\\\/www.facebook.com\\\/cfjusticeorg\",\"https:\\\/\\\/x.com\\\/cfjusticeorg\",\"https:\\\/\\\/www.linkedin.com\\\/company\\\/cfjustice\\\/\",\"https:\\\/\\\/www.youtube.com\\\/channel\\\/UCQdBw5-F5Z80xtts8UqRRqQ\",\"https:\\\/\\\/www.instagram.com\\\/cfjusticeorg\"]},{\"@type\":\"Person\",\"@id\":\"https:\\\/\\\/www.cfjustice.org\\\/fr\\\/#\\\/schema\\\/person\\\/bb556c12ed41de17b43b26af15865af9\",\"name\":\"mmurad\",\"image\":{\"@type\":\"ImageObject\",\"inLanguage\":\"fr-FR\",\"@id\":\"https:\\\/\\\/secure.gravatar.com\\\/avatar\\\/b01b45168573d27abfd52e48a08122adff6e2dd698a45002db0e5b672be19a34?s=96&d=mm&r=g\",\"url\":\"https:\\\/\\\/secure.gravatar.com\\\/avatar\\\/b01b45168573d27abfd52e48a08122adff6e2dd698a45002db0e5b672be19a34?s=96&d=mm&r=g\",\"contentUrl\":\"https:\\\/\\\/secure.gravatar.com\\\/avatar\\\/b01b45168573d27abfd52e48a08122adff6e2dd698a45002db0e5b672be19a34?s=96&d=mm&r=g\",\"caption\":\"mmurad\"},\"url\":\"https:\\\/\\\/www.cfjustice.org\\\/fr\\\/author\\\/mmurad\\\/\"}]}<\/script>\n<!-- \/ Yoast SEO plugin. -->","yoast_head_json":{"title":"Tunisia : Le CFJ met en garde contre les r\u00e9percussions de la violation des droits \u00e9conomiques et sociaux et l'escalade de la \"procrastination\" face aux revendications ouvri\u00e8res - Committee for Justice","description":"Tunisia : Le CFJ met en garde contre les r\u00e9percussions de la violation des droits \u00e9conomiques et sociaux et l'escalade de la \"procrastination\" face aux revendications ouvri\u00e8res","robots":{"index":"index","follow":"follow","max-snippet":"max-snippet:-1","max-image-preview":"max-image-preview:large","max-video-preview":"max-video-preview:-1"},"canonical":"https:\/\/www.cfjustice.org\/fr\/tunisia-le-cfj-met-en-garde-contre-les-repercussions-de-la-violation-des-droits-economiques-et-sociaux-et-lescalade-de-la-procrastination-face-aux-revendications-ouvrieres-2\/","og_locale":"fr_FR","og_type":"article","og_title":"Tunisia : Le CFJ met en garde contre les r\u00e9percussions de la violation des droits \u00e9conomiques et sociaux et l'escalade de la \"procrastination\" face aux revendications ouvri\u00e8res - Committee for Justice","og_description":"Tunisia : Le CFJ met en garde contre les r\u00e9percussions de la violation des droits \u00e9conomiques et sociaux et l'escalade de la \"procrastination\" face aux revendications ouvri\u00e8res","og_url":"https:\/\/www.cfjustice.org\/fr\/tunisia-le-cfj-met-en-garde-contre-les-repercussions-de-la-violation-des-droits-economiques-et-sociaux-et-lescalade-de-la-procrastination-face-aux-revendications-ouvrieres-2\/","og_site_name":"Committee for Justice","article_publisher":"https:\/\/www.facebook.com\/cfjusticeorg","article_published_time":"2026-04-27T06:19:38+00:00","og_image":[{"width":1774,"height":887,"url":"https:\/\/www.cfjustice.org\/wp-content\/uploads\/2026\/04\/ChatGPT-Image-Apr-26-2026-09_19_44-PM.avif","type":"image\/png"}],"author":"mmurad","twitter_card":"summary_large_image","twitter_creator":"@cfjusticeorg","twitter_site":"@cfjusticeorg","twitter_misc":{"\u00c9crit par":"mmurad","Dur\u00e9e de lecture estim\u00e9e":"1 minute"},"schema":{"@context":"https:\/\/schema.org","@graph":[{"@type":"Article","@id":"https:\/\/www.cfjustice.org\/fr\/tunisia-le-cfj-met-en-garde-contre-les-repercussions-de-la-violation-des-droits-economiques-et-sociaux-et-lescalade-de-la-procrastination-face-aux-revendications-ouvrieres-2\/#article","isPartOf":{"@id":"https:\/\/www.cfjustice.org\/fr\/tunisia-le-cfj-met-en-garde-contre-les-repercussions-de-la-violation-des-droits-economiques-et-sociaux-et-lescalade-de-la-procrastination-face-aux-revendications-ouvrieres-2\/"},"author":{"name":"mmurad","@id":"https:\/\/www.cfjustice.org\/fr\/#\/schema\/person\/bb556c12ed41de17b43b26af15865af9"},"headline":"Tunisia : Le CFJ met en garde contre les r\u00e9percussions de la violation des droits \u00e9conomiques et sociaux et l&rsquo;escalade de la \u00ab\u00a0procrastination\u00a0\u00bb face aux revendications ouvri\u00e8res","datePublished":"2026-04-27T06:19:38+00:00","mainEntityOfPage":{"@id":"https:\/\/www.cfjustice.org\/fr\/tunisia-le-cfj-met-en-garde-contre-les-repercussions-de-la-violation-des-droits-economiques-et-sociaux-et-lescalade-de-la-procrastination-face-aux-revendications-ouvrieres-2\/"},"wordCount":280,"publisher":{"@id":"https:\/\/www.cfjustice.org\/fr\/#organization"},"image":{"@id":"https:\/\/www.cfjustice.org\/fr\/tunisia-le-cfj-met-en-garde-contre-les-repercussions-de-la-violation-des-droits-economiques-et-sociaux-et-lescalade-de-la-procrastination-face-aux-revendications-ouvrieres-2\/#primaryimage"},"thumbnailUrl":"https:\/\/www.cfjustice.org\/wp-content\/uploads\/2026\/04\/ChatGPT-Image-Apr-26-2026-09_19_44-PM.avif","articleSection":["nouvelles"],"inLanguage":"fr-FR"},{"@type":"WebPage","@id":"https:\/\/www.cfjustice.org\/fr\/tunisia-le-cfj-met-en-garde-contre-les-repercussions-de-la-violation-des-droits-economiques-et-sociaux-et-lescalade-de-la-procrastination-face-aux-revendications-ouvrieres-2\/","url":"https:\/\/www.cfjustice.org\/fr\/tunisia-le-cfj-met-en-garde-contre-les-repercussions-de-la-violation-des-droits-economiques-et-sociaux-et-lescalade-de-la-procrastination-face-aux-revendications-ouvrieres-2\/","name":"Tunisia : Le CFJ met en garde contre les r\u00e9percussions de la violation des droits \u00e9conomiques et sociaux et l'escalade de la \"procrastination\" face aux revendications ouvri\u00e8res - Committee for Justice","isPartOf":{"@id":"https:\/\/www.cfjustice.org\/fr\/#website"},"primaryImageOfPage":{"@id":"https:\/\/www.cfjustice.org\/fr\/tunisia-le-cfj-met-en-garde-contre-les-repercussions-de-la-violation-des-droits-economiques-et-sociaux-et-lescalade-de-la-procrastination-face-aux-revendications-ouvrieres-2\/#primaryimage"},"image":{"@id":"https:\/\/www.cfjustice.org\/fr\/tunisia-le-cfj-met-en-garde-contre-les-repercussions-de-la-violation-des-droits-economiques-et-sociaux-et-lescalade-de-la-procrastination-face-aux-revendications-ouvrieres-2\/#primaryimage"},"thumbnailUrl":"https:\/\/www.cfjustice.org\/wp-content\/uploads\/2026\/04\/ChatGPT-Image-Apr-26-2026-09_19_44-PM.avif","datePublished":"2026-04-27T06:19:38+00:00","description":"Tunisia : Le CFJ met en garde contre les r\u00e9percussions de la violation des droits \u00e9conomiques et sociaux et l'escalade de la \"procrastination\" face aux revendications ouvri\u00e8res","breadcrumb":{"@id":"https:\/\/www.cfjustice.org\/fr\/tunisia-le-cfj-met-en-garde-contre-les-repercussions-de-la-violation-des-droits-economiques-et-sociaux-et-lescalade-de-la-procrastination-face-aux-revendications-ouvrieres-2\/#breadcrumb"},"inLanguage":"fr-FR","potentialAction":[{"@type":"ReadAction","target":["https:\/\/www.cfjustice.org\/fr\/tunisia-le-cfj-met-en-garde-contre-les-repercussions-de-la-violation-des-droits-economiques-et-sociaux-et-lescalade-de-la-procrastination-face-aux-revendications-ouvrieres-2\/"]}]},{"@type":"ImageObject","inLanguage":"fr-FR","@id":"https:\/\/www.cfjustice.org\/fr\/tunisia-le-cfj-met-en-garde-contre-les-repercussions-de-la-violation-des-droits-economiques-et-sociaux-et-lescalade-de-la-procrastination-face-aux-revendications-ouvrieres-2\/#primaryimage","url":"https:\/\/www.cfjustice.org\/wp-content\/uploads\/2026\/04\/ChatGPT-Image-Apr-26-2026-09_19_44-PM.avif","contentUrl":"https:\/\/www.cfjustice.org\/wp-content\/uploads\/2026\/04\/ChatGPT-Image-Apr-26-2026-09_19_44-PM.avif","width":1774,"height":887},{"@type":"BreadcrumbList","@id":"https:\/\/www.cfjustice.org\/fr\/tunisia-le-cfj-met-en-garde-contre-les-repercussions-de-la-violation-des-droits-economiques-et-sociaux-et-lescalade-de-la-procrastination-face-aux-revendications-ouvrieres-2\/#breadcrumb","itemListElement":[{"@type":"ListItem","position":1,"name":"Home","item":"https:\/\/www.cfjustice.org\/fr\/"},{"@type":"ListItem","position":2,"name":"Tunisia : Le CFJ met en garde contre les r\u00e9percussions de la violation des droits \u00e9conomiques et sociaux et l&#8217;escalade de la &#8220;procrastination&#8221; face aux revendications ouvri\u00e8res"}]},{"@type":"WebSite","@id":"https:\/\/www.cfjustice.org\/fr\/#website","url":"https:\/\/www.cfjustice.org\/fr\/","name":"Committee for Justice","description":"We are working to achieve justice","publisher":{"@id":"https:\/\/www.cfjustice.org\/fr\/#organization"},"alternateName":"CFJ","potentialAction":[{"@type":"SearchAction","target":{"@type":"EntryPoint","urlTemplate":"https:\/\/www.cfjustice.org\/fr\/?s={search_term_string}"},"query-input":{"@type":"PropertyValueSpecification","valueRequired":true,"valueName":"search_term_string"}}],"inLanguage":"fr-FR"},{"@type":"Organization","@id":"https:\/\/www.cfjustice.org\/fr\/#organization","name":"Committee for Justice","url":"https:\/\/www.cfjustice.org\/fr\/","logo":{"@type":"ImageObject","inLanguage":"fr-FR","@id":"https:\/\/www.cfjustice.org\/fr\/#\/schema\/logo\/image\/","url":"https:\/\/www.cfjustice.org\/wp-content\/uploads\/2023\/10\/logo-1.svg","contentUrl":"https:\/\/www.cfjustice.org\/wp-content\/uploads\/2023\/10\/logo-1.svg","width":1,"height":1,"caption":"Committee for Justice"},"image":{"@id":"https:\/\/www.cfjustice.org\/fr\/#\/schema\/logo\/image\/"},"sameAs":["https:\/\/www.facebook.com\/cfjusticeorg","https:\/\/x.com\/cfjusticeorg","https:\/\/www.linkedin.com\/company\/cfjustice\/","https:\/\/www.youtube.com\/channel\/UCQdBw5-F5Z80xtts8UqRRqQ","https:\/\/www.instagram.com\/cfjusticeorg"]},{"@type":"Person","@id":"https:\/\/www.cfjustice.org\/fr\/#\/schema\/person\/bb556c12ed41de17b43b26af15865af9","name":"mmurad","image":{"@type":"ImageObject","inLanguage":"fr-FR","@id":"https:\/\/secure.gravatar.com\/avatar\/b01b45168573d27abfd52e48a08122adff6e2dd698a45002db0e5b672be19a34?s=96&d=mm&r=g","url":"https:\/\/secure.gravatar.com\/avatar\/b01b45168573d27abfd52e48a08122adff6e2dd698a45002db0e5b672be19a34?s=96&d=mm&r=g","contentUrl":"https:\/\/secure.gravatar.com\/avatar\/b01b45168573d27abfd52e48a08122adff6e2dd698a45002db0e5b672be19a34?s=96&d=mm&r=g","caption":"mmurad"},"url":"https:\/\/www.cfjustice.org\/fr\/author\/mmurad\/"}]}},"_links":{"self":[{"href":"https:\/\/www.cfjustice.org\/fr\/wp-json\/wp\/v2\/posts\/55063","targetHints":{"allow":["GET"]}}],"collection":[{"href":"https:\/\/www.cfjustice.org\/fr\/wp-json\/wp\/v2\/posts"}],"about":[{"href":"https:\/\/www.cfjustice.org\/fr\/wp-json\/wp\/v2\/types\/post"}],"author":[{"embeddable":true,"href":"https:\/\/www.cfjustice.org\/fr\/wp-json\/wp\/v2\/users\/962"}],"replies":[{"embeddable":true,"href":"https:\/\/www.cfjustice.org\/fr\/wp-json\/wp\/v2\/comments?post=55063"}],"version-history":[{"count":0,"href":"https:\/\/www.cfjustice.org\/fr\/wp-json\/wp\/v2\/posts\/55063\/revisions"}],"wp:featuredmedia":[{"embeddable":true,"href":"https:\/\/www.cfjustice.org\/fr\/wp-json\/wp\/v2\/media\/55060"}],"wp:attachment":[{"href":"https:\/\/www.cfjustice.org\/fr\/wp-json\/wp\/v2\/media?parent=55063"}],"wp:term":[{"taxonomy":"category","embeddable":true,"href":"https:\/\/www.cfjustice.org\/fr\/wp-json\/wp\/v2\/categories?post=55063"},{"taxonomy":"post_tag","embeddable":true,"href":"https:\/\/www.cfjustice.org\/fr\/wp-json\/wp\/v2\/tags?post=55063"},{"taxonomy":"countries","embeddable":true,"href":"https:\/\/www.cfjustice.org\/fr\/wp-json\/wp\/v2\/countries?post=55063"},{"taxonomy":"cases","embeddable":true,"href":"https:\/\/www.cfjustice.org\/fr\/wp-json\/wp\/v2\/cases?post=55063"},{"taxonomy":"writer","embeddable":true,"href":"https:\/\/www.cfjustice.org\/fr\/wp-json\/wp\/v2\/writer?post=55063"},{"taxonomy":"coalitions","embeddable":true,"href":"https:\/\/www.cfjustice.org\/fr\/wp-json\/wp\/v2\/coalitions?post=55063"}],"curies":[{"name":"wp","href":"https:\/\/api.w.org\/{rel}","templated":true}]}}