{"id":55022,"date":"2026-04-26T19:50:06","date_gmt":"2026-04-26T17:50:06","guid":{"rendered":"https:\/\/www.cfjustice.org\/condamnation-de-la-dissolution-dorganisations-de-la-societe-civile-au-burkina-faso\/"},"modified":"2026-04-26T19:50:06","modified_gmt":"2026-04-26T17:50:06","slug":"condamnation-de-la-dissolution-dorganisations-de-la-societe-civile-au-burkina-faso","status":"publish","type":"post","link":"https:\/\/www.cfjustice.org\/fr\/condamnation-de-la-dissolution-dorganisations-de-la-societe-civile-au-burkina-faso\/","title":{"rendered":"Condamnation\u00a0de la dissolution\u00a0d\u2019organisations\u00a0de la soci\u00e9t\u00e9 civile au Burkina Faso\u00a0"},"content":{"rendered":"<p><span data-contrast=\"auto\">Le\u00a0Comit\u00e9\u00a0pour la Justice (CFJ)\u00a0condamne\u00a0fermement\u00a0la dissolution\u00a0signal\u00e9e\u00a0de plus de 100 organisations non\u00a0gouvernementales\u00a0(ONG) et\u00a0groupes\u00a0de la soci\u00e9t\u00e9 civile par les\u00a0autorit\u00e9s\u00a0du Burkina Faso. Cette\u00a0mesure\u00a0de grande\u00a0ampleur\u00a0constitue\u00a0une\u00a0grave\u00a0atteinte\u00a0\u00e0\u00a0l\u2019espace\u00a0civique\u00a0et\u00a0une\u00a0violation\u00a0directe\u00a0des droits\u00a0humains\u00a0fondamentaux,\u00a0notamment\u00a0les droits \u00e0 la libert\u00e9\u00a0d\u2019association,\u00a0d\u2019expression\u00a0et de participation \u00e0 la vie\u00a0publique.<\/span><span data-ccp-props=\"{&quot;134233117&quot;:false,&quot;134233118&quot;:false,&quot;335559738&quot;:240,&quot;335559739&quot;:240}\">\u00a0<\/span><\/p>\n<p><span data-contrast=\"auto\">Les organisations de la soci\u00e9t\u00e9 civile\u00a0jouent\u00a0un\u00a0r\u00f4le\u00a0indispensable dans la promotion de la\u00a0redevabilit\u00e9, la\u00a0d\u00e9fense\u00a0des droits\u00a0humains, le\u00a0soutien\u00a0aux\u00a0communaut\u00e9s\u00a0vuln\u00e9rables\u00a0et le\u00a0renforcement\u00a0de la\u00a0gouvernance\u00a0d\u00e9mocratique. La dissolution massive de\u00a0ces\u00a0organisations,\u00a0pr\u00e9tendument\u00a0fond\u00e9e\u00a0sur des motifs\u00a0administratifs\u00a0ou\u00a0s\u00e9curitaires,\u00a0suscite\u00a0de vives\u00a0inqui\u00e9tudes\u00a0quant \u00e0 la\u00a0r\u00e9pression\u00a0croissante\u00a0des voix\u00a0ind\u00e9pendantes\u00a0et \u00e0 la\u00a0r\u00e9duction\u00a0de\u00a0l\u2019espace\u00a0civique\u00a0dans le pays.<\/span><span data-ccp-props=\"{&quot;134233117&quot;:false,&quot;134233118&quot;:false,&quot;335559738&quot;:240,&quot;335559739&quot;:240}\">\u00a0<\/span><\/p>\n<p><span data-contrast=\"auto\">Le Burkina Faso est\u00a0li\u00e9\u00a0par\u00a0plusieurs\u00a0instruments\u00a0r\u00e9gionaux\u00a0et\u00a0internationaux\u00a0de protection des droits\u00a0humains\u00a0qui\u00a0garantissent\u00a0les droits\u00a0actuellement\u00a0menac\u00e9s,\u00a0notamment\u00a0:<\/span><span data-ccp-props=\"{&quot;134233117&quot;:false,&quot;134233118&quot;:false,&quot;335559738&quot;:240,&quot;335559739&quot;:240}\">\u00a0<\/span><\/p>\n<ul>\n<li data-leveltext=\"\uf0b7\" data-font=\"Symbol\" data-listid=\"4\" data-list-defn-props=\"{&quot;335552541&quot;:1,&quot;335559685&quot;:720,&quot;335559991&quot;:360,&quot;469769226&quot;:&quot;Symbol&quot;,&quot;469769242&quot;:[8226],&quot;469777803&quot;:&quot;left&quot;,&quot;469777804&quot;:&quot;\uf0b7&quot;,&quot;469777815&quot;:&quot;hybridMultilevel&quot;}\" data-aria-posinset=\"1\" data-aria-level=\"1\"><span data-contrast=\"auto\">La\u00a0Charte\u00a0africaine\u00a0des droits de\u00a0l\u2019homme\u00a0et des\u00a0peuples,\u00a0en\u00a0particulier son\u00a0<\/span><b><span data-contrast=\"auto\">article 10<\/span><\/b><span data-contrast=\"auto\">, qui\u00a0garantit\u00a0la libert\u00e9\u00a0d\u2019association, et son\u00a0<\/span><b><span data-contrast=\"auto\">article 9<\/span><\/b><span data-contrast=\"auto\">,\u00a0relatif\u00a0\u00e0 la libert\u00e9\u00a0d\u2019expression. La Commission\u00a0africaine\u00a0des droits de\u00a0l\u2019homme\u00a0et des\u00a0peuples\u00a0a\u00a0constamment\u00a0affirm\u00e9\u00a0que\u00a0toute restriction \u00e0\u00a0ces\u00a0droits doit\u00a0\u00eatre\u00a0pr\u00e9vue\u00a0par la\u00a0loi,\u00a0n\u00e9cessaire\u00a0et\u00a0proportionn\u00e9e.<\/span><span data-ccp-props=\"{&quot;134233117&quot;:false,&quot;134233118&quot;:false,&quot;335559738&quot;:240,&quot;335559739&quot;:240}\">\u00a0<\/span><\/li>\n<\/ul>\n<ul>\n<li data-leveltext=\"\uf0b7\" data-font=\"Symbol\" data-listid=\"4\" data-list-defn-props=\"{&quot;335552541&quot;:1,&quot;335559685&quot;:720,&quot;335559991&quot;:360,&quot;469769226&quot;:&quot;Symbol&quot;,&quot;469769242&quot;:[8226],&quot;469777803&quot;:&quot;left&quot;,&quot;469777804&quot;:&quot;\uf0b7&quot;,&quot;469777815&quot;:&quot;hybridMultilevel&quot;}\" data-aria-posinset=\"2\" data-aria-level=\"1\"><span data-contrast=\"auto\">Le\u00a0Pacte\u00a0international\u00a0relatif\u00a0aux droits civils et politiques (PIDCP),\u00a0notamment\u00a0ses\u00a0<\/span><b><span data-contrast=\"auto\">articles 21 et 22<\/span><\/b><span data-contrast=\"auto\">, qui\u00a0garantissent\u00a0les droits de\u00a0r\u00e9union\u00a0pacifique\u00a0et de libert\u00e9\u00a0d\u2019association. Le\u00a0Comit\u00e9\u00a0des droits de\u00a0l\u2019homme\u00a0des Nations\u00a0Unies\u00a0a\u00a0pr\u00e9cis\u00e9\u00a0que\u00a0les interdictions\u00a0g\u00e9n\u00e9rales\u00a0ou\u00a0la dissolution\u00a0arbitraire\u00a0d\u2019organisations\u00a0constituent des violations de\u00a0ces\u00a0droits.<\/span><span data-ccp-props=\"{&quot;134233117&quot;:false,&quot;134233118&quot;:false,&quot;335559738&quot;:240,&quot;335559739&quot;:240}\">\u00a0<\/span><\/li>\n<\/ul>\n<ul>\n<li data-leveltext=\"\uf0b7\" data-font=\"Symbol\" data-listid=\"4\" data-list-defn-props=\"{&quot;335552541&quot;:1,&quot;335559685&quot;:720,&quot;335559991&quot;:360,&quot;469769226&quot;:&quot;Symbol&quot;,&quot;469769242&quot;:[8226],&quot;469777803&quot;:&quot;left&quot;,&quot;469777804&quot;:&quot;\uf0b7&quot;,&quot;469777815&quot;:&quot;hybridMultilevel&quot;}\" data-aria-posinset=\"3\" data-aria-level=\"1\"><span data-contrast=\"auto\">La\u00a0Charte\u00a0africaine\u00a0de la\u00a0d\u00e9mocratie, des\u00a0\u00e9lections\u00a0et de la\u00a0gouvernance, qui oblige les \u00c9tats parties \u00e0\u00a0promouvoir\u00a0la participation, la\u00a0transparence\u00a0et le\u00a0r\u00f4le\u00a0de la soci\u00e9t\u00e9 civile dans les processus de\u00a0gouvernance.<\/span><span data-ccp-props=\"{&quot;134233117&quot;:false,&quot;134233118&quot;:false,&quot;335559738&quot;:240,&quot;335559739&quot;:240}\">\u00a0<\/span><\/li>\n<\/ul>\n<ul>\n<li data-leveltext=\"\uf0b7\" data-font=\"Symbol\" data-listid=\"4\" data-list-defn-props=\"{&quot;335552541&quot;:1,&quot;335559685&quot;:720,&quot;335559991&quot;:360,&quot;469769226&quot;:&quot;Symbol&quot;,&quot;469769242&quot;:[8226],&quot;469777803&quot;:&quot;left&quot;,&quot;469777804&quot;:&quot;\uf0b7&quot;,&quot;469777815&quot;:&quot;hybridMultilevel&quot;}\" data-aria-posinset=\"4\" data-aria-level=\"1\"><span data-contrast=\"auto\">La\u00a0D\u00e9claration\u00a0des Nations\u00a0Unies\u00a0sur les\u00a0d\u00e9fenseurs\u00a0des droits de\u00a0l\u2019homme, qui\u00a0reconna\u00eet\u00a0le droit des\u00a0individus\u00a0et des\u00a0groupes\u00a0de\u00a0cr\u00e9er,\u00a0rejoindre\u00a0et faire\u00a0fonctionner\u00a0des organisations\u00a0\u0153uvrant\u00a0pour la promotion et la protection des droits\u00a0humains.<\/span><span data-ccp-props=\"{&quot;134233117&quot;:false,&quot;134233118&quot;:false,&quot;335559738&quot;:240,&quot;335559739&quot;:240}\">\u00a0<\/span><\/li>\n<\/ul>\n<p><span data-contrast=\"auto\">En\u00a0outre, les actions des\u00a0autorit\u00e9s\u00a0burkinab\u00e8\u00a0semblent\u00a0incompatibles avec les\u00a0normes\u00a0\u00e9tablies\u00a0par la Cour\u00a0africaine\u00a0des droits de\u00a0l\u2019homme\u00a0et des\u00a0peuples\u00a0ainsi\u00a0qu\u2019avec\u00a0les\u00a0lignes\u00a0directrices\u00a0adopt\u00e9es\u00a0par la Commission\u00a0africaine\u00a0des droits de\u00a0l\u2019homme\u00a0et des\u00a0peuples\u00a0en\u00a0mati\u00e8re de protection de\u00a0l\u2019espace\u00a0civique\u00a0et des\u00a0d\u00e9fenseurs\u00a0des droits\u00a0humains.<\/span><span data-ccp-props=\"{&quot;134233117&quot;:false,&quot;134233118&quot;:false,&quot;335559738&quot;:240,&quot;335559739&quot;:240}\">\u00a0<\/span><\/p>\n<p><span data-contrast=\"auto\">Le CFJ\u00a0souligne\u00a0que\u00a0les\u00a0pr\u00e9occupations\u00a0li\u00e9es\u00a0\u00e0 la s\u00e9curit\u00e9\u00a0nationale\u00a0ne\u00a0doivent\u00a0pas\u00a0\u00eatre\u00a0utilis\u00e9es\u00a0comme\u00a0pr\u00e9texte\u00a0pour\u00a0r\u00e9duire\u00a0au silence la dissidence\u00a0ou\u00a0d\u00e9manteler\u00a0les\u00a0activit\u00e9s\u00a0l\u00e9gitimes\u00a0de la soci\u00e9t\u00e9 civile. Toute\u00a0mesure\u00a0r\u00e9glementaire\u00a0visant\u00a0les ONG doit respecter les principes de\u00a0l\u00e9galit\u00e9, de\u00a0n\u00e9cessit\u00e9\u00a0et de\u00a0proportionnalit\u00e9\u00a0consacr\u00e9s\u00a0par le droit international des droits\u00a0humains.<\/span><span data-ccp-props=\"{&quot;134233117&quot;:false,&quot;134233118&quot;:false,&quot;335559738&quot;:240,&quot;335559739&quot;:240}\">\u00a0<\/span><\/p>\n<p><b><span data-contrast=\"auto\">Nous\u00a0appelons\u00a0les\u00a0autorit\u00e9s\u00a0du Burkina Faso\u00a0\u00e0 :<\/span><\/b><span data-ccp-props=\"{&quot;134233117&quot;:false,&quot;134233118&quot;:false,&quot;335559738&quot;:240,&quot;335559739&quot;:240}\">\u00a0<\/span><\/p>\n<ul>\n<li data-leveltext=\"\uf0b7\" data-font=\"Symbol\" data-listid=\"5\" data-list-defn-props=\"{&quot;335552541&quot;:1,&quot;335559685&quot;:720,&quot;335559991&quot;:360,&quot;469769226&quot;:&quot;Symbol&quot;,&quot;469769242&quot;:[8226],&quot;469777803&quot;:&quot;left&quot;,&quot;469777804&quot;:&quot;\uf0b7&quot;,&quot;469777815&quot;:&quot;hybridMultilevel&quot;}\" data-aria-posinset=\"1\" data-aria-level=\"1\"><span data-contrast=\"auto\">Annuler\u00a0imm\u00e9diatement\u00a0la dissolution des organisations\u00a0concern\u00e9es\u00a0et\u00a0r\u00e9tablir\u00a0leur\u00a0statut\u00a0l\u00e9gal\u00a0;<\/span><span data-ccp-props=\"{&quot;134233117&quot;:false,&quot;134233118&quot;:false,&quot;335559738&quot;:240,&quot;335559739&quot;:240}\">\u00a0<\/span><\/li>\n<\/ul>\n<ul>\n<li data-leveltext=\"\uf0b7\" data-font=\"Symbol\" data-listid=\"5\" data-list-defn-props=\"{&quot;335552541&quot;:1,&quot;335559685&quot;:720,&quot;335559991&quot;:360,&quot;469769226&quot;:&quot;Symbol&quot;,&quot;469769242&quot;:[8226],&quot;469777803&quot;:&quot;left&quot;,&quot;469777804&quot;:&quot;\uf0b7&quot;,&quot;469777815&quot;:&quot;hybridMultilevel&quot;}\" data-aria-posinset=\"2\" data-aria-level=\"1\"><span data-contrast=\"auto\">Veiller\u00a0\u00e0\u00a0ce\u00a0que\u00a0toute restriction\u00a0impos\u00e9e\u00a0\u00e0 la soci\u00e9t\u00e9 civile soit\u00a0strictement\u00a0conforme\u00a0aux obligations\u00a0internationales\u00a0en\u00a0mati\u00e8re de droits\u00a0humains\u00a0;<\/span><span data-ccp-props=\"{&quot;134233117&quot;:false,&quot;134233118&quot;:false,&quot;335559738&quot;:240,&quot;335559739&quot;:240}\">\u00a0<\/span><\/li>\n<\/ul>\n<ul>\n<li data-leveltext=\"\uf0b7\" data-font=\"Symbol\" data-listid=\"5\" data-list-defn-props=\"{&quot;335552541&quot;:1,&quot;335559685&quot;:720,&quot;335559991&quot;:360,&quot;469769226&quot;:&quot;Symbol&quot;,&quot;469769242&quot;:[8226],&quot;469777803&quot;:&quot;left&quot;,&quot;469777804&quot;:&quot;\uf0b7&quot;,&quot;469777815&quot;:&quot;hybridMultilevel&quot;}\" data-aria-posinset=\"3\" data-aria-level=\"1\"><span data-contrast=\"auto\">Garantir\u00a0la protection des\u00a0d\u00e9fenseurs\u00a0des droits\u00a0humains\u00a0et des\u00a0acteurs\u00a0de la soci\u00e9t\u00e9 civile\u00a0contre\u00a0toute\u00a0forme\u00a0de\u00a0harc\u00e8lement,\u00a0d\u2019intimidation\u00a0ou\u00a0de\u00a0repr\u00e9sailles\u00a0;<\/span><span data-ccp-props=\"{&quot;134233117&quot;:false,&quot;134233118&quot;:false,&quot;335559738&quot;:240,&quot;335559739&quot;:240}\">\u00a0<\/span><\/li>\n<\/ul>\n<ul>\n<li data-leveltext=\"\uf0b7\" data-font=\"Symbol\" data-listid=\"5\" data-list-defn-props=\"{&quot;335552541&quot;:1,&quot;335559685&quot;:720,&quot;335559991&quot;:360,&quot;469769226&quot;:&quot;Symbol&quot;,&quot;469769242&quot;:[8226],&quot;469777803&quot;:&quot;left&quot;,&quot;469777804&quot;:&quot;\uf0b7&quot;,&quot;469777815&quot;:&quot;hybridMultilevel&quot;}\" data-aria-posinset=\"4\" data-aria-level=\"1\"><span data-contrast=\"auto\">Engager un dialogue\u00a0constructif\u00a0avec les\u00a0m\u00e9canismes\u00a0r\u00e9gionaux\u00a0et\u00a0internationaux\u00a0des droits\u00a0humains,\u00a0notamment\u00a0la Commission\u00a0africaine\u00a0des droits de\u00a0l\u2019homme\u00a0et des\u00a0peuples.<\/span><span data-ccp-props=\"{&quot;134233117&quot;:false,&quot;134233118&quot;:false,&quot;335559738&quot;:240,&quot;335559739&quot;:240}\">\u00a0<\/span><\/li>\n<\/ul>\n<p><b><span data-contrast=\"auto\">Nous\u00a0appelons\u00a0en\u00a0outre\u00a0:<\/span><\/b><span data-ccp-props=\"{&quot;134233117&quot;:false,&quot;134233118&quot;:false,&quot;335559738&quot;:240,&quot;335559739&quot;:240}\">\u00a0<\/span><\/p>\n<ul>\n<li data-leveltext=\"\uf0b7\" data-font=\"Symbol\" data-listid=\"6\" data-list-defn-props=\"{&quot;335552541&quot;:1,&quot;335559685&quot;:720,&quot;335559991&quot;:360,&quot;469769226&quot;:&quot;Symbol&quot;,&quot;469769242&quot;:[8226],&quot;469777803&quot;:&quot;left&quot;,&quot;469777804&quot;:&quot;\uf0b7&quot;,&quot;469777815&quot;:&quot;hybridMultilevel&quot;}\" data-aria-posinset=\"1\" data-aria-level=\"1\"><span data-contrast=\"auto\">La\u00a0Communaut\u00e9\u00a0\u00e9conomique des \u00c9tats de\u00a0l\u2019Afrique\u00a0de\u00a0l\u2019Ouest\u00a0(CEDEAO),\u00a0l\u2019Union\u00a0africaine,\u00a0ainsi\u00a0que\u00a0la\u00a0communaut\u00e9\u00a0internationale\u00a0\u00e0\u00a0agir\u00a0de toute urgence face \u00e0\u00a0cette\u00a0situation et \u00e0\u00a0exercer\u00a0des pressions pour la protection de\u00a0l\u2019espace\u00a0civique\u00a0au Burkina\u00a0Faso ;<\/span><span data-ccp-props=\"{&quot;134233117&quot;:false,&quot;134233118&quot;:false,&quot;335559738&quot;:240,&quot;335559739&quot;:240}\">\u00a0<\/span><\/li>\n<\/ul>\n<ul>\n<li data-leveltext=\"\uf0b7\" data-font=\"Symbol\" data-listid=\"6\" data-list-defn-props=\"{&quot;335552541&quot;:1,&quot;335559685&quot;:720,&quot;335559991&quot;:360,&quot;469769226&quot;:&quot;Symbol&quot;,&quot;469769242&quot;:[8226],&quot;469777803&quot;:&quot;left&quot;,&quot;469777804&quot;:&quot;\uf0b7&quot;,&quot;469777815&quot;:&quot;hybridMultilevel&quot;}\" data-aria-posinset=\"2\" data-aria-level=\"1\"><span data-contrast=\"auto\">Le Rapporteur\u00a0sp\u00e9cial\u00a0des Nations\u00a0Unies\u00a0sur les droits \u00e0 la libert\u00e9 de\u00a0r\u00e9union\u00a0pacifique\u00a0et\u00a0d\u2019association\u00a0\u00e0\u00a0enqu\u00eater\u00a0sur\u00a0ces\u00a0d\u00e9veloppements\u00a0et \u00e0 y\u00a0r\u00e9pondre\u00a0publiquement.<\/span><span data-ccp-props=\"{&quot;134233117&quot;:false,&quot;134233118&quot;:false,&quot;335559738&quot;:240,&quot;335559739&quot;:240}\">\u00a0<\/span><\/li>\n<\/ul>\n<p><span data-contrast=\"auto\">La\u00a0r\u00e9duction\u00a0de\u00a0l\u2019espace\u00a0civique\u00a0au Burkina Faso\u00a0risque\u00a0de\u00a0compromettre\u00a0non\u00a0seulement\u00a0les droits\u00a0humains,\u00a0mais\u00a0aussi\u00a0la\u00a0paix\u00a0durable, la\u00a0stabilit\u00e9\u00a0et\u00a0une\u00a0gouvernance\u00a0inclusive dans le pays.<\/span><span data-ccp-props=\"{&quot;134233117&quot;:false,&quot;134233118&quot;:false,&quot;335559738&quot;:240,&quot;335559739&quot;:240}\">\u00a0<\/span><\/p>\n","protected":false},"excerpt":{"rendered":"<p>Le\u00a0Comit\u00e9\u00a0pour la Justice (CFJ)\u00a0condamne\u00a0fermement\u00a0la dissolution\u00a0signal\u00e9e\u00a0de plus de 100 organisations non\u00a0gouvernementales\u00a0(ONG) et\u00a0groupes\u00a0de la soci\u00e9t\u00e9 civile par les\u00a0autorit\u00e9s\u00a0du Burkina Faso. Cette\u00a0mesure\u00a0de grande\u00a0ampleur\u00a0constitue\u00a0une\u00a0grave\u00a0atteinte\u00a0\u00e0\u00a0l\u2019espace\u00a0civique\u00a0et\u00a0une\u00a0violation\u00a0directe\u00a0des droits\u00a0humains\u00a0fondamentaux,\u00a0notamment\u00a0les droits \u00e0 la libert\u00e9\u00a0d\u2019association,\u00a0d\u2019expression\u00a0et de participation \u00e0 la vie\u00a0publique.\u00a0 [&hellip;]<\/p>\n","protected":false},"author":962,"featured_media":55020,"comment_status":"closed","ping_status":"closed","sticky":false,"template":"","format":"standard","meta":{"_monsterinsights_skip_tracking":false,"_monsterinsights_sitenote_active":false,"_monsterinsights_sitenote_note":"","_monsterinsights_sitenote_category":0,"_price":"","_stock":"","_tribe_ticket_header":"","_tribe_default_ticket_provider":"","_tribe_ticket_capacity":"","_ticket_start_date":"","_ticket_end_date":"","_tribe_ticket_show_description":"","_tribe_ticket_show_not_going":false,"_tribe_ticket_use_global_stock":"","_tribe_ticket_global_stock_level":"","_global_stock_mode":"","_global_stock_cap":"","_tribe_rsvp_for_event":"","_tribe_ticket_going_count":"","_tribe_ticket_not_going_count":"","_tribe_tickets_list":"[]","_tribe_ticket_has_attendee_info_fields":false,"footnotes":""},"categories":[1020],"tags":[],"countries":[934],"cases":[],"writer":[],"coalitions":[],"class_list":["post-55022","post","type-post","status-publish","format-standard","has-post-thumbnail","hentry","category-communiques-de-presse","countries-burkina-faso-2","has-post-title","has-post-date","has-post-category","has-post-tag","has-post-comment","has-post-author",""],"yoast_head":"<!-- This site is optimized with the Yoast SEO plugin v27.4 - https:\/\/yoast.com\/product\/yoast-seo-wordpress\/ -->\n<title>Condamnation\u00a0de la dissolution\u00a0d\u2019organisations\u00a0de la soci\u00e9t\u00e9 civile au Burkina Faso\u00a0 - Committee for Justice<\/title>\n<meta name=\"description\" content=\"Condamnation\u00a0de la dissolution\u00a0d\u2019organisations\u00a0de la soci\u00e9t\u00e9 civile au Burkina Faso\u00a0\" \/>\n<meta name=\"robots\" content=\"index, follow, max-snippet:-1, max-image-preview:large, max-video-preview:-1\" \/>\n<link rel=\"canonical\" href=\"https:\/\/www.cfjustice.org\/fr\/condamnation-de-la-dissolution-dorganisations-de-la-societe-civile-au-burkina-faso\/\" \/>\n<meta property=\"og:locale\" content=\"fr_FR\" \/>\n<meta property=\"og:type\" content=\"article\" \/>\n<meta property=\"og:title\" content=\"Condamnation\u00a0de la dissolution\u00a0d\u2019organisations\u00a0de la soci\u00e9t\u00e9 civile au Burkina Faso\u00a0 - Committee for Justice\" \/>\n<meta property=\"og:description\" content=\"Condamnation\u00a0de la dissolution\u00a0d\u2019organisations\u00a0de la soci\u00e9t\u00e9 civile au Burkina Faso\u00a0\" \/>\n<meta property=\"og:url\" content=\"https:\/\/www.cfjustice.org\/fr\/condamnation-de-la-dissolution-dorganisations-de-la-societe-civile-au-burkina-faso\/\" \/>\n<meta property=\"og:site_name\" content=\"Committee for Justice\" \/>\n<meta property=\"article:publisher\" content=\"https:\/\/www.facebook.com\/cfjusticeorg\" \/>\n<meta property=\"article:published_time\" content=\"2026-04-26T17:50:06+00:00\" \/>\n<meta property=\"og:image\" content=\"https:\/\/www.cfjustice.org\/wp-content\/uploads\/2026\/04\/ChatGPT-Image-Apr-26-2026-06_47_34-PM.avif\" \/>\n\t<meta property=\"og:image:width\" content=\"1774\" \/>\n\t<meta property=\"og:image:height\" content=\"887\" \/>\n\t<meta property=\"og:image:type\" content=\"image\/png\" \/>\n<meta name=\"author\" content=\"mmurad\" \/>\n<meta name=\"twitter:card\" content=\"summary_large_image\" \/>\n<meta name=\"twitter:creator\" content=\"@cfjusticeorg\" \/>\n<meta name=\"twitter:site\" content=\"@cfjusticeorg\" \/>\n<meta name=\"twitter:label1\" content=\"\u00c9crit par\" \/>\n\t<meta name=\"twitter:data1\" content=\"mmurad\" \/>\n\t<meta name=\"twitter:label2\" content=\"Dur\u00e9e de lecture estim\u00e9e\" \/>\n\t<meta name=\"twitter:data2\" content=\"4 minutes\" \/>\n<script type=\"application\/ld+json\" class=\"yoast-schema-graph\">{\"@context\":\"https:\\\/\\\/schema.org\",\"@graph\":[{\"@type\":\"Article\",\"@id\":\"https:\\\/\\\/www.cfjustice.org\\\/fr\\\/condamnation-de-la-dissolution-dorganisations-de-la-societe-civile-au-burkina-faso\\\/#article\",\"isPartOf\":{\"@id\":\"https:\\\/\\\/www.cfjustice.org\\\/fr\\\/condamnation-de-la-dissolution-dorganisations-de-la-societe-civile-au-burkina-faso\\\/\"},\"author\":{\"name\":\"mmurad\",\"@id\":\"https:\\\/\\\/www.cfjustice.org\\\/fr\\\/#\\\/schema\\\/person\\\/bb556c12ed41de17b43b26af15865af9\"},\"headline\":\"Condamnation\u00a0de la dissolution\u00a0d\u2019organisations\u00a0de la soci\u00e9t\u00e9 civile au Burkina Faso\u00a0\",\"datePublished\":\"2026-04-26T17:50:06+00:00\",\"mainEntityOfPage\":{\"@id\":\"https:\\\/\\\/www.cfjustice.org\\\/fr\\\/condamnation-de-la-dissolution-dorganisations-de-la-societe-civile-au-burkina-faso\\\/\"},\"wordCount\":730,\"publisher\":{\"@id\":\"https:\\\/\\\/www.cfjustice.org\\\/fr\\\/#organization\"},\"image\":{\"@id\":\"https:\\\/\\\/www.cfjustice.org\\\/fr\\\/condamnation-de-la-dissolution-dorganisations-de-la-societe-civile-au-burkina-faso\\\/#primaryimage\"},\"thumbnailUrl\":\"https:\\\/\\\/www.cfjustice.org\\\/wp-content\\\/uploads\\\/2026\\\/04\\\/ChatGPT-Image-Apr-26-2026-06_47_34-PM.avif\",\"articleSection\":[\"Communiqu\u00e9s de presse\"],\"inLanguage\":\"fr-FR\"},{\"@type\":\"WebPage\",\"@id\":\"https:\\\/\\\/www.cfjustice.org\\\/fr\\\/condamnation-de-la-dissolution-dorganisations-de-la-societe-civile-au-burkina-faso\\\/\",\"url\":\"https:\\\/\\\/www.cfjustice.org\\\/fr\\\/condamnation-de-la-dissolution-dorganisations-de-la-societe-civile-au-burkina-faso\\\/\",\"name\":\"Condamnation\u00a0de la dissolution\u00a0d\u2019organisations\u00a0de la soci\u00e9t\u00e9 civile au Burkina Faso\u00a0 - Committee for Justice\",\"isPartOf\":{\"@id\":\"https:\\\/\\\/www.cfjustice.org\\\/fr\\\/#website\"},\"primaryImageOfPage\":{\"@id\":\"https:\\\/\\\/www.cfjustice.org\\\/fr\\\/condamnation-de-la-dissolution-dorganisations-de-la-societe-civile-au-burkina-faso\\\/#primaryimage\"},\"image\":{\"@id\":\"https:\\\/\\\/www.cfjustice.org\\\/fr\\\/condamnation-de-la-dissolution-dorganisations-de-la-societe-civile-au-burkina-faso\\\/#primaryimage\"},\"thumbnailUrl\":\"https:\\\/\\\/www.cfjustice.org\\\/wp-content\\\/uploads\\\/2026\\\/04\\\/ChatGPT-Image-Apr-26-2026-06_47_34-PM.avif\",\"datePublished\":\"2026-04-26T17:50:06+00:00\",\"description\":\"Condamnation\u00a0de la dissolution\u00a0d\u2019organisations\u00a0de la soci\u00e9t\u00e9 civile au Burkina Faso\u00a0\",\"breadcrumb\":{\"@id\":\"https:\\\/\\\/www.cfjustice.org\\\/fr\\\/condamnation-de-la-dissolution-dorganisations-de-la-societe-civile-au-burkina-faso\\\/#breadcrumb\"},\"inLanguage\":\"fr-FR\",\"potentialAction\":[{\"@type\":\"ReadAction\",\"target\":[\"https:\\\/\\\/www.cfjustice.org\\\/fr\\\/condamnation-de-la-dissolution-dorganisations-de-la-societe-civile-au-burkina-faso\\\/\"]}]},{\"@type\":\"ImageObject\",\"inLanguage\":\"fr-FR\",\"@id\":\"https:\\\/\\\/www.cfjustice.org\\\/fr\\\/condamnation-de-la-dissolution-dorganisations-de-la-societe-civile-au-burkina-faso\\\/#primaryimage\",\"url\":\"https:\\\/\\\/www.cfjustice.org\\\/wp-content\\\/uploads\\\/2026\\\/04\\\/ChatGPT-Image-Apr-26-2026-06_47_34-PM.avif\",\"contentUrl\":\"https:\\\/\\\/www.cfjustice.org\\\/wp-content\\\/uploads\\\/2026\\\/04\\\/ChatGPT-Image-Apr-26-2026-06_47_34-PM.avif\",\"width\":1774,\"height\":887,\"caption\":\"Condemnation of the Dissolution of Civil Society Organisations in Burkina Faso\u00a0\"},{\"@type\":\"BreadcrumbList\",\"@id\":\"https:\\\/\\\/www.cfjustice.org\\\/fr\\\/condamnation-de-la-dissolution-dorganisations-de-la-societe-civile-au-burkina-faso\\\/#breadcrumb\",\"itemListElement\":[{\"@type\":\"ListItem\",\"position\":1,\"name\":\"Home\",\"item\":\"https:\\\/\\\/www.cfjustice.org\\\/fr\\\/\"},{\"@type\":\"ListItem\",\"position\":2,\"name\":\"Condamnation\u00a0de la dissolution\u00a0d\u2019organisations\u00a0de la soci\u00e9t\u00e9 civile au Burkina Faso\u00a0\"}]},{\"@type\":\"WebSite\",\"@id\":\"https:\\\/\\\/www.cfjustice.org\\\/fr\\\/#website\",\"url\":\"https:\\\/\\\/www.cfjustice.org\\\/fr\\\/\",\"name\":\"Committee for Justice\",\"description\":\"We are working to achieve justice\",\"publisher\":{\"@id\":\"https:\\\/\\\/www.cfjustice.org\\\/fr\\\/#organization\"},\"alternateName\":\"CFJ\",\"potentialAction\":[{\"@type\":\"SearchAction\",\"target\":{\"@type\":\"EntryPoint\",\"urlTemplate\":\"https:\\\/\\\/www.cfjustice.org\\\/fr\\\/?s={search_term_string}\"},\"query-input\":{\"@type\":\"PropertyValueSpecification\",\"valueRequired\":true,\"valueName\":\"search_term_string\"}}],\"inLanguage\":\"fr-FR\"},{\"@type\":\"Organization\",\"@id\":\"https:\\\/\\\/www.cfjustice.org\\\/fr\\\/#organization\",\"name\":\"Committee for Justice\",\"url\":\"https:\\\/\\\/www.cfjustice.org\\\/fr\\\/\",\"logo\":{\"@type\":\"ImageObject\",\"inLanguage\":\"fr-FR\",\"@id\":\"https:\\\/\\\/www.cfjustice.org\\\/fr\\\/#\\\/schema\\\/logo\\\/image\\\/\",\"url\":\"https:\\\/\\\/www.cfjustice.org\\\/wp-content\\\/uploads\\\/2023\\\/10\\\/logo-1.svg\",\"contentUrl\":\"https:\\\/\\\/www.cfjustice.org\\\/wp-content\\\/uploads\\\/2023\\\/10\\\/logo-1.svg\",\"width\":1,\"height\":1,\"caption\":\"Committee for Justice\"},\"image\":{\"@id\":\"https:\\\/\\\/www.cfjustice.org\\\/fr\\\/#\\\/schema\\\/logo\\\/image\\\/\"},\"sameAs\":[\"https:\\\/\\\/www.facebook.com\\\/cfjusticeorg\",\"https:\\\/\\\/x.com\\\/cfjusticeorg\",\"https:\\\/\\\/www.linkedin.com\\\/company\\\/cfjustice\\\/\",\"https:\\\/\\\/www.youtube.com\\\/channel\\\/UCQdBw5-F5Z80xtts8UqRRqQ\",\"https:\\\/\\\/www.instagram.com\\\/cfjusticeorg\"]},{\"@type\":\"Person\",\"@id\":\"https:\\\/\\\/www.cfjustice.org\\\/fr\\\/#\\\/schema\\\/person\\\/bb556c12ed41de17b43b26af15865af9\",\"name\":\"mmurad\",\"image\":{\"@type\":\"ImageObject\",\"inLanguage\":\"fr-FR\",\"@id\":\"https:\\\/\\\/secure.gravatar.com\\\/avatar\\\/b01b45168573d27abfd52e48a08122adff6e2dd698a45002db0e5b672be19a34?s=96&d=mm&r=g\",\"url\":\"https:\\\/\\\/secure.gravatar.com\\\/avatar\\\/b01b45168573d27abfd52e48a08122adff6e2dd698a45002db0e5b672be19a34?s=96&d=mm&r=g\",\"contentUrl\":\"https:\\\/\\\/secure.gravatar.com\\\/avatar\\\/b01b45168573d27abfd52e48a08122adff6e2dd698a45002db0e5b672be19a34?s=96&d=mm&r=g\",\"caption\":\"mmurad\"},\"url\":\"https:\\\/\\\/www.cfjustice.org\\\/fr\\\/author\\\/mmurad\\\/\"}]}<\/script>\n<!-- \/ Yoast SEO plugin. -->","yoast_head_json":{"title":"Condamnation\u00a0de la dissolution\u00a0d\u2019organisations\u00a0de la soci\u00e9t\u00e9 civile au Burkina Faso\u00a0 - Committee for Justice","description":"Condamnation\u00a0de la dissolution\u00a0d\u2019organisations\u00a0de la soci\u00e9t\u00e9 civile au Burkina Faso\u00a0","robots":{"index":"index","follow":"follow","max-snippet":"max-snippet:-1","max-image-preview":"max-image-preview:large","max-video-preview":"max-video-preview:-1"},"canonical":"https:\/\/www.cfjustice.org\/fr\/condamnation-de-la-dissolution-dorganisations-de-la-societe-civile-au-burkina-faso\/","og_locale":"fr_FR","og_type":"article","og_title":"Condamnation\u00a0de la dissolution\u00a0d\u2019organisations\u00a0de la soci\u00e9t\u00e9 civile au Burkina Faso\u00a0 - Committee for Justice","og_description":"Condamnation\u00a0de la dissolution\u00a0d\u2019organisations\u00a0de la soci\u00e9t\u00e9 civile au Burkina Faso\u00a0","og_url":"https:\/\/www.cfjustice.org\/fr\/condamnation-de-la-dissolution-dorganisations-de-la-societe-civile-au-burkina-faso\/","og_site_name":"Committee for Justice","article_publisher":"https:\/\/www.facebook.com\/cfjusticeorg","article_published_time":"2026-04-26T17:50:06+00:00","og_image":[{"width":1774,"height":887,"url":"https:\/\/www.cfjustice.org\/wp-content\/uploads\/2026\/04\/ChatGPT-Image-Apr-26-2026-06_47_34-PM.avif","type":"image\/png"}],"author":"mmurad","twitter_card":"summary_large_image","twitter_creator":"@cfjusticeorg","twitter_site":"@cfjusticeorg","twitter_misc":{"\u00c9crit par":"mmurad","Dur\u00e9e de lecture estim\u00e9e":"4 minutes"},"schema":{"@context":"https:\/\/schema.org","@graph":[{"@type":"Article","@id":"https:\/\/www.cfjustice.org\/fr\/condamnation-de-la-dissolution-dorganisations-de-la-societe-civile-au-burkina-faso\/#article","isPartOf":{"@id":"https:\/\/www.cfjustice.org\/fr\/condamnation-de-la-dissolution-dorganisations-de-la-societe-civile-au-burkina-faso\/"},"author":{"name":"mmurad","@id":"https:\/\/www.cfjustice.org\/fr\/#\/schema\/person\/bb556c12ed41de17b43b26af15865af9"},"headline":"Condamnation\u00a0de la dissolution\u00a0d\u2019organisations\u00a0de la soci\u00e9t\u00e9 civile au Burkina Faso\u00a0","datePublished":"2026-04-26T17:50:06+00:00","mainEntityOfPage":{"@id":"https:\/\/www.cfjustice.org\/fr\/condamnation-de-la-dissolution-dorganisations-de-la-societe-civile-au-burkina-faso\/"},"wordCount":730,"publisher":{"@id":"https:\/\/www.cfjustice.org\/fr\/#organization"},"image":{"@id":"https:\/\/www.cfjustice.org\/fr\/condamnation-de-la-dissolution-dorganisations-de-la-societe-civile-au-burkina-faso\/#primaryimage"},"thumbnailUrl":"https:\/\/www.cfjustice.org\/wp-content\/uploads\/2026\/04\/ChatGPT-Image-Apr-26-2026-06_47_34-PM.avif","articleSection":["Communiqu\u00e9s de presse"],"inLanguage":"fr-FR"},{"@type":"WebPage","@id":"https:\/\/www.cfjustice.org\/fr\/condamnation-de-la-dissolution-dorganisations-de-la-societe-civile-au-burkina-faso\/","url":"https:\/\/www.cfjustice.org\/fr\/condamnation-de-la-dissolution-dorganisations-de-la-societe-civile-au-burkina-faso\/","name":"Condamnation\u00a0de la dissolution\u00a0d\u2019organisations\u00a0de la soci\u00e9t\u00e9 civile au Burkina Faso\u00a0 - Committee for Justice","isPartOf":{"@id":"https:\/\/www.cfjustice.org\/fr\/#website"},"primaryImageOfPage":{"@id":"https:\/\/www.cfjustice.org\/fr\/condamnation-de-la-dissolution-dorganisations-de-la-societe-civile-au-burkina-faso\/#primaryimage"},"image":{"@id":"https:\/\/www.cfjustice.org\/fr\/condamnation-de-la-dissolution-dorganisations-de-la-societe-civile-au-burkina-faso\/#primaryimage"},"thumbnailUrl":"https:\/\/www.cfjustice.org\/wp-content\/uploads\/2026\/04\/ChatGPT-Image-Apr-26-2026-06_47_34-PM.avif","datePublished":"2026-04-26T17:50:06+00:00","description":"Condamnation\u00a0de la dissolution\u00a0d\u2019organisations\u00a0de la soci\u00e9t\u00e9 civile au Burkina Faso\u00a0","breadcrumb":{"@id":"https:\/\/www.cfjustice.org\/fr\/condamnation-de-la-dissolution-dorganisations-de-la-societe-civile-au-burkina-faso\/#breadcrumb"},"inLanguage":"fr-FR","potentialAction":[{"@type":"ReadAction","target":["https:\/\/www.cfjustice.org\/fr\/condamnation-de-la-dissolution-dorganisations-de-la-societe-civile-au-burkina-faso\/"]}]},{"@type":"ImageObject","inLanguage":"fr-FR","@id":"https:\/\/www.cfjustice.org\/fr\/condamnation-de-la-dissolution-dorganisations-de-la-societe-civile-au-burkina-faso\/#primaryimage","url":"https:\/\/www.cfjustice.org\/wp-content\/uploads\/2026\/04\/ChatGPT-Image-Apr-26-2026-06_47_34-PM.avif","contentUrl":"https:\/\/www.cfjustice.org\/wp-content\/uploads\/2026\/04\/ChatGPT-Image-Apr-26-2026-06_47_34-PM.avif","width":1774,"height":887,"caption":"Condemnation of the Dissolution of Civil Society Organisations in Burkina Faso\u00a0"},{"@type":"BreadcrumbList","@id":"https:\/\/www.cfjustice.org\/fr\/condamnation-de-la-dissolution-dorganisations-de-la-societe-civile-au-burkina-faso\/#breadcrumb","itemListElement":[{"@type":"ListItem","position":1,"name":"Home","item":"https:\/\/www.cfjustice.org\/fr\/"},{"@type":"ListItem","position":2,"name":"Condamnation\u00a0de la dissolution\u00a0d\u2019organisations\u00a0de la soci\u00e9t\u00e9 civile au Burkina Faso\u00a0"}]},{"@type":"WebSite","@id":"https:\/\/www.cfjustice.org\/fr\/#website","url":"https:\/\/www.cfjustice.org\/fr\/","name":"Committee for Justice","description":"We are working to achieve justice","publisher":{"@id":"https:\/\/www.cfjustice.org\/fr\/#organization"},"alternateName":"CFJ","potentialAction":[{"@type":"SearchAction","target":{"@type":"EntryPoint","urlTemplate":"https:\/\/www.cfjustice.org\/fr\/?s={search_term_string}"},"query-input":{"@type":"PropertyValueSpecification","valueRequired":true,"valueName":"search_term_string"}}],"inLanguage":"fr-FR"},{"@type":"Organization","@id":"https:\/\/www.cfjustice.org\/fr\/#organization","name":"Committee for Justice","url":"https:\/\/www.cfjustice.org\/fr\/","logo":{"@type":"ImageObject","inLanguage":"fr-FR","@id":"https:\/\/www.cfjustice.org\/fr\/#\/schema\/logo\/image\/","url":"https:\/\/www.cfjustice.org\/wp-content\/uploads\/2023\/10\/logo-1.svg","contentUrl":"https:\/\/www.cfjustice.org\/wp-content\/uploads\/2023\/10\/logo-1.svg","width":1,"height":1,"caption":"Committee for Justice"},"image":{"@id":"https:\/\/www.cfjustice.org\/fr\/#\/schema\/logo\/image\/"},"sameAs":["https:\/\/www.facebook.com\/cfjusticeorg","https:\/\/x.com\/cfjusticeorg","https:\/\/www.linkedin.com\/company\/cfjustice\/","https:\/\/www.youtube.com\/channel\/UCQdBw5-F5Z80xtts8UqRRqQ","https:\/\/www.instagram.com\/cfjusticeorg"]},{"@type":"Person","@id":"https:\/\/www.cfjustice.org\/fr\/#\/schema\/person\/bb556c12ed41de17b43b26af15865af9","name":"mmurad","image":{"@type":"ImageObject","inLanguage":"fr-FR","@id":"https:\/\/secure.gravatar.com\/avatar\/b01b45168573d27abfd52e48a08122adff6e2dd698a45002db0e5b672be19a34?s=96&d=mm&r=g","url":"https:\/\/secure.gravatar.com\/avatar\/b01b45168573d27abfd52e48a08122adff6e2dd698a45002db0e5b672be19a34?s=96&d=mm&r=g","contentUrl":"https:\/\/secure.gravatar.com\/avatar\/b01b45168573d27abfd52e48a08122adff6e2dd698a45002db0e5b672be19a34?s=96&d=mm&r=g","caption":"mmurad"},"url":"https:\/\/www.cfjustice.org\/fr\/author\/mmurad\/"}]}},"_links":{"self":[{"href":"https:\/\/www.cfjustice.org\/fr\/wp-json\/wp\/v2\/posts\/55022","targetHints":{"allow":["GET"]}}],"collection":[{"href":"https:\/\/www.cfjustice.org\/fr\/wp-json\/wp\/v2\/posts"}],"about":[{"href":"https:\/\/www.cfjustice.org\/fr\/wp-json\/wp\/v2\/types\/post"}],"author":[{"embeddable":true,"href":"https:\/\/www.cfjustice.org\/fr\/wp-json\/wp\/v2\/users\/962"}],"replies":[{"embeddable":true,"href":"https:\/\/www.cfjustice.org\/fr\/wp-json\/wp\/v2\/comments?post=55022"}],"version-history":[{"count":0,"href":"https:\/\/www.cfjustice.org\/fr\/wp-json\/wp\/v2\/posts\/55022\/revisions"}],"wp:featuredmedia":[{"embeddable":true,"href":"https:\/\/www.cfjustice.org\/fr\/wp-json\/wp\/v2\/media\/55020"}],"wp:attachment":[{"href":"https:\/\/www.cfjustice.org\/fr\/wp-json\/wp\/v2\/media?parent=55022"}],"wp:term":[{"taxonomy":"category","embeddable":true,"href":"https:\/\/www.cfjustice.org\/fr\/wp-json\/wp\/v2\/categories?post=55022"},{"taxonomy":"post_tag","embeddable":true,"href":"https:\/\/www.cfjustice.org\/fr\/wp-json\/wp\/v2\/tags?post=55022"},{"taxonomy":"countries","embeddable":true,"href":"https:\/\/www.cfjustice.org\/fr\/wp-json\/wp\/v2\/countries?post=55022"},{"taxonomy":"cases","embeddable":true,"href":"https:\/\/www.cfjustice.org\/fr\/wp-json\/wp\/v2\/cases?post=55022"},{"taxonomy":"writer","embeddable":true,"href":"https:\/\/www.cfjustice.org\/fr\/wp-json\/wp\/v2\/writer?post=55022"},{"taxonomy":"coalitions","embeddable":true,"href":"https:\/\/www.cfjustice.org\/fr\/wp-json\/wp\/v2\/coalitions?post=55022"}],"curies":[{"name":"wp","href":"https:\/\/api.w.org\/{rel}","templated":true}]}}