{"id":54286,"date":"2026-03-12T08:10:29","date_gmt":"2026-03-12T07:10:29","guid":{"rendered":"https:\/\/www.cfjustice.org\/le-comite-pour-la-justice-cfj-appelle-a-la-fin-de-linstrumentalisation-des-lois-antiterroristes-pour-reprimer-laction-syndicale-et-la-liberte-dexpression-en-algerie\/"},"modified":"2026-03-12T08:10:29","modified_gmt":"2026-03-12T07:10:29","slug":"le-comite-pour-la-justice-cfj-appelle-a-la-fin-de-linstrumentalisation-des-lois-antiterroristes-pour-reprimer-laction-syndicale-et-la-liberte-dexpression-en-algerie","status":"publish","type":"post","link":"https:\/\/www.cfjustice.org\/fr\/le-comite-pour-la-justice-cfj-appelle-a-la-fin-de-linstrumentalisation-des-lois-antiterroristes-pour-reprimer-laction-syndicale-et-la-liberte-dexpression-en-algerie\/","title":{"rendered":"Le Comit\u00e9 pour la Justice (CFJ) appelle \u00e0 la fin de l\u2019instrumentalisation des lois antiterroristes pour r\u00e9primer l\u2019action syndicale et la libert\u00e9 d\u2019expression en Alg\u00e9rie"},"content":{"rendered":"<p>Le <strong>Comit\u00e9 pour la Justice (Committee for Justice)<\/strong> exprime sa vive pr\u00e9occupation face \u00e0 l&rsquo;escalade syst\u00e9matique de l&rsquo;utilisation de la l\u00e9gislation antiterroriste comme outil ciblant les acteurs de la soci\u00e9t\u00e9 civile, les syndicalistes et les d\u00e9fenseurs des droits humains. Le Comit\u00e9 souligne que les affaires r\u00e9centes, notamment les poursuites engag\u00e9es contre le syndicaliste Ali Mammeri et le po\u00e8te Mohamed Tadjadit, refl\u00e8tent un sch\u00e9ma alarmant de violations portant atteinte \u00e0 l&rsquo;essence m\u00eame des droits et libert\u00e9s garantis par la Constitution et les trait\u00e9s internationaux.<\/p>\n<p>Le <strong>Comit\u00e9 pour la Justice (CFJ)<\/strong> consid\u00e8re que la condamnation du syndicaliste Ali Mammeri \u00e0 de lourdes peines privatives de libert\u00e9, sur la base d&rsquo;accusations vagues en vertu de l&rsquo;article 87 bis du Code p\u00e9nal, constitue une attaque directe contre le droit \u00e0 l&rsquo;organisation syndicale. Le Comit\u00e9 insiste sur la gravit\u00e9 des informations rapport\u00e9es concernant ses conditions de d\u00e9tention, y compris les all\u00e9gations de disparition forc\u00e9e temporaire et de pressions physiques et psychologiques durant sa garde \u00e0 vue, ce qui repr\u00e9sente une violation flagrante des garanties d&rsquo;un proc\u00e8s \u00e9quitable et de la s\u00e9curit\u00e9 des d\u00e9tenus.<\/p>\n<p>Dans le m\u00eame contexte, le Comit\u00e9 exprime sa profonde inqui\u00e9tude face \u00e0 la poursuite du harc\u00e8lement judiciaire contre le po\u00e8te Mohamed Tadjadit et \u00e0 la requalification criminelle des chefs d&rsquo;accusation pesant sur lui, l&rsquo;exposant \u00e0 des peines d&rsquo;une extr\u00eame gravit\u00e9. La pers\u00e9cution des cr\u00e9ateurs et des po\u00e8tes en raison de leur production intellectuelle et litt\u00e9raire consacre un climat d&rsquo;intimidation et confisque le droit \u00e0 la libert\u00e9 d&rsquo;opinion et d&rsquo;expression.<\/p>\n<p>Le <strong>Comit\u00e9 pour la Justice (CFJ)<\/strong> attire \u00e9galement l&rsquo;attention sur la dangerosit\u00e9 juridique des r\u00e9centes modifications l\u00e9gislatives relatives au Code de proc\u00e9dure p\u00e9nale, notamment en ce qui concerne l&rsquo;interdiction de sortie du territoire (ISTN), le gel des avoirs et l&rsquo;inscription d&rsquo;individus sur des listes terroristes sans contr\u00f4le judiciaire effectif et ind\u00e9pendant. L&rsquo;absence de proportionnalit\u00e9 et de n\u00e9cessit\u00e9 dans ces mesures transforme les dispositions administratives et judiciaires en outils de punition collective et de repr\u00e9sailles politiques.<\/p>\n<p>Le <strong>Comit\u00e9 pour la Justice (CFJ)<\/strong> appelle les autorit\u00e9s \u00e0 r\u00e9viser imp\u00e9rativement la l\u00e9gislation antiterroriste afin de garantir qu&rsquo;elle ne soit pas utilis\u00e9e pour criminaliser des actions pacifiques et l\u00e9gitimes. Il appelle \u00e9galement \u00e0 la lib\u00e9ration imm\u00e9diate de tous les d\u00e9tenus poursuivis en raison de leurs activit\u00e9s syndicales ou de leurs opinions pacifiques, ainsi qu&rsquo;\u00e0 l&rsquo;ouverture d&rsquo;enqu\u00eates ind\u00e9pendantes sur toutes les all\u00e9gations de mauvais traitements afin de garantir la reddition de comptes et de pr\u00e9venir l&rsquo;impunit\u00e9.<\/p>\n","protected":false},"excerpt":{"rendered":"<p>Le Comit\u00e9 pour la Justice (Committee for Justice) exprime sa vive pr\u00e9occupation face \u00e0 l&rsquo;escalade syst\u00e9matique de l&rsquo;utilisation de la l\u00e9gislation antiterroriste comme outil ciblant les acteurs de la soci\u00e9t\u00e9 [&hellip;]<\/p>\n","protected":false},"author":962,"featured_media":54284,"comment_status":"closed","ping_status":"closed","sticky":false,"template":"","format":"standard","meta":{"_monsterinsights_skip_tracking":false,"_monsterinsights_sitenote_active":false,"_monsterinsights_sitenote_note":"","_monsterinsights_sitenote_category":0,"_price":"","_stock":"","_tribe_ticket_header":"","_tribe_default_ticket_provider":"","_tribe_ticket_capacity":"","_ticket_start_date":"","_ticket_end_date":"","_tribe_ticket_show_description":"","_tribe_ticket_show_not_going":false,"_tribe_ticket_use_global_stock":"","_tribe_ticket_global_stock_level":"","_global_stock_mode":"","_global_stock_cap":"","_tribe_rsvp_for_event":"","_tribe_ticket_going_count":"","_tribe_ticket_not_going_count":"","_tribe_tickets_list":"[]","_tribe_ticket_has_attendee_info_fields":false,"footnotes":""},"categories":[999],"tags":[],"countries":[1032,869],"cases":[],"writer":[],"coalitions":[],"class_list":["post-54286","post","type-post","status-publish","format-standard","has-post-thumbnail","hentry","category-nouvelles","countries-afrique-du-nord","countries-algerie","has-post-title","has-post-date","has-post-category","has-post-tag","has-post-comment","has-post-author",""],"yoast_head":"<!-- This site is optimized with the Yoast SEO plugin v27.4 - https:\/\/yoast.com\/product\/yoast-seo-wordpress\/ -->\n<title>Le Comit\u00e9 pour la Justice (CFJ) appelle \u00e0 la fin de l\u2019instrumentalisation des lois antiterroristes pour r\u00e9primer l\u2019action syndicale et la libert\u00e9 d\u2019expression en Alg\u00e9rie - Committee for Justice<\/title>\n<meta name=\"description\" content=\"Le Comit\u00e9 pour la Justice (CFJ) appelle \u00e0 la fin de l\u2019instrumentalisation des lois antiterroristes pour r\u00e9primer l\u2019action syndicale et la libert\u00e9 d\u2019expression en Alg\u00e9rie\" \/>\n<meta name=\"robots\" content=\"index, follow, max-snippet:-1, max-image-preview:large, max-video-preview:-1\" \/>\n<link rel=\"canonical\" href=\"https:\/\/www.cfjustice.org\/fr\/le-comite-pour-la-justice-cfj-appelle-a-la-fin-de-linstrumentalisation-des-lois-antiterroristes-pour-reprimer-laction-syndicale-et-la-liberte-dexpression-en-algerie\/\" \/>\n<meta property=\"og:locale\" content=\"fr_FR\" \/>\n<meta property=\"og:type\" content=\"article\" \/>\n<meta property=\"og:title\" content=\"Le Comit\u00e9 pour la Justice (CFJ) appelle \u00e0 la fin de l\u2019instrumentalisation des lois antiterroristes pour r\u00e9primer l\u2019action syndicale et la libert\u00e9 d\u2019expression en Alg\u00e9rie - Committee for Justice\" \/>\n<meta property=\"og:description\" content=\"Le Comit\u00e9 pour la Justice (CFJ) appelle \u00e0 la fin de l\u2019instrumentalisation des lois antiterroristes pour r\u00e9primer l\u2019action syndicale et la libert\u00e9 d\u2019expression en Alg\u00e9rie\" \/>\n<meta property=\"og:url\" content=\"https:\/\/www.cfjustice.org\/fr\/le-comite-pour-la-justice-cfj-appelle-a-la-fin-de-linstrumentalisation-des-lois-antiterroristes-pour-reprimer-laction-syndicale-et-la-liberte-dexpression-en-algerie\/\" \/>\n<meta property=\"og:site_name\" content=\"Committee for Justice\" \/>\n<meta property=\"article:publisher\" content=\"https:\/\/www.facebook.com\/cfjusticeorg\" \/>\n<meta property=\"article:published_time\" content=\"2026-03-12T07:10:29+00:00\" \/>\n<meta property=\"og:image\" content=\"https:\/\/www.cfjustice.org\/wp-content\/uploads\/2026\/03\/algeria-flag-africa-33bd66-1024.webp\" \/>\n\t<meta property=\"og:image:width\" content=\"1024\" \/>\n\t<meta property=\"og:image:height\" content=\"682\" \/>\n\t<meta property=\"og:image:type\" content=\"image\/webp\" \/>\n<meta name=\"author\" content=\"mmurad\" \/>\n<meta name=\"twitter:card\" content=\"summary_large_image\" \/>\n<meta name=\"twitter:creator\" content=\"@cfjusticeorg\" \/>\n<meta name=\"twitter:site\" content=\"@cfjusticeorg\" \/>\n<meta name=\"twitter:label1\" content=\"\u00c9crit par\" \/>\n\t<meta name=\"twitter:data1\" content=\"mmurad\" \/>\n\t<meta name=\"twitter:label2\" content=\"Dur\u00e9e de lecture estim\u00e9e\" \/>\n\t<meta name=\"twitter:data2\" content=\"2 minutes\" \/>\n<script type=\"application\/ld+json\" class=\"yoast-schema-graph\">{\"@context\":\"https:\\\/\\\/schema.org\",\"@graph\":[{\"@type\":\"Article\",\"@id\":\"https:\\\/\\\/www.cfjustice.org\\\/fr\\\/le-comite-pour-la-justice-cfj-appelle-a-la-fin-de-linstrumentalisation-des-lois-antiterroristes-pour-reprimer-laction-syndicale-et-la-liberte-dexpression-en-algerie\\\/#article\",\"isPartOf\":{\"@id\":\"https:\\\/\\\/www.cfjustice.org\\\/fr\\\/le-comite-pour-la-justice-cfj-appelle-a-la-fin-de-linstrumentalisation-des-lois-antiterroristes-pour-reprimer-laction-syndicale-et-la-liberte-dexpression-en-algerie\\\/\"},\"author\":{\"name\":\"mmurad\",\"@id\":\"https:\\\/\\\/www.cfjustice.org\\\/fr\\\/#\\\/schema\\\/person\\\/bb556c12ed41de17b43b26af15865af9\"},\"headline\":\"Le Comit\u00e9 pour la Justice (CFJ) appelle \u00e0 la fin de l\u2019instrumentalisation des lois antiterroristes pour r\u00e9primer l\u2019action syndicale et la libert\u00e9 d\u2019expression en Alg\u00e9rie\",\"datePublished\":\"2026-03-12T07:10:29+00:00\",\"mainEntityOfPage\":{\"@id\":\"https:\\\/\\\/www.cfjustice.org\\\/fr\\\/le-comite-pour-la-justice-cfj-appelle-a-la-fin-de-linstrumentalisation-des-lois-antiterroristes-pour-reprimer-laction-syndicale-et-la-liberte-dexpression-en-algerie\\\/\"},\"wordCount\":491,\"publisher\":{\"@id\":\"https:\\\/\\\/www.cfjustice.org\\\/fr\\\/#organization\"},\"image\":{\"@id\":\"https:\\\/\\\/www.cfjustice.org\\\/fr\\\/le-comite-pour-la-justice-cfj-appelle-a-la-fin-de-linstrumentalisation-des-lois-antiterroristes-pour-reprimer-laction-syndicale-et-la-liberte-dexpression-en-algerie\\\/#primaryimage\"},\"thumbnailUrl\":\"https:\\\/\\\/www.cfjustice.org\\\/wp-content\\\/uploads\\\/2026\\\/03\\\/algeria-flag-africa-33bd66-1024.webp\",\"articleSection\":[\"nouvelles\"],\"inLanguage\":\"fr-FR\"},{\"@type\":\"WebPage\",\"@id\":\"https:\\\/\\\/www.cfjustice.org\\\/fr\\\/le-comite-pour-la-justice-cfj-appelle-a-la-fin-de-linstrumentalisation-des-lois-antiterroristes-pour-reprimer-laction-syndicale-et-la-liberte-dexpression-en-algerie\\\/\",\"url\":\"https:\\\/\\\/www.cfjustice.org\\\/fr\\\/le-comite-pour-la-justice-cfj-appelle-a-la-fin-de-linstrumentalisation-des-lois-antiterroristes-pour-reprimer-laction-syndicale-et-la-liberte-dexpression-en-algerie\\\/\",\"name\":\"Le Comit\u00e9 pour la Justice (CFJ) appelle \u00e0 la fin de l\u2019instrumentalisation des lois antiterroristes pour r\u00e9primer l\u2019action syndicale et la libert\u00e9 d\u2019expression en Alg\u00e9rie - Committee for Justice\",\"isPartOf\":{\"@id\":\"https:\\\/\\\/www.cfjustice.org\\\/fr\\\/#website\"},\"primaryImageOfPage\":{\"@id\":\"https:\\\/\\\/www.cfjustice.org\\\/fr\\\/le-comite-pour-la-justice-cfj-appelle-a-la-fin-de-linstrumentalisation-des-lois-antiterroristes-pour-reprimer-laction-syndicale-et-la-liberte-dexpression-en-algerie\\\/#primaryimage\"},\"image\":{\"@id\":\"https:\\\/\\\/www.cfjustice.org\\\/fr\\\/le-comite-pour-la-justice-cfj-appelle-a-la-fin-de-linstrumentalisation-des-lois-antiterroristes-pour-reprimer-laction-syndicale-et-la-liberte-dexpression-en-algerie\\\/#primaryimage\"},\"thumbnailUrl\":\"https:\\\/\\\/www.cfjustice.org\\\/wp-content\\\/uploads\\\/2026\\\/03\\\/algeria-flag-africa-33bd66-1024.webp\",\"datePublished\":\"2026-03-12T07:10:29+00:00\",\"description\":\"Le Comit\u00e9 pour la Justice (CFJ) appelle \u00e0 la fin de l\u2019instrumentalisation des lois antiterroristes pour r\u00e9primer l\u2019action syndicale et la libert\u00e9 d\u2019expression en Alg\u00e9rie\",\"breadcrumb\":{\"@id\":\"https:\\\/\\\/www.cfjustice.org\\\/fr\\\/le-comite-pour-la-justice-cfj-appelle-a-la-fin-de-linstrumentalisation-des-lois-antiterroristes-pour-reprimer-laction-syndicale-et-la-liberte-dexpression-en-algerie\\\/#breadcrumb\"},\"inLanguage\":\"fr-FR\",\"potentialAction\":[{\"@type\":\"ReadAction\",\"target\":[\"https:\\\/\\\/www.cfjustice.org\\\/fr\\\/le-comite-pour-la-justice-cfj-appelle-a-la-fin-de-linstrumentalisation-des-lois-antiterroristes-pour-reprimer-laction-syndicale-et-la-liberte-dexpression-en-algerie\\\/\"]}]},{\"@type\":\"ImageObject\",\"inLanguage\":\"fr-FR\",\"@id\":\"https:\\\/\\\/www.cfjustice.org\\\/fr\\\/le-comite-pour-la-justice-cfj-appelle-a-la-fin-de-linstrumentalisation-des-lois-antiterroristes-pour-reprimer-laction-syndicale-et-la-liberte-dexpression-en-algerie\\\/#primaryimage\",\"url\":\"https:\\\/\\\/www.cfjustice.org\\\/wp-content\\\/uploads\\\/2026\\\/03\\\/algeria-flag-africa-33bd66-1024.webp\",\"contentUrl\":\"https:\\\/\\\/www.cfjustice.org\\\/wp-content\\\/uploads\\\/2026\\\/03\\\/algeria-flag-africa-33bd66-1024.webp\",\"width\":1024,\"height\":682,\"caption\":\"\u0627\u0644\u062c\u0632\u0627\u0626\u0631\"},{\"@type\":\"BreadcrumbList\",\"@id\":\"https:\\\/\\\/www.cfjustice.org\\\/fr\\\/le-comite-pour-la-justice-cfj-appelle-a-la-fin-de-linstrumentalisation-des-lois-antiterroristes-pour-reprimer-laction-syndicale-et-la-liberte-dexpression-en-algerie\\\/#breadcrumb\",\"itemListElement\":[{\"@type\":\"ListItem\",\"position\":1,\"name\":\"Home\",\"item\":\"https:\\\/\\\/www.cfjustice.org\\\/fr\\\/\"},{\"@type\":\"ListItem\",\"position\":2,\"name\":\"Le Comit\u00e9 pour la Justice (CFJ) appelle \u00e0 la fin de l\u2019instrumentalisation des lois antiterroristes pour r\u00e9primer l\u2019action syndicale et la libert\u00e9 d\u2019expression en Alg\u00e9rie\"}]},{\"@type\":\"WebSite\",\"@id\":\"https:\\\/\\\/www.cfjustice.org\\\/fr\\\/#website\",\"url\":\"https:\\\/\\\/www.cfjustice.org\\\/fr\\\/\",\"name\":\"Committee for Justice\",\"description\":\"We are working to achieve justice\",\"publisher\":{\"@id\":\"https:\\\/\\\/www.cfjustice.org\\\/fr\\\/#organization\"},\"alternateName\":\"CFJ\",\"potentialAction\":[{\"@type\":\"SearchAction\",\"target\":{\"@type\":\"EntryPoint\",\"urlTemplate\":\"https:\\\/\\\/www.cfjustice.org\\\/fr\\\/?s={search_term_string}\"},\"query-input\":{\"@type\":\"PropertyValueSpecification\",\"valueRequired\":true,\"valueName\":\"search_term_string\"}}],\"inLanguage\":\"fr-FR\"},{\"@type\":\"Organization\",\"@id\":\"https:\\\/\\\/www.cfjustice.org\\\/fr\\\/#organization\",\"name\":\"Committee for Justice\",\"url\":\"https:\\\/\\\/www.cfjustice.org\\\/fr\\\/\",\"logo\":{\"@type\":\"ImageObject\",\"inLanguage\":\"fr-FR\",\"@id\":\"https:\\\/\\\/www.cfjustice.org\\\/fr\\\/#\\\/schema\\\/logo\\\/image\\\/\",\"url\":\"https:\\\/\\\/www.cfjustice.org\\\/wp-content\\\/uploads\\\/2023\\\/10\\\/logo-1.svg\",\"contentUrl\":\"https:\\\/\\\/www.cfjustice.org\\\/wp-content\\\/uploads\\\/2023\\\/10\\\/logo-1.svg\",\"width\":1,\"height\":1,\"caption\":\"Committee for Justice\"},\"image\":{\"@id\":\"https:\\\/\\\/www.cfjustice.org\\\/fr\\\/#\\\/schema\\\/logo\\\/image\\\/\"},\"sameAs\":[\"https:\\\/\\\/www.facebook.com\\\/cfjusticeorg\",\"https:\\\/\\\/x.com\\\/cfjusticeorg\",\"https:\\\/\\\/www.linkedin.com\\\/company\\\/cfjustice\\\/\",\"https:\\\/\\\/www.youtube.com\\\/channel\\\/UCQdBw5-F5Z80xtts8UqRRqQ\",\"https:\\\/\\\/www.instagram.com\\\/cfjusticeorg\"]},{\"@type\":\"Person\",\"@id\":\"https:\\\/\\\/www.cfjustice.org\\\/fr\\\/#\\\/schema\\\/person\\\/bb556c12ed41de17b43b26af15865af9\",\"name\":\"mmurad\",\"image\":{\"@type\":\"ImageObject\",\"inLanguage\":\"fr-FR\",\"@id\":\"https:\\\/\\\/secure.gravatar.com\\\/avatar\\\/b01b45168573d27abfd52e48a08122adff6e2dd698a45002db0e5b672be19a34?s=96&d=mm&r=g\",\"url\":\"https:\\\/\\\/secure.gravatar.com\\\/avatar\\\/b01b45168573d27abfd52e48a08122adff6e2dd698a45002db0e5b672be19a34?s=96&d=mm&r=g\",\"contentUrl\":\"https:\\\/\\\/secure.gravatar.com\\\/avatar\\\/b01b45168573d27abfd52e48a08122adff6e2dd698a45002db0e5b672be19a34?s=96&d=mm&r=g\",\"caption\":\"mmurad\"},\"url\":\"https:\\\/\\\/www.cfjustice.org\\\/fr\\\/author\\\/mmurad\\\/\"}]}<\/script>\n<!-- \/ Yoast SEO plugin. -->","yoast_head_json":{"title":"Le Comit\u00e9 pour la Justice (CFJ) appelle \u00e0 la fin de l\u2019instrumentalisation des lois antiterroristes pour r\u00e9primer l\u2019action syndicale et la libert\u00e9 d\u2019expression en Alg\u00e9rie - Committee for Justice","description":"Le Comit\u00e9 pour la Justice (CFJ) appelle \u00e0 la fin de l\u2019instrumentalisation des lois antiterroristes pour r\u00e9primer l\u2019action syndicale et la libert\u00e9 d\u2019expression en Alg\u00e9rie","robots":{"index":"index","follow":"follow","max-snippet":"max-snippet:-1","max-image-preview":"max-image-preview:large","max-video-preview":"max-video-preview:-1"},"canonical":"https:\/\/www.cfjustice.org\/fr\/le-comite-pour-la-justice-cfj-appelle-a-la-fin-de-linstrumentalisation-des-lois-antiterroristes-pour-reprimer-laction-syndicale-et-la-liberte-dexpression-en-algerie\/","og_locale":"fr_FR","og_type":"article","og_title":"Le Comit\u00e9 pour la Justice (CFJ) appelle \u00e0 la fin de l\u2019instrumentalisation des lois antiterroristes pour r\u00e9primer l\u2019action syndicale et la libert\u00e9 d\u2019expression en Alg\u00e9rie - Committee for Justice","og_description":"Le Comit\u00e9 pour la Justice (CFJ) appelle \u00e0 la fin de l\u2019instrumentalisation des lois antiterroristes pour r\u00e9primer l\u2019action syndicale et la libert\u00e9 d\u2019expression en Alg\u00e9rie","og_url":"https:\/\/www.cfjustice.org\/fr\/le-comite-pour-la-justice-cfj-appelle-a-la-fin-de-linstrumentalisation-des-lois-antiterroristes-pour-reprimer-laction-syndicale-et-la-liberte-dexpression-en-algerie\/","og_site_name":"Committee for Justice","article_publisher":"https:\/\/www.facebook.com\/cfjusticeorg","article_published_time":"2026-03-12T07:10:29+00:00","og_image":[{"width":1024,"height":682,"url":"https:\/\/www.cfjustice.org\/wp-content\/uploads\/2026\/03\/algeria-flag-africa-33bd66-1024.webp","type":"image\/webp"}],"author":"mmurad","twitter_card":"summary_large_image","twitter_creator":"@cfjusticeorg","twitter_site":"@cfjusticeorg","twitter_misc":{"\u00c9crit par":"mmurad","Dur\u00e9e de lecture estim\u00e9e":"2 minutes"},"schema":{"@context":"https:\/\/schema.org","@graph":[{"@type":"Article","@id":"https:\/\/www.cfjustice.org\/fr\/le-comite-pour-la-justice-cfj-appelle-a-la-fin-de-linstrumentalisation-des-lois-antiterroristes-pour-reprimer-laction-syndicale-et-la-liberte-dexpression-en-algerie\/#article","isPartOf":{"@id":"https:\/\/www.cfjustice.org\/fr\/le-comite-pour-la-justice-cfj-appelle-a-la-fin-de-linstrumentalisation-des-lois-antiterroristes-pour-reprimer-laction-syndicale-et-la-liberte-dexpression-en-algerie\/"},"author":{"name":"mmurad","@id":"https:\/\/www.cfjustice.org\/fr\/#\/schema\/person\/bb556c12ed41de17b43b26af15865af9"},"headline":"Le Comit\u00e9 pour la Justice (CFJ) appelle \u00e0 la fin de l\u2019instrumentalisation des lois antiterroristes pour r\u00e9primer l\u2019action syndicale et la libert\u00e9 d\u2019expression en Alg\u00e9rie","datePublished":"2026-03-12T07:10:29+00:00","mainEntityOfPage":{"@id":"https:\/\/www.cfjustice.org\/fr\/le-comite-pour-la-justice-cfj-appelle-a-la-fin-de-linstrumentalisation-des-lois-antiterroristes-pour-reprimer-laction-syndicale-et-la-liberte-dexpression-en-algerie\/"},"wordCount":491,"publisher":{"@id":"https:\/\/www.cfjustice.org\/fr\/#organization"},"image":{"@id":"https:\/\/www.cfjustice.org\/fr\/le-comite-pour-la-justice-cfj-appelle-a-la-fin-de-linstrumentalisation-des-lois-antiterroristes-pour-reprimer-laction-syndicale-et-la-liberte-dexpression-en-algerie\/#primaryimage"},"thumbnailUrl":"https:\/\/www.cfjustice.org\/wp-content\/uploads\/2026\/03\/algeria-flag-africa-33bd66-1024.webp","articleSection":["nouvelles"],"inLanguage":"fr-FR"},{"@type":"WebPage","@id":"https:\/\/www.cfjustice.org\/fr\/le-comite-pour-la-justice-cfj-appelle-a-la-fin-de-linstrumentalisation-des-lois-antiterroristes-pour-reprimer-laction-syndicale-et-la-liberte-dexpression-en-algerie\/","url":"https:\/\/www.cfjustice.org\/fr\/le-comite-pour-la-justice-cfj-appelle-a-la-fin-de-linstrumentalisation-des-lois-antiterroristes-pour-reprimer-laction-syndicale-et-la-liberte-dexpression-en-algerie\/","name":"Le Comit\u00e9 pour la Justice (CFJ) appelle \u00e0 la fin de l\u2019instrumentalisation des lois antiterroristes pour r\u00e9primer l\u2019action syndicale et la libert\u00e9 d\u2019expression en Alg\u00e9rie - Committee for Justice","isPartOf":{"@id":"https:\/\/www.cfjustice.org\/fr\/#website"},"primaryImageOfPage":{"@id":"https:\/\/www.cfjustice.org\/fr\/le-comite-pour-la-justice-cfj-appelle-a-la-fin-de-linstrumentalisation-des-lois-antiterroristes-pour-reprimer-laction-syndicale-et-la-liberte-dexpression-en-algerie\/#primaryimage"},"image":{"@id":"https:\/\/www.cfjustice.org\/fr\/le-comite-pour-la-justice-cfj-appelle-a-la-fin-de-linstrumentalisation-des-lois-antiterroristes-pour-reprimer-laction-syndicale-et-la-liberte-dexpression-en-algerie\/#primaryimage"},"thumbnailUrl":"https:\/\/www.cfjustice.org\/wp-content\/uploads\/2026\/03\/algeria-flag-africa-33bd66-1024.webp","datePublished":"2026-03-12T07:10:29+00:00","description":"Le Comit\u00e9 pour la Justice (CFJ) appelle \u00e0 la fin de l\u2019instrumentalisation des lois antiterroristes pour r\u00e9primer l\u2019action syndicale et la libert\u00e9 d\u2019expression en Alg\u00e9rie","breadcrumb":{"@id":"https:\/\/www.cfjustice.org\/fr\/le-comite-pour-la-justice-cfj-appelle-a-la-fin-de-linstrumentalisation-des-lois-antiterroristes-pour-reprimer-laction-syndicale-et-la-liberte-dexpression-en-algerie\/#breadcrumb"},"inLanguage":"fr-FR","potentialAction":[{"@type":"ReadAction","target":["https:\/\/www.cfjustice.org\/fr\/le-comite-pour-la-justice-cfj-appelle-a-la-fin-de-linstrumentalisation-des-lois-antiterroristes-pour-reprimer-laction-syndicale-et-la-liberte-dexpression-en-algerie\/"]}]},{"@type":"ImageObject","inLanguage":"fr-FR","@id":"https:\/\/www.cfjustice.org\/fr\/le-comite-pour-la-justice-cfj-appelle-a-la-fin-de-linstrumentalisation-des-lois-antiterroristes-pour-reprimer-laction-syndicale-et-la-liberte-dexpression-en-algerie\/#primaryimage","url":"https:\/\/www.cfjustice.org\/wp-content\/uploads\/2026\/03\/algeria-flag-africa-33bd66-1024.webp","contentUrl":"https:\/\/www.cfjustice.org\/wp-content\/uploads\/2026\/03\/algeria-flag-africa-33bd66-1024.webp","width":1024,"height":682,"caption":"\u0627\u0644\u062c\u0632\u0627\u0626\u0631"},{"@type":"BreadcrumbList","@id":"https:\/\/www.cfjustice.org\/fr\/le-comite-pour-la-justice-cfj-appelle-a-la-fin-de-linstrumentalisation-des-lois-antiterroristes-pour-reprimer-laction-syndicale-et-la-liberte-dexpression-en-algerie\/#breadcrumb","itemListElement":[{"@type":"ListItem","position":1,"name":"Home","item":"https:\/\/www.cfjustice.org\/fr\/"},{"@type":"ListItem","position":2,"name":"Le Comit\u00e9 pour la Justice (CFJ) appelle \u00e0 la fin de l\u2019instrumentalisation des lois antiterroristes pour r\u00e9primer l\u2019action syndicale et la libert\u00e9 d\u2019expression en Alg\u00e9rie"}]},{"@type":"WebSite","@id":"https:\/\/www.cfjustice.org\/fr\/#website","url":"https:\/\/www.cfjustice.org\/fr\/","name":"Committee for Justice","description":"We are working to achieve justice","publisher":{"@id":"https:\/\/www.cfjustice.org\/fr\/#organization"},"alternateName":"CFJ","potentialAction":[{"@type":"SearchAction","target":{"@type":"EntryPoint","urlTemplate":"https:\/\/www.cfjustice.org\/fr\/?s={search_term_string}"},"query-input":{"@type":"PropertyValueSpecification","valueRequired":true,"valueName":"search_term_string"}}],"inLanguage":"fr-FR"},{"@type":"Organization","@id":"https:\/\/www.cfjustice.org\/fr\/#organization","name":"Committee for Justice","url":"https:\/\/www.cfjustice.org\/fr\/","logo":{"@type":"ImageObject","inLanguage":"fr-FR","@id":"https:\/\/www.cfjustice.org\/fr\/#\/schema\/logo\/image\/","url":"https:\/\/www.cfjustice.org\/wp-content\/uploads\/2023\/10\/logo-1.svg","contentUrl":"https:\/\/www.cfjustice.org\/wp-content\/uploads\/2023\/10\/logo-1.svg","width":1,"height":1,"caption":"Committee for Justice"},"image":{"@id":"https:\/\/www.cfjustice.org\/fr\/#\/schema\/logo\/image\/"},"sameAs":["https:\/\/www.facebook.com\/cfjusticeorg","https:\/\/x.com\/cfjusticeorg","https:\/\/www.linkedin.com\/company\/cfjustice\/","https:\/\/www.youtube.com\/channel\/UCQdBw5-F5Z80xtts8UqRRqQ","https:\/\/www.instagram.com\/cfjusticeorg"]},{"@type":"Person","@id":"https:\/\/www.cfjustice.org\/fr\/#\/schema\/person\/bb556c12ed41de17b43b26af15865af9","name":"mmurad","image":{"@type":"ImageObject","inLanguage":"fr-FR","@id":"https:\/\/secure.gravatar.com\/avatar\/b01b45168573d27abfd52e48a08122adff6e2dd698a45002db0e5b672be19a34?s=96&d=mm&r=g","url":"https:\/\/secure.gravatar.com\/avatar\/b01b45168573d27abfd52e48a08122adff6e2dd698a45002db0e5b672be19a34?s=96&d=mm&r=g","contentUrl":"https:\/\/secure.gravatar.com\/avatar\/b01b45168573d27abfd52e48a08122adff6e2dd698a45002db0e5b672be19a34?s=96&d=mm&r=g","caption":"mmurad"},"url":"https:\/\/www.cfjustice.org\/fr\/author\/mmurad\/"}]}},"_links":{"self":[{"href":"https:\/\/www.cfjustice.org\/fr\/wp-json\/wp\/v2\/posts\/54286","targetHints":{"allow":["GET"]}}],"collection":[{"href":"https:\/\/www.cfjustice.org\/fr\/wp-json\/wp\/v2\/posts"}],"about":[{"href":"https:\/\/www.cfjustice.org\/fr\/wp-json\/wp\/v2\/types\/post"}],"author":[{"embeddable":true,"href":"https:\/\/www.cfjustice.org\/fr\/wp-json\/wp\/v2\/users\/962"}],"replies":[{"embeddable":true,"href":"https:\/\/www.cfjustice.org\/fr\/wp-json\/wp\/v2\/comments?post=54286"}],"version-history":[{"count":0,"href":"https:\/\/www.cfjustice.org\/fr\/wp-json\/wp\/v2\/posts\/54286\/revisions"}],"wp:featuredmedia":[{"embeddable":true,"href":"https:\/\/www.cfjustice.org\/fr\/wp-json\/wp\/v2\/media\/54284"}],"wp:attachment":[{"href":"https:\/\/www.cfjustice.org\/fr\/wp-json\/wp\/v2\/media?parent=54286"}],"wp:term":[{"taxonomy":"category","embeddable":true,"href":"https:\/\/www.cfjustice.org\/fr\/wp-json\/wp\/v2\/categories?post=54286"},{"taxonomy":"post_tag","embeddable":true,"href":"https:\/\/www.cfjustice.org\/fr\/wp-json\/wp\/v2\/tags?post=54286"},{"taxonomy":"countries","embeddable":true,"href":"https:\/\/www.cfjustice.org\/fr\/wp-json\/wp\/v2\/countries?post=54286"},{"taxonomy":"cases","embeddable":true,"href":"https:\/\/www.cfjustice.org\/fr\/wp-json\/wp\/v2\/cases?post=54286"},{"taxonomy":"writer","embeddable":true,"href":"https:\/\/www.cfjustice.org\/fr\/wp-json\/wp\/v2\/writer?post=54286"},{"taxonomy":"coalitions","embeddable":true,"href":"https:\/\/www.cfjustice.org\/fr\/wp-json\/wp\/v2\/coalitions?post=54286"}],"curies":[{"name":"wp","href":"https:\/\/api.w.org\/{rel}","templated":true}]}}