{"id":54217,"date":"2026-03-09T02:00:11","date_gmt":"2026-03-09T01:00:11","guid":{"rendered":"https:\/\/www.cfjustice.org\/cfj-la-condamnation-du-journaliste-mustapha-bendjama-a-de-la-prison-ferme-est-une-consecration-de-la-presaille-judiciaire\/"},"modified":"2026-03-09T02:00:11","modified_gmt":"2026-03-09T01:00:11","slug":"cfj-la-condamnation-du-journaliste-mustapha-bendjama-a-de-la-prison-ferme-est-une-consecration-de-la-presaille-judiciaire","status":"publish","type":"post","link":"https:\/\/www.cfjustice.org\/fr\/cfj-la-condamnation-du-journaliste-mustapha-bendjama-a-de-la-prison-ferme-est-une-consecration-de-la-presaille-judiciaire\/","title":{"rendered":"CFJ : La condamnation du journaliste Mustapha Bendjama \u00e0 de la prison ferme est une cons\u00e9cration de la pr\u00e9saille judiciaire"},"content":{"rendered":"<p>Alg\u00e9rie : Le Comit\u00e9 pour la Justice (Committee for Justice) exprime sa vive d\u00e9nonciation du verdict rendu le 17 f\u00e9vrier 2026 par le tribunal correctionnel d&rsquo;Annaba \u00e0 l&rsquo;encontre du journaliste, d\u00e9fenseur des droits humains et r\u00e9dacteur en chef du journal \u00ab\u00a0Le Provincial\u00a0\u00bb, Mustapha Bendjama. Le jugement l&rsquo;a condamn\u00e9 \u00e0 six mois de prison ferme et \u00e0 une amende de 200 000 dinars, en plus d&rsquo;une indemnisation arbitraire au profit du Tr\u00e9sor Public d&rsquo;une valeur de 100 000 dinars, dans une proc\u00e9dure marqu\u00e9e par des violations juridiques flagrantes et contraires au code de proc\u00e9dure p\u00e9nale.<\/p>\n<p>Une sanction pour une \u00ab\u00a0v\u00e9rit\u00e9\u00a0\u00bb confirm\u00e9e par la justice Le Comit\u00e9 pour la Justice (CFJ) consid\u00e8re que cette condamnation repr\u00e9sente une d\u00e9rive dangereuse dans l&rsquo;utilisation de la justice pour r\u00e9gler des comptes avec la presse ind\u00e9pendante. Les poursuites se sont appuy\u00e9es sur des articles vagues (96 bis et 196 bis du Code p\u00e9nal) sous l&rsquo;accusation de \u00ab diffusion de fausses nouvelles \u00bb et \u00ab atteinte \u00e0 l&rsquo;int\u00e9r\u00eat national \u00bb, suite \u00e0 des articles publi\u00e9s par Bendjama en 2020 r\u00e9v\u00e9lant la mort d&rsquo;un vieil homme par des tirs de police \u00e0 Sidi Amar. Le Comit\u00e9 attire l&rsquo;attention sur le fait que les faits pour lesquels Bendjama est jug\u00e9 aujourd&rsquo;hui sont des faits dont la justice alg\u00e9rienne a pr\u00e9c\u00e9demment prouv\u00e9 la v\u00e9racit\u00e9 en condamnant le policier impliqu\u00e9, ce qui fait de la poursuite du journaliste pour \u00ab mensonge \u00bb une forme d&rsquo;absurdit\u00e9 juridique et de repr\u00e9sailles tardives pour avoir r\u00e9v\u00e9l\u00e9 les failles de la version s\u00e9curitaire officielle.<\/p>\n<p>Un passif de violations et de tortures Le Comit\u00e9 pour la Justice (CFJ) souligne que ce jugement n&rsquo;est pas un cas isol\u00e9, mais un maillon d&rsquo;une s\u00e9rie de harc\u00e8lements s\u00e9curitaires et judiciaires commenc\u00e9s il y a des ann\u00e9es, comprenant :<\/p>\n<ul>\n<li>Interdiction de Sortie du Territoire (ISTN) : Continue depuis novembre 2019 malgr\u00e9 une d\u00e9cision judiciaire l&rsquo;annulant en 2022.<\/li>\n<li>Torture et mauvais traitements : Bendjama a \u00e9t\u00e9 soumis \u00e0 des actes de torture document\u00e9s par un rapport m\u00e9dical ind\u00e9pendant lors de sa garde \u00e0 vue en f\u00e9vrier 2023 dans le cadre de l&rsquo;affaire \u00ab\u00a0Amira Bouraoui\u00a0\u00bb.<\/li>\n<li>D\u00e9tention arbitraire : Bendjama a pass\u00e9 14 mois en prison, une d\u00e9tention que le Groupe de travail des Nations Unies sur la d\u00e9tention arbitraire (GTDA) a qualifi\u00e9e d'\u00a0\u00bbarbitraire\u00a0\u00bb dans son avis rendu en mars 2024, appelant l&rsquo;\u00c9tat alg\u00e9rien \u00e0 l&rsquo;indemniser.<\/li>\n<\/ul>\n<p>Violations proc\u00e9durales dans le dernier jugement Le Comit\u00e9 pour la Justice (CFJ) observe un recul des garanties d&rsquo;un proc\u00e8s \u00e9quitable ; le tribunal ayant prononc\u00e9 une r\u00e9paration financi\u00e8re au profit du Tr\u00e9sor Public malgr\u00e9 l&rsquo;absence de son repr\u00e9sentant \u00e0 l&rsquo;audience et l&rsquo;absence de r\u00e9quisition de cette indemnit\u00e9 par le minist\u00e8re public, ce qui soul\u00e8ve de s\u00e9rieuses questions sur l&rsquo;impartialit\u00e9 et l&rsquo;ind\u00e9pendance du tribunal dans cette affaire.<\/p>\n<p>Le Comit\u00e9 pour la Justice (CFJ) demande aux autorit\u00e9s alg\u00e9riennes :<\/p>\n<ol>\n<li>L&rsquo;annulation imm\u00e9diate de tous les jugements rendus contre Mustapha Bendjama et l&rsquo;abandon des charges li\u00e9es \u00e0 son activit\u00e9 journalistique.<\/li>\n<li>L&rsquo;arr\u00eat du harc\u00e8lement judiciaire syst\u00e9matique, que le Haut-Commissariat des Nations Unies aux droits de l&rsquo;homme a inclus dans ses rapports sur les \u00ab repr\u00e9sailles \u00bb contre ceux qui collaborent avec les m\u00e9canismes internationaux.<\/li>\n<li>Le respect de l&rsquo;article 19 du Pacte international relatif aux droits civils et politiques, qui garantit la libert\u00e9 d&rsquo;expression et le travail journalistique sans crainte de poursuites.<\/li>\n<\/ol>\n","protected":false},"excerpt":{"rendered":"<p>Alg\u00e9rie : Le Comit\u00e9 pour la Justice (Committee for Justice) exprime sa vive d\u00e9nonciation du verdict rendu le 17 f\u00e9vrier 2026 par le tribunal correctionnel d&rsquo;Annaba \u00e0 l&rsquo;encontre du journaliste, [&hellip;]<\/p>\n","protected":false},"author":962,"featured_media":54215,"comment_status":"closed","ping_status":"closed","sticky":false,"template":"","format":"standard","meta":{"_monsterinsights_skip_tracking":false,"_monsterinsights_sitenote_active":false,"_monsterinsights_sitenote_note":"","_monsterinsights_sitenote_category":0,"_price":"","_stock":"","_tribe_ticket_header":"","_tribe_default_ticket_provider":"","_tribe_ticket_capacity":"","_ticket_start_date":"","_ticket_end_date":"","_tribe_ticket_show_description":"","_tribe_ticket_show_not_going":false,"_tribe_ticket_use_global_stock":"","_tribe_ticket_global_stock_level":"","_global_stock_mode":"","_global_stock_cap":"","_tribe_rsvp_for_event":"","_tribe_ticket_going_count":"","_tribe_ticket_not_going_count":"","_tribe_tickets_list":"[]","_tribe_ticket_has_attendee_info_fields":false,"footnotes":""},"categories":[999],"tags":[],"countries":[1032,869],"cases":[],"writer":[],"coalitions":[],"class_list":["post-54217","post","type-post","status-publish","format-standard","has-post-thumbnail","hentry","category-nouvelles","countries-afrique-du-nord","countries-algerie","has-post-title","has-post-date","has-post-category","has-post-tag","has-post-comment","has-post-author",""],"yoast_head":"<!-- This site is optimized with the Yoast SEO plugin v27.4 - https:\/\/yoast.com\/product\/yoast-seo-wordpress\/ -->\n<title>CFJ : La condamnation du journaliste Mustapha Bendjama \u00e0 de la prison ferme est une cons\u00e9cration de la pr\u00e9saille judiciaire - Committee for Justice<\/title>\n<meta name=\"description\" content=\"CFJ : La condamnation du journaliste Mustapha Bendjama \u00e0 de la prison ferme est une cons\u00e9cration de la pr\u00e9saille judiciaire\" \/>\n<meta name=\"robots\" content=\"index, follow, max-snippet:-1, max-image-preview:large, max-video-preview:-1\" \/>\n<link rel=\"canonical\" href=\"https:\/\/www.cfjustice.org\/fr\/cfj-la-condamnation-du-journaliste-mustapha-bendjama-a-de-la-prison-ferme-est-une-consecration-de-la-presaille-judiciaire\/\" \/>\n<meta property=\"og:locale\" content=\"fr_FR\" \/>\n<meta property=\"og:type\" content=\"article\" \/>\n<meta property=\"og:title\" content=\"CFJ : La condamnation du journaliste Mustapha Bendjama \u00e0 de la prison ferme est une cons\u00e9cration de la pr\u00e9saille judiciaire - Committee for Justice\" \/>\n<meta property=\"og:description\" content=\"CFJ : La condamnation du journaliste Mustapha Bendjama \u00e0 de la prison ferme est une cons\u00e9cration de la pr\u00e9saille judiciaire\" \/>\n<meta property=\"og:url\" content=\"https:\/\/www.cfjustice.org\/fr\/cfj-la-condamnation-du-journaliste-mustapha-bendjama-a-de-la-prison-ferme-est-une-consecration-de-la-presaille-judiciaire\/\" \/>\n<meta property=\"og:site_name\" content=\"Committee for Justice\" \/>\n<meta property=\"article:publisher\" content=\"https:\/\/www.facebook.com\/cfjusticeorg\" \/>\n<meta property=\"article:published_time\" content=\"2026-03-09T01:00:11+00:00\" \/>\n<meta property=\"og:image\" content=\"https:\/\/www.cfjustice.org\/wp-content\/uploads\/2026\/03\/\u0627\u0644\u0635\u062d\u0641\u064a-\u0645\u0635\u0637\u0641\u0649-\u0628\u0646-\u062c\u0627\u0645\u0639.webp\" \/>\n\t<meta property=\"og:image:width\" content=\"1200\" \/>\n\t<meta property=\"og:image:height\" content=\"675\" \/>\n\t<meta property=\"og:image:type\" content=\"image\/jpeg\" \/>\n<meta name=\"author\" content=\"mmurad\" \/>\n<meta name=\"twitter:card\" content=\"summary_large_image\" \/>\n<meta name=\"twitter:creator\" content=\"@cfjusticeorg\" \/>\n<meta name=\"twitter:site\" content=\"@cfjusticeorg\" \/>\n<meta name=\"twitter:label1\" content=\"\u00c9crit par\" \/>\n\t<meta name=\"twitter:data1\" content=\"mmurad\" \/>\n\t<meta name=\"twitter:label2\" content=\"Dur\u00e9e de lecture estim\u00e9e\" \/>\n\t<meta name=\"twitter:data2\" content=\"3 minutes\" \/>\n<script type=\"application\/ld+json\" class=\"yoast-schema-graph\">{\"@context\":\"https:\\\/\\\/schema.org\",\"@graph\":[{\"@type\":\"Article\",\"@id\":\"https:\\\/\\\/www.cfjustice.org\\\/fr\\\/cfj-la-condamnation-du-journaliste-mustapha-bendjama-a-de-la-prison-ferme-est-une-consecration-de-la-presaille-judiciaire\\\/#article\",\"isPartOf\":{\"@id\":\"https:\\\/\\\/www.cfjustice.org\\\/fr\\\/cfj-la-condamnation-du-journaliste-mustapha-bendjama-a-de-la-prison-ferme-est-une-consecration-de-la-presaille-judiciaire\\\/\"},\"author\":{\"name\":\"mmurad\",\"@id\":\"https:\\\/\\\/www.cfjustice.org\\\/fr\\\/#\\\/schema\\\/person\\\/bb556c12ed41de17b43b26af15865af9\"},\"headline\":\"CFJ : La condamnation du journaliste Mustapha Bendjama \u00e0 de la prison ferme est une cons\u00e9cration de la pr\u00e9saille judiciaire\",\"datePublished\":\"2026-03-09T01:00:11+00:00\",\"mainEntityOfPage\":{\"@id\":\"https:\\\/\\\/www.cfjustice.org\\\/fr\\\/cfj-la-condamnation-du-journaliste-mustapha-bendjama-a-de-la-prison-ferme-est-une-consecration-de-la-presaille-judiciaire\\\/\"},\"wordCount\":616,\"publisher\":{\"@id\":\"https:\\\/\\\/www.cfjustice.org\\\/fr\\\/#organization\"},\"image\":{\"@id\":\"https:\\\/\\\/www.cfjustice.org\\\/fr\\\/cfj-la-condamnation-du-journaliste-mustapha-bendjama-a-de-la-prison-ferme-est-une-consecration-de-la-presaille-judiciaire\\\/#primaryimage\"},\"thumbnailUrl\":\"https:\\\/\\\/www.cfjustice.org\\\/wp-content\\\/uploads\\\/2026\\\/03\\\/\u0627\u0644\u0635\u062d\u0641\u064a-\u0645\u0635\u0637\u0641\u0649-\u0628\u0646-\u062c\u0627\u0645\u0639.webp\",\"articleSection\":[\"nouvelles\"],\"inLanguage\":\"fr-FR\"},{\"@type\":\"WebPage\",\"@id\":\"https:\\\/\\\/www.cfjustice.org\\\/fr\\\/cfj-la-condamnation-du-journaliste-mustapha-bendjama-a-de-la-prison-ferme-est-une-consecration-de-la-presaille-judiciaire\\\/\",\"url\":\"https:\\\/\\\/www.cfjustice.org\\\/fr\\\/cfj-la-condamnation-du-journaliste-mustapha-bendjama-a-de-la-prison-ferme-est-une-consecration-de-la-presaille-judiciaire\\\/\",\"name\":\"CFJ : La condamnation du journaliste Mustapha Bendjama \u00e0 de la prison ferme est une cons\u00e9cration de la pr\u00e9saille judiciaire - Committee for Justice\",\"isPartOf\":{\"@id\":\"https:\\\/\\\/www.cfjustice.org\\\/fr\\\/#website\"},\"primaryImageOfPage\":{\"@id\":\"https:\\\/\\\/www.cfjustice.org\\\/fr\\\/cfj-la-condamnation-du-journaliste-mustapha-bendjama-a-de-la-prison-ferme-est-une-consecration-de-la-presaille-judiciaire\\\/#primaryimage\"},\"image\":{\"@id\":\"https:\\\/\\\/www.cfjustice.org\\\/fr\\\/cfj-la-condamnation-du-journaliste-mustapha-bendjama-a-de-la-prison-ferme-est-une-consecration-de-la-presaille-judiciaire\\\/#primaryimage\"},\"thumbnailUrl\":\"https:\\\/\\\/www.cfjustice.org\\\/wp-content\\\/uploads\\\/2026\\\/03\\\/\u0627\u0644\u0635\u062d\u0641\u064a-\u0645\u0635\u0637\u0641\u0649-\u0628\u0646-\u062c\u0627\u0645\u0639.webp\",\"datePublished\":\"2026-03-09T01:00:11+00:00\",\"description\":\"CFJ : La condamnation du journaliste Mustapha Bendjama \u00e0 de la prison ferme est une cons\u00e9cration de la pr\u00e9saille judiciaire\",\"breadcrumb\":{\"@id\":\"https:\\\/\\\/www.cfjustice.org\\\/fr\\\/cfj-la-condamnation-du-journaliste-mustapha-bendjama-a-de-la-prison-ferme-est-une-consecration-de-la-presaille-judiciaire\\\/#breadcrumb\"},\"inLanguage\":\"fr-FR\",\"potentialAction\":[{\"@type\":\"ReadAction\",\"target\":[\"https:\\\/\\\/www.cfjustice.org\\\/fr\\\/cfj-la-condamnation-du-journaliste-mustapha-bendjama-a-de-la-prison-ferme-est-une-consecration-de-la-presaille-judiciaire\\\/\"]}]},{\"@type\":\"ImageObject\",\"inLanguage\":\"fr-FR\",\"@id\":\"https:\\\/\\\/www.cfjustice.org\\\/fr\\\/cfj-la-condamnation-du-journaliste-mustapha-bendjama-a-de-la-prison-ferme-est-une-consecration-de-la-presaille-judiciaire\\\/#primaryimage\",\"url\":\"https:\\\/\\\/www.cfjustice.org\\\/wp-content\\\/uploads\\\/2026\\\/03\\\/\u0627\u0644\u0635\u062d\u0641\u064a-\u0645\u0635\u0637\u0641\u0649-\u0628\u0646-\u062c\u0627\u0645\u0639.webp\",\"contentUrl\":\"https:\\\/\\\/www.cfjustice.org\\\/wp-content\\\/uploads\\\/2026\\\/03\\\/\u0627\u0644\u0635\u062d\u0641\u064a-\u0645\u0635\u0637\u0641\u0649-\u0628\u0646-\u062c\u0627\u0645\u0639.webp\",\"width\":1200,\"height\":675,\"caption\":\"\u0627\u0644\u0635\u062d\u0641\u064a \u0645\u0635\u0637\u0641\u0649 \u0628\u0646 \u062c\u0627\u0645\u0639\"},{\"@type\":\"BreadcrumbList\",\"@id\":\"https:\\\/\\\/www.cfjustice.org\\\/fr\\\/cfj-la-condamnation-du-journaliste-mustapha-bendjama-a-de-la-prison-ferme-est-une-consecration-de-la-presaille-judiciaire\\\/#breadcrumb\",\"itemListElement\":[{\"@type\":\"ListItem\",\"position\":1,\"name\":\"Home\",\"item\":\"https:\\\/\\\/www.cfjustice.org\\\/fr\\\/\"},{\"@type\":\"ListItem\",\"position\":2,\"name\":\"CFJ : La condamnation du journaliste Mustapha Bendjama \u00e0 de la prison ferme est une cons\u00e9cration de la pr\u00e9saille judiciaire\"}]},{\"@type\":\"WebSite\",\"@id\":\"https:\\\/\\\/www.cfjustice.org\\\/fr\\\/#website\",\"url\":\"https:\\\/\\\/www.cfjustice.org\\\/fr\\\/\",\"name\":\"Committee for Justice\",\"description\":\"We are working to achieve justice\",\"publisher\":{\"@id\":\"https:\\\/\\\/www.cfjustice.org\\\/fr\\\/#organization\"},\"alternateName\":\"CFJ\",\"potentialAction\":[{\"@type\":\"SearchAction\",\"target\":{\"@type\":\"EntryPoint\",\"urlTemplate\":\"https:\\\/\\\/www.cfjustice.org\\\/fr\\\/?s={search_term_string}\"},\"query-input\":{\"@type\":\"PropertyValueSpecification\",\"valueRequired\":true,\"valueName\":\"search_term_string\"}}],\"inLanguage\":\"fr-FR\"},{\"@type\":\"Organization\",\"@id\":\"https:\\\/\\\/www.cfjustice.org\\\/fr\\\/#organization\",\"name\":\"Committee for Justice\",\"url\":\"https:\\\/\\\/www.cfjustice.org\\\/fr\\\/\",\"logo\":{\"@type\":\"ImageObject\",\"inLanguage\":\"fr-FR\",\"@id\":\"https:\\\/\\\/www.cfjustice.org\\\/fr\\\/#\\\/schema\\\/logo\\\/image\\\/\",\"url\":\"https:\\\/\\\/www.cfjustice.org\\\/wp-content\\\/uploads\\\/2023\\\/10\\\/logo-1.svg\",\"contentUrl\":\"https:\\\/\\\/www.cfjustice.org\\\/wp-content\\\/uploads\\\/2023\\\/10\\\/logo-1.svg\",\"width\":1,\"height\":1,\"caption\":\"Committee for Justice\"},\"image\":{\"@id\":\"https:\\\/\\\/www.cfjustice.org\\\/fr\\\/#\\\/schema\\\/logo\\\/image\\\/\"},\"sameAs\":[\"https:\\\/\\\/www.facebook.com\\\/cfjusticeorg\",\"https:\\\/\\\/x.com\\\/cfjusticeorg\",\"https:\\\/\\\/www.linkedin.com\\\/company\\\/cfjustice\\\/\",\"https:\\\/\\\/www.youtube.com\\\/channel\\\/UCQdBw5-F5Z80xtts8UqRRqQ\",\"https:\\\/\\\/www.instagram.com\\\/cfjusticeorg\"]},{\"@type\":\"Person\",\"@id\":\"https:\\\/\\\/www.cfjustice.org\\\/fr\\\/#\\\/schema\\\/person\\\/bb556c12ed41de17b43b26af15865af9\",\"name\":\"mmurad\",\"image\":{\"@type\":\"ImageObject\",\"inLanguage\":\"fr-FR\",\"@id\":\"https:\\\/\\\/secure.gravatar.com\\\/avatar\\\/b01b45168573d27abfd52e48a08122adff6e2dd698a45002db0e5b672be19a34?s=96&d=mm&r=g\",\"url\":\"https:\\\/\\\/secure.gravatar.com\\\/avatar\\\/b01b45168573d27abfd52e48a08122adff6e2dd698a45002db0e5b672be19a34?s=96&d=mm&r=g\",\"contentUrl\":\"https:\\\/\\\/secure.gravatar.com\\\/avatar\\\/b01b45168573d27abfd52e48a08122adff6e2dd698a45002db0e5b672be19a34?s=96&d=mm&r=g\",\"caption\":\"mmurad\"},\"url\":\"https:\\\/\\\/www.cfjustice.org\\\/fr\\\/author\\\/mmurad\\\/\"}]}<\/script>\n<!-- \/ Yoast SEO plugin. -->","yoast_head_json":{"title":"CFJ : La condamnation du journaliste Mustapha Bendjama \u00e0 de la prison ferme est une cons\u00e9cration de la pr\u00e9saille judiciaire - Committee for Justice","description":"CFJ : La condamnation du journaliste Mustapha Bendjama \u00e0 de la prison ferme est une cons\u00e9cration de la pr\u00e9saille judiciaire","robots":{"index":"index","follow":"follow","max-snippet":"max-snippet:-1","max-image-preview":"max-image-preview:large","max-video-preview":"max-video-preview:-1"},"canonical":"https:\/\/www.cfjustice.org\/fr\/cfj-la-condamnation-du-journaliste-mustapha-bendjama-a-de-la-prison-ferme-est-une-consecration-de-la-presaille-judiciaire\/","og_locale":"fr_FR","og_type":"article","og_title":"CFJ : La condamnation du journaliste Mustapha Bendjama \u00e0 de la prison ferme est une cons\u00e9cration de la pr\u00e9saille judiciaire - Committee for Justice","og_description":"CFJ : La condamnation du journaliste Mustapha Bendjama \u00e0 de la prison ferme est une cons\u00e9cration de la pr\u00e9saille judiciaire","og_url":"https:\/\/www.cfjustice.org\/fr\/cfj-la-condamnation-du-journaliste-mustapha-bendjama-a-de-la-prison-ferme-est-une-consecration-de-la-presaille-judiciaire\/","og_site_name":"Committee for Justice","article_publisher":"https:\/\/www.facebook.com\/cfjusticeorg","article_published_time":"2026-03-09T01:00:11+00:00","og_image":[{"width":1200,"height":675,"url":"https:\/\/www.cfjustice.org\/wp-content\/uploads\/2026\/03\/\u0627\u0644\u0635\u062d\u0641\u064a-\u0645\u0635\u0637\u0641\u0649-\u0628\u0646-\u062c\u0627\u0645\u0639.webp","type":"image\/jpeg"}],"author":"mmurad","twitter_card":"summary_large_image","twitter_creator":"@cfjusticeorg","twitter_site":"@cfjusticeorg","twitter_misc":{"\u00c9crit par":"mmurad","Dur\u00e9e de lecture estim\u00e9e":"3 minutes"},"schema":{"@context":"https:\/\/schema.org","@graph":[{"@type":"Article","@id":"https:\/\/www.cfjustice.org\/fr\/cfj-la-condamnation-du-journaliste-mustapha-bendjama-a-de-la-prison-ferme-est-une-consecration-de-la-presaille-judiciaire\/#article","isPartOf":{"@id":"https:\/\/www.cfjustice.org\/fr\/cfj-la-condamnation-du-journaliste-mustapha-bendjama-a-de-la-prison-ferme-est-une-consecration-de-la-presaille-judiciaire\/"},"author":{"name":"mmurad","@id":"https:\/\/www.cfjustice.org\/fr\/#\/schema\/person\/bb556c12ed41de17b43b26af15865af9"},"headline":"CFJ : La condamnation du journaliste Mustapha Bendjama \u00e0 de la prison ferme est une cons\u00e9cration de la pr\u00e9saille judiciaire","datePublished":"2026-03-09T01:00:11+00:00","mainEntityOfPage":{"@id":"https:\/\/www.cfjustice.org\/fr\/cfj-la-condamnation-du-journaliste-mustapha-bendjama-a-de-la-prison-ferme-est-une-consecration-de-la-presaille-judiciaire\/"},"wordCount":616,"publisher":{"@id":"https:\/\/www.cfjustice.org\/fr\/#organization"},"image":{"@id":"https:\/\/www.cfjustice.org\/fr\/cfj-la-condamnation-du-journaliste-mustapha-bendjama-a-de-la-prison-ferme-est-une-consecration-de-la-presaille-judiciaire\/#primaryimage"},"thumbnailUrl":"https:\/\/www.cfjustice.org\/wp-content\/uploads\/2026\/03\/\u0627\u0644\u0635\u062d\u0641\u064a-\u0645\u0635\u0637\u0641\u0649-\u0628\u0646-\u062c\u0627\u0645\u0639.webp","articleSection":["nouvelles"],"inLanguage":"fr-FR"},{"@type":"WebPage","@id":"https:\/\/www.cfjustice.org\/fr\/cfj-la-condamnation-du-journaliste-mustapha-bendjama-a-de-la-prison-ferme-est-une-consecration-de-la-presaille-judiciaire\/","url":"https:\/\/www.cfjustice.org\/fr\/cfj-la-condamnation-du-journaliste-mustapha-bendjama-a-de-la-prison-ferme-est-une-consecration-de-la-presaille-judiciaire\/","name":"CFJ : La condamnation du journaliste Mustapha Bendjama \u00e0 de la prison ferme est une cons\u00e9cration de la pr\u00e9saille judiciaire - Committee for Justice","isPartOf":{"@id":"https:\/\/www.cfjustice.org\/fr\/#website"},"primaryImageOfPage":{"@id":"https:\/\/www.cfjustice.org\/fr\/cfj-la-condamnation-du-journaliste-mustapha-bendjama-a-de-la-prison-ferme-est-une-consecration-de-la-presaille-judiciaire\/#primaryimage"},"image":{"@id":"https:\/\/www.cfjustice.org\/fr\/cfj-la-condamnation-du-journaliste-mustapha-bendjama-a-de-la-prison-ferme-est-une-consecration-de-la-presaille-judiciaire\/#primaryimage"},"thumbnailUrl":"https:\/\/www.cfjustice.org\/wp-content\/uploads\/2026\/03\/\u0627\u0644\u0635\u062d\u0641\u064a-\u0645\u0635\u0637\u0641\u0649-\u0628\u0646-\u062c\u0627\u0645\u0639.webp","datePublished":"2026-03-09T01:00:11+00:00","description":"CFJ : La condamnation du journaliste Mustapha Bendjama \u00e0 de la prison ferme est une cons\u00e9cration de la pr\u00e9saille judiciaire","breadcrumb":{"@id":"https:\/\/www.cfjustice.org\/fr\/cfj-la-condamnation-du-journaliste-mustapha-bendjama-a-de-la-prison-ferme-est-une-consecration-de-la-presaille-judiciaire\/#breadcrumb"},"inLanguage":"fr-FR","potentialAction":[{"@type":"ReadAction","target":["https:\/\/www.cfjustice.org\/fr\/cfj-la-condamnation-du-journaliste-mustapha-bendjama-a-de-la-prison-ferme-est-une-consecration-de-la-presaille-judiciaire\/"]}]},{"@type":"ImageObject","inLanguage":"fr-FR","@id":"https:\/\/www.cfjustice.org\/fr\/cfj-la-condamnation-du-journaliste-mustapha-bendjama-a-de-la-prison-ferme-est-une-consecration-de-la-presaille-judiciaire\/#primaryimage","url":"https:\/\/www.cfjustice.org\/wp-content\/uploads\/2026\/03\/\u0627\u0644\u0635\u062d\u0641\u064a-\u0645\u0635\u0637\u0641\u0649-\u0628\u0646-\u062c\u0627\u0645\u0639.webp","contentUrl":"https:\/\/www.cfjustice.org\/wp-content\/uploads\/2026\/03\/\u0627\u0644\u0635\u062d\u0641\u064a-\u0645\u0635\u0637\u0641\u0649-\u0628\u0646-\u062c\u0627\u0645\u0639.webp","width":1200,"height":675,"caption":"\u0627\u0644\u0635\u062d\u0641\u064a \u0645\u0635\u0637\u0641\u0649 \u0628\u0646 \u062c\u0627\u0645\u0639"},{"@type":"BreadcrumbList","@id":"https:\/\/www.cfjustice.org\/fr\/cfj-la-condamnation-du-journaliste-mustapha-bendjama-a-de-la-prison-ferme-est-une-consecration-de-la-presaille-judiciaire\/#breadcrumb","itemListElement":[{"@type":"ListItem","position":1,"name":"Home","item":"https:\/\/www.cfjustice.org\/fr\/"},{"@type":"ListItem","position":2,"name":"CFJ : La condamnation du journaliste Mustapha Bendjama \u00e0 de la prison ferme est une cons\u00e9cration de la pr\u00e9saille judiciaire"}]},{"@type":"WebSite","@id":"https:\/\/www.cfjustice.org\/fr\/#website","url":"https:\/\/www.cfjustice.org\/fr\/","name":"Committee for Justice","description":"We are working to achieve justice","publisher":{"@id":"https:\/\/www.cfjustice.org\/fr\/#organization"},"alternateName":"CFJ","potentialAction":[{"@type":"SearchAction","target":{"@type":"EntryPoint","urlTemplate":"https:\/\/www.cfjustice.org\/fr\/?s={search_term_string}"},"query-input":{"@type":"PropertyValueSpecification","valueRequired":true,"valueName":"search_term_string"}}],"inLanguage":"fr-FR"},{"@type":"Organization","@id":"https:\/\/www.cfjustice.org\/fr\/#organization","name":"Committee for Justice","url":"https:\/\/www.cfjustice.org\/fr\/","logo":{"@type":"ImageObject","inLanguage":"fr-FR","@id":"https:\/\/www.cfjustice.org\/fr\/#\/schema\/logo\/image\/","url":"https:\/\/www.cfjustice.org\/wp-content\/uploads\/2023\/10\/logo-1.svg","contentUrl":"https:\/\/www.cfjustice.org\/wp-content\/uploads\/2023\/10\/logo-1.svg","width":1,"height":1,"caption":"Committee for Justice"},"image":{"@id":"https:\/\/www.cfjustice.org\/fr\/#\/schema\/logo\/image\/"},"sameAs":["https:\/\/www.facebook.com\/cfjusticeorg","https:\/\/x.com\/cfjusticeorg","https:\/\/www.linkedin.com\/company\/cfjustice\/","https:\/\/www.youtube.com\/channel\/UCQdBw5-F5Z80xtts8UqRRqQ","https:\/\/www.instagram.com\/cfjusticeorg"]},{"@type":"Person","@id":"https:\/\/www.cfjustice.org\/fr\/#\/schema\/person\/bb556c12ed41de17b43b26af15865af9","name":"mmurad","image":{"@type":"ImageObject","inLanguage":"fr-FR","@id":"https:\/\/secure.gravatar.com\/avatar\/b01b45168573d27abfd52e48a08122adff6e2dd698a45002db0e5b672be19a34?s=96&d=mm&r=g","url":"https:\/\/secure.gravatar.com\/avatar\/b01b45168573d27abfd52e48a08122adff6e2dd698a45002db0e5b672be19a34?s=96&d=mm&r=g","contentUrl":"https:\/\/secure.gravatar.com\/avatar\/b01b45168573d27abfd52e48a08122adff6e2dd698a45002db0e5b672be19a34?s=96&d=mm&r=g","caption":"mmurad"},"url":"https:\/\/www.cfjustice.org\/fr\/author\/mmurad\/"}]}},"_links":{"self":[{"href":"https:\/\/www.cfjustice.org\/fr\/wp-json\/wp\/v2\/posts\/54217","targetHints":{"allow":["GET"]}}],"collection":[{"href":"https:\/\/www.cfjustice.org\/fr\/wp-json\/wp\/v2\/posts"}],"about":[{"href":"https:\/\/www.cfjustice.org\/fr\/wp-json\/wp\/v2\/types\/post"}],"author":[{"embeddable":true,"href":"https:\/\/www.cfjustice.org\/fr\/wp-json\/wp\/v2\/users\/962"}],"replies":[{"embeddable":true,"href":"https:\/\/www.cfjustice.org\/fr\/wp-json\/wp\/v2\/comments?post=54217"}],"version-history":[{"count":0,"href":"https:\/\/www.cfjustice.org\/fr\/wp-json\/wp\/v2\/posts\/54217\/revisions"}],"wp:featuredmedia":[{"embeddable":true,"href":"https:\/\/www.cfjustice.org\/fr\/wp-json\/wp\/v2\/media\/54215"}],"wp:attachment":[{"href":"https:\/\/www.cfjustice.org\/fr\/wp-json\/wp\/v2\/media?parent=54217"}],"wp:term":[{"taxonomy":"category","embeddable":true,"href":"https:\/\/www.cfjustice.org\/fr\/wp-json\/wp\/v2\/categories?post=54217"},{"taxonomy":"post_tag","embeddable":true,"href":"https:\/\/www.cfjustice.org\/fr\/wp-json\/wp\/v2\/tags?post=54217"},{"taxonomy":"countries","embeddable":true,"href":"https:\/\/www.cfjustice.org\/fr\/wp-json\/wp\/v2\/countries?post=54217"},{"taxonomy":"cases","embeddable":true,"href":"https:\/\/www.cfjustice.org\/fr\/wp-json\/wp\/v2\/cases?post=54217"},{"taxonomy":"writer","embeddable":true,"href":"https:\/\/www.cfjustice.org\/fr\/wp-json\/wp\/v2\/writer?post=54217"},{"taxonomy":"coalitions","embeddable":true,"href":"https:\/\/www.cfjustice.org\/fr\/wp-json\/wp\/v2\/coalitions?post=54217"}],"curies":[{"name":"wp","href":"https:\/\/api.w.org\/{rel}","templated":true}]}}