{"id":54197,"date":"2026-03-09T01:43:22","date_gmt":"2026-03-09T00:43:22","guid":{"rendered":"https:\/\/www.cfjustice.org\/le-comite-pour-la-justice-cfj-deplore-le-maintien-en-detention-provisoire-du-journaliste-abdelali-mezghiche-et-appelle-a-cesser-la-criminalisation-du-travail-mediatique\/"},"modified":"2026-03-09T01:43:22","modified_gmt":"2026-03-09T00:43:22","slug":"le-comite-pour-la-justice-cfj-deplore-le-maintien-en-detention-provisoire-du-journaliste-abdelali-mezghiche-et-appelle-a-cesser-la-criminalisation-du-travail-mediatique","status":"publish","type":"post","link":"https:\/\/www.cfjustice.org\/fr\/le-comite-pour-la-justice-cfj-deplore-le-maintien-en-detention-provisoire-du-journaliste-abdelali-mezghiche-et-appelle-a-cesser-la-criminalisation-du-travail-mediatique\/","title":{"rendered":"Le Comit\u00e9 pour la Justice (CFJ) d\u00e9plore le maintien en d\u00e9tention provisoire du journaliste Abdelali Mezghiche et appelle \u00e0 cesser la criminalisation du travail m\u00e9diatique"},"content":{"rendered":"<p>Le <strong>Comit\u00e9 pour la Justice (Committee for Justice)<\/strong> exprime sa profonde d\u00e9ception suite \u00e0 la d\u00e9cision de la chambre d&rsquo;accusation de la cour d&rsquo;Alger, rendue le 22 f\u00e9vrier, de rejeter la demande de mise de libert\u00e9 provisoire du journaliste et po\u00e8te <strong>Abdelali Mezghiche<\/strong>, confirmant ainsi son placement en d\u00e9tention provisoire \u00e0 la prison de Kol\u00e9a.<\/p>\n<p>Le <strong>CFJ<\/strong> consid\u00e8re que l&rsquo;insistance \u00e0 maintenir M. Mezghiche en d\u00e9tention, malgr\u00e9 les garanties pr\u00e9sent\u00e9es par sa d\u00e9fense, transforme la \u00ab\u00a0d\u00e9tention provisoire\u00a0\u00bb en une sanction pr\u00e9ventive contre les journalistes. Le Comit\u00e9 souligne que les charges retenues, notamment \u00ab\u00a0diffusion de publications portant atteinte \u00e0 l&rsquo;int\u00e9r\u00eat national\u00a0\u00bb, s&rsquo;inscrivent strictement dans le cadre de l&rsquo;exercice de sa profession de journaliste, prot\u00e9g\u00e9 par la Constitution.<\/p>\n<p>Le Comit\u00e9 appelle les autorit\u00e9s judiciaires alg\u00e9riennes \u00e0 r\u00e9viser cette d\u00e9cision, \u00e0 respecter la pr\u00e9somption d&rsquo;innocence et \u00e0 lib\u00e9rer imm\u00e9diatement Abdelali Mezghiche, afin de mettre fin \u00e0 ce qui s&rsquo;apparente \u00e0 un harc\u00e8lement judiciaire contre les voix m\u00e9diatiques ind\u00e9pendantes.<\/p>\n","protected":false},"excerpt":{"rendered":"<p>Le Comit\u00e9 pour la Justice (Committee for Justice) exprime sa profonde d\u00e9ception suite \u00e0 la d\u00e9cision de la chambre d&rsquo;accusation de la cour d&rsquo;Alger, rendue le 22 f\u00e9vrier, de rejeter [&hellip;]<\/p>\n","protected":false},"author":962,"featured_media":54195,"comment_status":"closed","ping_status":"closed","sticky":false,"template":"","format":"standard","meta":{"_monsterinsights_skip_tracking":false,"_monsterinsights_sitenote_active":false,"_monsterinsights_sitenote_note":"","_monsterinsights_sitenote_category":0,"_price":"","_stock":"","_tribe_ticket_header":"","_tribe_default_ticket_provider":"","_tribe_ticket_capacity":"","_ticket_start_date":"","_ticket_end_date":"","_tribe_ticket_show_description":"","_tribe_ticket_show_not_going":false,"_tribe_ticket_use_global_stock":"","_tribe_ticket_global_stock_level":"","_global_stock_mode":"","_global_stock_cap":"","_tribe_rsvp_for_event":"","_tribe_ticket_going_count":"","_tribe_ticket_not_going_count":"","_tribe_tickets_list":"[]","_tribe_ticket_has_attendee_info_fields":false,"footnotes":""},"categories":[999],"tags":[],"countries":[1032,869],"cases":[],"writer":[],"coalitions":[],"class_list":["post-54197","post","type-post","status-publish","format-standard","has-post-thumbnail","hentry","category-nouvelles","countries-afrique-du-nord","countries-algerie","has-post-title","has-post-date","has-post-category","has-post-tag","has-post-comment","has-post-author",""],"yoast_head":"<!-- This site is optimized with the Yoast SEO plugin v27.4 - https:\/\/yoast.com\/product\/yoast-seo-wordpress\/ -->\n<title>Le Comit\u00e9 pour la Justice (CFJ) d\u00e9plore le maintien en d\u00e9tention provisoire du journaliste Abdelali Mezghiche et appelle \u00e0 cesser la criminalisation du travail m\u00e9diatique - Committee for Justice<\/title>\n<meta name=\"description\" content=\"Le Comit\u00e9 pour la Justice (CFJ) d\u00e9plore le maintien en d\u00e9tention provisoire du journaliste Abdelali Mezghiche et appelle \u00e0 cesser la criminalisation du travail m\u00e9diatique\" \/>\n<meta name=\"robots\" content=\"index, follow, max-snippet:-1, max-image-preview:large, max-video-preview:-1\" \/>\n<link rel=\"canonical\" href=\"https:\/\/www.cfjustice.org\/fr\/le-comite-pour-la-justice-cfj-deplore-le-maintien-en-detention-provisoire-du-journaliste-abdelali-mezghiche-et-appelle-a-cesser-la-criminalisation-du-travail-mediatique\/\" \/>\n<meta property=\"og:locale\" content=\"fr_FR\" \/>\n<meta property=\"og:type\" content=\"article\" \/>\n<meta property=\"og:title\" content=\"Le Comit\u00e9 pour la Justice (CFJ) d\u00e9plore le maintien en d\u00e9tention provisoire du journaliste Abdelali Mezghiche et appelle \u00e0 cesser la criminalisation du travail m\u00e9diatique - Committee for Justice\" \/>\n<meta property=\"og:description\" content=\"Le Comit\u00e9 pour la Justice (CFJ) d\u00e9plore le maintien en d\u00e9tention provisoire du journaliste Abdelali Mezghiche et appelle \u00e0 cesser la criminalisation du travail m\u00e9diatique\" \/>\n<meta property=\"og:url\" content=\"https:\/\/www.cfjustice.org\/fr\/le-comite-pour-la-justice-cfj-deplore-le-maintien-en-detention-provisoire-du-journaliste-abdelali-mezghiche-et-appelle-a-cesser-la-criminalisation-du-travail-mediatique\/\" \/>\n<meta property=\"og:site_name\" content=\"Committee for Justice\" \/>\n<meta property=\"article:publisher\" content=\"https:\/\/www.facebook.com\/cfjusticeorg\" \/>\n<meta property=\"article:published_time\" content=\"2026-03-09T00:43:22+00:00\" \/>\n<meta property=\"og:image\" content=\"https:\/\/www.cfjustice.org\/wp-content\/uploads\/2026\/03\/\u0639\u0628\u062f-\u0627\u0644\u0639\u0627\u0644\u064a-\u0645\u0632\u063a\u064a\u0634.webp\" \/>\n\t<meta property=\"og:image:width\" content=\"1200\" \/>\n\t<meta property=\"og:image:height\" content=\"675\" \/>\n\t<meta property=\"og:image:type\" content=\"image\/jpeg\" \/>\n<meta name=\"author\" content=\"mmurad\" \/>\n<meta name=\"twitter:card\" content=\"summary_large_image\" \/>\n<meta name=\"twitter:creator\" content=\"@cfjusticeorg\" \/>\n<meta name=\"twitter:site\" content=\"@cfjusticeorg\" \/>\n<meta name=\"twitter:label1\" content=\"\u00c9crit par\" \/>\n\t<meta name=\"twitter:data1\" content=\"mmurad\" \/>\n\t<meta name=\"twitter:label2\" content=\"Dur\u00e9e de lecture estim\u00e9e\" \/>\n\t<meta name=\"twitter:data2\" content=\"1 minute\" \/>\n<script type=\"application\/ld+json\" class=\"yoast-schema-graph\">{\"@context\":\"https:\\\/\\\/schema.org\",\"@graph\":[{\"@type\":\"Article\",\"@id\":\"https:\\\/\\\/www.cfjustice.org\\\/fr\\\/le-comite-pour-la-justice-cfj-deplore-le-maintien-en-detention-provisoire-du-journaliste-abdelali-mezghiche-et-appelle-a-cesser-la-criminalisation-du-travail-mediatique\\\/#article\",\"isPartOf\":{\"@id\":\"https:\\\/\\\/www.cfjustice.org\\\/fr\\\/le-comite-pour-la-justice-cfj-deplore-le-maintien-en-detention-provisoire-du-journaliste-abdelali-mezghiche-et-appelle-a-cesser-la-criminalisation-du-travail-mediatique\\\/\"},\"author\":{\"name\":\"mmurad\",\"@id\":\"https:\\\/\\\/www.cfjustice.org\\\/fr\\\/#\\\/schema\\\/person\\\/bb556c12ed41de17b43b26af15865af9\"},\"headline\":\"Le Comit\u00e9 pour la Justice (CFJ) d\u00e9plore le maintien en d\u00e9tention provisoire du journaliste Abdelali Mezghiche et appelle \u00e0 cesser la criminalisation du travail m\u00e9diatique\",\"datePublished\":\"2026-03-09T00:43:22+00:00\",\"mainEntityOfPage\":{\"@id\":\"https:\\\/\\\/www.cfjustice.org\\\/fr\\\/le-comite-pour-la-justice-cfj-deplore-le-maintien-en-detention-provisoire-du-journaliste-abdelali-mezghiche-et-appelle-a-cesser-la-criminalisation-du-travail-mediatique\\\/\"},\"wordCount\":206,\"publisher\":{\"@id\":\"https:\\\/\\\/www.cfjustice.org\\\/fr\\\/#organization\"},\"image\":{\"@id\":\"https:\\\/\\\/www.cfjustice.org\\\/fr\\\/le-comite-pour-la-justice-cfj-deplore-le-maintien-en-detention-provisoire-du-journaliste-abdelali-mezghiche-et-appelle-a-cesser-la-criminalisation-du-travail-mediatique\\\/#primaryimage\"},\"thumbnailUrl\":\"https:\\\/\\\/www.cfjustice.org\\\/wp-content\\\/uploads\\\/2026\\\/03\\\/\u0639\u0628\u062f-\u0627\u0644\u0639\u0627\u0644\u064a-\u0645\u0632\u063a\u064a\u0634.webp\",\"articleSection\":[\"nouvelles\"],\"inLanguage\":\"fr-FR\"},{\"@type\":\"WebPage\",\"@id\":\"https:\\\/\\\/www.cfjustice.org\\\/fr\\\/le-comite-pour-la-justice-cfj-deplore-le-maintien-en-detention-provisoire-du-journaliste-abdelali-mezghiche-et-appelle-a-cesser-la-criminalisation-du-travail-mediatique\\\/\",\"url\":\"https:\\\/\\\/www.cfjustice.org\\\/fr\\\/le-comite-pour-la-justice-cfj-deplore-le-maintien-en-detention-provisoire-du-journaliste-abdelali-mezghiche-et-appelle-a-cesser-la-criminalisation-du-travail-mediatique\\\/\",\"name\":\"Le Comit\u00e9 pour la Justice (CFJ) d\u00e9plore le maintien en d\u00e9tention provisoire du journaliste Abdelali Mezghiche et appelle \u00e0 cesser la criminalisation du travail m\u00e9diatique - Committee for Justice\",\"isPartOf\":{\"@id\":\"https:\\\/\\\/www.cfjustice.org\\\/fr\\\/#website\"},\"primaryImageOfPage\":{\"@id\":\"https:\\\/\\\/www.cfjustice.org\\\/fr\\\/le-comite-pour-la-justice-cfj-deplore-le-maintien-en-detention-provisoire-du-journaliste-abdelali-mezghiche-et-appelle-a-cesser-la-criminalisation-du-travail-mediatique\\\/#primaryimage\"},\"image\":{\"@id\":\"https:\\\/\\\/www.cfjustice.org\\\/fr\\\/le-comite-pour-la-justice-cfj-deplore-le-maintien-en-detention-provisoire-du-journaliste-abdelali-mezghiche-et-appelle-a-cesser-la-criminalisation-du-travail-mediatique\\\/#primaryimage\"},\"thumbnailUrl\":\"https:\\\/\\\/www.cfjustice.org\\\/wp-content\\\/uploads\\\/2026\\\/03\\\/\u0639\u0628\u062f-\u0627\u0644\u0639\u0627\u0644\u064a-\u0645\u0632\u063a\u064a\u0634.webp\",\"datePublished\":\"2026-03-09T00:43:22+00:00\",\"description\":\"Le Comit\u00e9 pour la Justice (CFJ) d\u00e9plore le maintien en d\u00e9tention provisoire du journaliste Abdelali Mezghiche et appelle \u00e0 cesser la criminalisation du travail m\u00e9diatique\",\"breadcrumb\":{\"@id\":\"https:\\\/\\\/www.cfjustice.org\\\/fr\\\/le-comite-pour-la-justice-cfj-deplore-le-maintien-en-detention-provisoire-du-journaliste-abdelali-mezghiche-et-appelle-a-cesser-la-criminalisation-du-travail-mediatique\\\/#breadcrumb\"},\"inLanguage\":\"fr-FR\",\"potentialAction\":[{\"@type\":\"ReadAction\",\"target\":[\"https:\\\/\\\/www.cfjustice.org\\\/fr\\\/le-comite-pour-la-justice-cfj-deplore-le-maintien-en-detention-provisoire-du-journaliste-abdelali-mezghiche-et-appelle-a-cesser-la-criminalisation-du-travail-mediatique\\\/\"]}]},{\"@type\":\"ImageObject\",\"inLanguage\":\"fr-FR\",\"@id\":\"https:\\\/\\\/www.cfjustice.org\\\/fr\\\/le-comite-pour-la-justice-cfj-deplore-le-maintien-en-detention-provisoire-du-journaliste-abdelali-mezghiche-et-appelle-a-cesser-la-criminalisation-du-travail-mediatique\\\/#primaryimage\",\"url\":\"https:\\\/\\\/www.cfjustice.org\\\/wp-content\\\/uploads\\\/2026\\\/03\\\/\u0639\u0628\u062f-\u0627\u0644\u0639\u0627\u0644\u064a-\u0645\u0632\u063a\u064a\u0634.webp\",\"contentUrl\":\"https:\\\/\\\/www.cfjustice.org\\\/wp-content\\\/uploads\\\/2026\\\/03\\\/\u0639\u0628\u062f-\u0627\u0644\u0639\u0627\u0644\u064a-\u0645\u0632\u063a\u064a\u0634.webp\",\"width\":1200,\"height\":675},{\"@type\":\"BreadcrumbList\",\"@id\":\"https:\\\/\\\/www.cfjustice.org\\\/fr\\\/le-comite-pour-la-justice-cfj-deplore-le-maintien-en-detention-provisoire-du-journaliste-abdelali-mezghiche-et-appelle-a-cesser-la-criminalisation-du-travail-mediatique\\\/#breadcrumb\",\"itemListElement\":[{\"@type\":\"ListItem\",\"position\":1,\"name\":\"Home\",\"item\":\"https:\\\/\\\/www.cfjustice.org\\\/fr\\\/\"},{\"@type\":\"ListItem\",\"position\":2,\"name\":\"Le Comit\u00e9 pour la Justice (CFJ) d\u00e9plore le maintien en d\u00e9tention provisoire du journaliste Abdelali Mezghiche et appelle \u00e0 cesser la criminalisation du travail m\u00e9diatique\"}]},{\"@type\":\"WebSite\",\"@id\":\"https:\\\/\\\/www.cfjustice.org\\\/fr\\\/#website\",\"url\":\"https:\\\/\\\/www.cfjustice.org\\\/fr\\\/\",\"name\":\"Committee for Justice\",\"description\":\"We are working to achieve justice\",\"publisher\":{\"@id\":\"https:\\\/\\\/www.cfjustice.org\\\/fr\\\/#organization\"},\"alternateName\":\"CFJ\",\"potentialAction\":[{\"@type\":\"SearchAction\",\"target\":{\"@type\":\"EntryPoint\",\"urlTemplate\":\"https:\\\/\\\/www.cfjustice.org\\\/fr\\\/?s={search_term_string}\"},\"query-input\":{\"@type\":\"PropertyValueSpecification\",\"valueRequired\":true,\"valueName\":\"search_term_string\"}}],\"inLanguage\":\"fr-FR\"},{\"@type\":\"Organization\",\"@id\":\"https:\\\/\\\/www.cfjustice.org\\\/fr\\\/#organization\",\"name\":\"Committee for Justice\",\"url\":\"https:\\\/\\\/www.cfjustice.org\\\/fr\\\/\",\"logo\":{\"@type\":\"ImageObject\",\"inLanguage\":\"fr-FR\",\"@id\":\"https:\\\/\\\/www.cfjustice.org\\\/fr\\\/#\\\/schema\\\/logo\\\/image\\\/\",\"url\":\"https:\\\/\\\/www.cfjustice.org\\\/wp-content\\\/uploads\\\/2023\\\/10\\\/logo-1.svg\",\"contentUrl\":\"https:\\\/\\\/www.cfjustice.org\\\/wp-content\\\/uploads\\\/2023\\\/10\\\/logo-1.svg\",\"width\":1,\"height\":1,\"caption\":\"Committee for Justice\"},\"image\":{\"@id\":\"https:\\\/\\\/www.cfjustice.org\\\/fr\\\/#\\\/schema\\\/logo\\\/image\\\/\"},\"sameAs\":[\"https:\\\/\\\/www.facebook.com\\\/cfjusticeorg\",\"https:\\\/\\\/x.com\\\/cfjusticeorg\",\"https:\\\/\\\/www.linkedin.com\\\/company\\\/cfjustice\\\/\",\"https:\\\/\\\/www.youtube.com\\\/channel\\\/UCQdBw5-F5Z80xtts8UqRRqQ\",\"https:\\\/\\\/www.instagram.com\\\/cfjusticeorg\"]},{\"@type\":\"Person\",\"@id\":\"https:\\\/\\\/www.cfjustice.org\\\/fr\\\/#\\\/schema\\\/person\\\/bb556c12ed41de17b43b26af15865af9\",\"name\":\"mmurad\",\"image\":{\"@type\":\"ImageObject\",\"inLanguage\":\"fr-FR\",\"@id\":\"https:\\\/\\\/secure.gravatar.com\\\/avatar\\\/b01b45168573d27abfd52e48a08122adff6e2dd698a45002db0e5b672be19a34?s=96&d=mm&r=g\",\"url\":\"https:\\\/\\\/secure.gravatar.com\\\/avatar\\\/b01b45168573d27abfd52e48a08122adff6e2dd698a45002db0e5b672be19a34?s=96&d=mm&r=g\",\"contentUrl\":\"https:\\\/\\\/secure.gravatar.com\\\/avatar\\\/b01b45168573d27abfd52e48a08122adff6e2dd698a45002db0e5b672be19a34?s=96&d=mm&r=g\",\"caption\":\"mmurad\"},\"url\":\"https:\\\/\\\/www.cfjustice.org\\\/fr\\\/author\\\/mmurad\\\/\"}]}<\/script>\n<!-- \/ Yoast SEO plugin. -->","yoast_head_json":{"title":"Le Comit\u00e9 pour la Justice (CFJ) d\u00e9plore le maintien en d\u00e9tention provisoire du journaliste Abdelali Mezghiche et appelle \u00e0 cesser la criminalisation du travail m\u00e9diatique - Committee for Justice","description":"Le Comit\u00e9 pour la Justice (CFJ) d\u00e9plore le maintien en d\u00e9tention provisoire du journaliste Abdelali Mezghiche et appelle \u00e0 cesser la criminalisation du travail m\u00e9diatique","robots":{"index":"index","follow":"follow","max-snippet":"max-snippet:-1","max-image-preview":"max-image-preview:large","max-video-preview":"max-video-preview:-1"},"canonical":"https:\/\/www.cfjustice.org\/fr\/le-comite-pour-la-justice-cfj-deplore-le-maintien-en-detention-provisoire-du-journaliste-abdelali-mezghiche-et-appelle-a-cesser-la-criminalisation-du-travail-mediatique\/","og_locale":"fr_FR","og_type":"article","og_title":"Le Comit\u00e9 pour la Justice (CFJ) d\u00e9plore le maintien en d\u00e9tention provisoire du journaliste Abdelali Mezghiche et appelle \u00e0 cesser la criminalisation du travail m\u00e9diatique - Committee for Justice","og_description":"Le Comit\u00e9 pour la Justice (CFJ) d\u00e9plore le maintien en d\u00e9tention provisoire du journaliste Abdelali Mezghiche et appelle \u00e0 cesser la criminalisation du travail m\u00e9diatique","og_url":"https:\/\/www.cfjustice.org\/fr\/le-comite-pour-la-justice-cfj-deplore-le-maintien-en-detention-provisoire-du-journaliste-abdelali-mezghiche-et-appelle-a-cesser-la-criminalisation-du-travail-mediatique\/","og_site_name":"Committee for Justice","article_publisher":"https:\/\/www.facebook.com\/cfjusticeorg","article_published_time":"2026-03-09T00:43:22+00:00","og_image":[{"width":1200,"height":675,"url":"https:\/\/www.cfjustice.org\/wp-content\/uploads\/2026\/03\/\u0639\u0628\u062f-\u0627\u0644\u0639\u0627\u0644\u064a-\u0645\u0632\u063a\u064a\u0634.webp","type":"image\/jpeg"}],"author":"mmurad","twitter_card":"summary_large_image","twitter_creator":"@cfjusticeorg","twitter_site":"@cfjusticeorg","twitter_misc":{"\u00c9crit par":"mmurad","Dur\u00e9e de lecture estim\u00e9e":"1 minute"},"schema":{"@context":"https:\/\/schema.org","@graph":[{"@type":"Article","@id":"https:\/\/www.cfjustice.org\/fr\/le-comite-pour-la-justice-cfj-deplore-le-maintien-en-detention-provisoire-du-journaliste-abdelali-mezghiche-et-appelle-a-cesser-la-criminalisation-du-travail-mediatique\/#article","isPartOf":{"@id":"https:\/\/www.cfjustice.org\/fr\/le-comite-pour-la-justice-cfj-deplore-le-maintien-en-detention-provisoire-du-journaliste-abdelali-mezghiche-et-appelle-a-cesser-la-criminalisation-du-travail-mediatique\/"},"author":{"name":"mmurad","@id":"https:\/\/www.cfjustice.org\/fr\/#\/schema\/person\/bb556c12ed41de17b43b26af15865af9"},"headline":"Le Comit\u00e9 pour la Justice (CFJ) d\u00e9plore le maintien en d\u00e9tention provisoire du journaliste Abdelali Mezghiche et appelle \u00e0 cesser la criminalisation du travail m\u00e9diatique","datePublished":"2026-03-09T00:43:22+00:00","mainEntityOfPage":{"@id":"https:\/\/www.cfjustice.org\/fr\/le-comite-pour-la-justice-cfj-deplore-le-maintien-en-detention-provisoire-du-journaliste-abdelali-mezghiche-et-appelle-a-cesser-la-criminalisation-du-travail-mediatique\/"},"wordCount":206,"publisher":{"@id":"https:\/\/www.cfjustice.org\/fr\/#organization"},"image":{"@id":"https:\/\/www.cfjustice.org\/fr\/le-comite-pour-la-justice-cfj-deplore-le-maintien-en-detention-provisoire-du-journaliste-abdelali-mezghiche-et-appelle-a-cesser-la-criminalisation-du-travail-mediatique\/#primaryimage"},"thumbnailUrl":"https:\/\/www.cfjustice.org\/wp-content\/uploads\/2026\/03\/\u0639\u0628\u062f-\u0627\u0644\u0639\u0627\u0644\u064a-\u0645\u0632\u063a\u064a\u0634.webp","articleSection":["nouvelles"],"inLanguage":"fr-FR"},{"@type":"WebPage","@id":"https:\/\/www.cfjustice.org\/fr\/le-comite-pour-la-justice-cfj-deplore-le-maintien-en-detention-provisoire-du-journaliste-abdelali-mezghiche-et-appelle-a-cesser-la-criminalisation-du-travail-mediatique\/","url":"https:\/\/www.cfjustice.org\/fr\/le-comite-pour-la-justice-cfj-deplore-le-maintien-en-detention-provisoire-du-journaliste-abdelali-mezghiche-et-appelle-a-cesser-la-criminalisation-du-travail-mediatique\/","name":"Le Comit\u00e9 pour la Justice (CFJ) d\u00e9plore le maintien en d\u00e9tention provisoire du journaliste Abdelali Mezghiche et appelle \u00e0 cesser la criminalisation du travail m\u00e9diatique - Committee for Justice","isPartOf":{"@id":"https:\/\/www.cfjustice.org\/fr\/#website"},"primaryImageOfPage":{"@id":"https:\/\/www.cfjustice.org\/fr\/le-comite-pour-la-justice-cfj-deplore-le-maintien-en-detention-provisoire-du-journaliste-abdelali-mezghiche-et-appelle-a-cesser-la-criminalisation-du-travail-mediatique\/#primaryimage"},"image":{"@id":"https:\/\/www.cfjustice.org\/fr\/le-comite-pour-la-justice-cfj-deplore-le-maintien-en-detention-provisoire-du-journaliste-abdelali-mezghiche-et-appelle-a-cesser-la-criminalisation-du-travail-mediatique\/#primaryimage"},"thumbnailUrl":"https:\/\/www.cfjustice.org\/wp-content\/uploads\/2026\/03\/\u0639\u0628\u062f-\u0627\u0644\u0639\u0627\u0644\u064a-\u0645\u0632\u063a\u064a\u0634.webp","datePublished":"2026-03-09T00:43:22+00:00","description":"Le Comit\u00e9 pour la Justice (CFJ) d\u00e9plore le maintien en d\u00e9tention provisoire du journaliste Abdelali Mezghiche et appelle \u00e0 cesser la criminalisation du travail m\u00e9diatique","breadcrumb":{"@id":"https:\/\/www.cfjustice.org\/fr\/le-comite-pour-la-justice-cfj-deplore-le-maintien-en-detention-provisoire-du-journaliste-abdelali-mezghiche-et-appelle-a-cesser-la-criminalisation-du-travail-mediatique\/#breadcrumb"},"inLanguage":"fr-FR","potentialAction":[{"@type":"ReadAction","target":["https:\/\/www.cfjustice.org\/fr\/le-comite-pour-la-justice-cfj-deplore-le-maintien-en-detention-provisoire-du-journaliste-abdelali-mezghiche-et-appelle-a-cesser-la-criminalisation-du-travail-mediatique\/"]}]},{"@type":"ImageObject","inLanguage":"fr-FR","@id":"https:\/\/www.cfjustice.org\/fr\/le-comite-pour-la-justice-cfj-deplore-le-maintien-en-detention-provisoire-du-journaliste-abdelali-mezghiche-et-appelle-a-cesser-la-criminalisation-du-travail-mediatique\/#primaryimage","url":"https:\/\/www.cfjustice.org\/wp-content\/uploads\/2026\/03\/\u0639\u0628\u062f-\u0627\u0644\u0639\u0627\u0644\u064a-\u0645\u0632\u063a\u064a\u0634.webp","contentUrl":"https:\/\/www.cfjustice.org\/wp-content\/uploads\/2026\/03\/\u0639\u0628\u062f-\u0627\u0644\u0639\u0627\u0644\u064a-\u0645\u0632\u063a\u064a\u0634.webp","width":1200,"height":675},{"@type":"BreadcrumbList","@id":"https:\/\/www.cfjustice.org\/fr\/le-comite-pour-la-justice-cfj-deplore-le-maintien-en-detention-provisoire-du-journaliste-abdelali-mezghiche-et-appelle-a-cesser-la-criminalisation-du-travail-mediatique\/#breadcrumb","itemListElement":[{"@type":"ListItem","position":1,"name":"Home","item":"https:\/\/www.cfjustice.org\/fr\/"},{"@type":"ListItem","position":2,"name":"Le Comit\u00e9 pour la Justice (CFJ) d\u00e9plore le maintien en d\u00e9tention provisoire du journaliste Abdelali Mezghiche et appelle \u00e0 cesser la criminalisation du travail m\u00e9diatique"}]},{"@type":"WebSite","@id":"https:\/\/www.cfjustice.org\/fr\/#website","url":"https:\/\/www.cfjustice.org\/fr\/","name":"Committee for Justice","description":"We are working to achieve justice","publisher":{"@id":"https:\/\/www.cfjustice.org\/fr\/#organization"},"alternateName":"CFJ","potentialAction":[{"@type":"SearchAction","target":{"@type":"EntryPoint","urlTemplate":"https:\/\/www.cfjustice.org\/fr\/?s={search_term_string}"},"query-input":{"@type":"PropertyValueSpecification","valueRequired":true,"valueName":"search_term_string"}}],"inLanguage":"fr-FR"},{"@type":"Organization","@id":"https:\/\/www.cfjustice.org\/fr\/#organization","name":"Committee for Justice","url":"https:\/\/www.cfjustice.org\/fr\/","logo":{"@type":"ImageObject","inLanguage":"fr-FR","@id":"https:\/\/www.cfjustice.org\/fr\/#\/schema\/logo\/image\/","url":"https:\/\/www.cfjustice.org\/wp-content\/uploads\/2023\/10\/logo-1.svg","contentUrl":"https:\/\/www.cfjustice.org\/wp-content\/uploads\/2023\/10\/logo-1.svg","width":1,"height":1,"caption":"Committee for Justice"},"image":{"@id":"https:\/\/www.cfjustice.org\/fr\/#\/schema\/logo\/image\/"},"sameAs":["https:\/\/www.facebook.com\/cfjusticeorg","https:\/\/x.com\/cfjusticeorg","https:\/\/www.linkedin.com\/company\/cfjustice\/","https:\/\/www.youtube.com\/channel\/UCQdBw5-F5Z80xtts8UqRRqQ","https:\/\/www.instagram.com\/cfjusticeorg"]},{"@type":"Person","@id":"https:\/\/www.cfjustice.org\/fr\/#\/schema\/person\/bb556c12ed41de17b43b26af15865af9","name":"mmurad","image":{"@type":"ImageObject","inLanguage":"fr-FR","@id":"https:\/\/secure.gravatar.com\/avatar\/b01b45168573d27abfd52e48a08122adff6e2dd698a45002db0e5b672be19a34?s=96&d=mm&r=g","url":"https:\/\/secure.gravatar.com\/avatar\/b01b45168573d27abfd52e48a08122adff6e2dd698a45002db0e5b672be19a34?s=96&d=mm&r=g","contentUrl":"https:\/\/secure.gravatar.com\/avatar\/b01b45168573d27abfd52e48a08122adff6e2dd698a45002db0e5b672be19a34?s=96&d=mm&r=g","caption":"mmurad"},"url":"https:\/\/www.cfjustice.org\/fr\/author\/mmurad\/"}]}},"_links":{"self":[{"href":"https:\/\/www.cfjustice.org\/fr\/wp-json\/wp\/v2\/posts\/54197","targetHints":{"allow":["GET"]}}],"collection":[{"href":"https:\/\/www.cfjustice.org\/fr\/wp-json\/wp\/v2\/posts"}],"about":[{"href":"https:\/\/www.cfjustice.org\/fr\/wp-json\/wp\/v2\/types\/post"}],"author":[{"embeddable":true,"href":"https:\/\/www.cfjustice.org\/fr\/wp-json\/wp\/v2\/users\/962"}],"replies":[{"embeddable":true,"href":"https:\/\/www.cfjustice.org\/fr\/wp-json\/wp\/v2\/comments?post=54197"}],"version-history":[{"count":0,"href":"https:\/\/www.cfjustice.org\/fr\/wp-json\/wp\/v2\/posts\/54197\/revisions"}],"wp:featuredmedia":[{"embeddable":true,"href":"https:\/\/www.cfjustice.org\/fr\/wp-json\/wp\/v2\/media\/54195"}],"wp:attachment":[{"href":"https:\/\/www.cfjustice.org\/fr\/wp-json\/wp\/v2\/media?parent=54197"}],"wp:term":[{"taxonomy":"category","embeddable":true,"href":"https:\/\/www.cfjustice.org\/fr\/wp-json\/wp\/v2\/categories?post=54197"},{"taxonomy":"post_tag","embeddable":true,"href":"https:\/\/www.cfjustice.org\/fr\/wp-json\/wp\/v2\/tags?post=54197"},{"taxonomy":"countries","embeddable":true,"href":"https:\/\/www.cfjustice.org\/fr\/wp-json\/wp\/v2\/countries?post=54197"},{"taxonomy":"cases","embeddable":true,"href":"https:\/\/www.cfjustice.org\/fr\/wp-json\/wp\/v2\/cases?post=54197"},{"taxonomy":"writer","embeddable":true,"href":"https:\/\/www.cfjustice.org\/fr\/wp-json\/wp\/v2\/writer?post=54197"},{"taxonomy":"coalitions","embeddable":true,"href":"https:\/\/www.cfjustice.org\/fr\/wp-json\/wp\/v2\/coalitions?post=54197"}],"curies":[{"name":"wp","href":"https:\/\/api.w.org\/{rel}","templated":true}]}}