{"id":54184,"date":"2026-03-09T01:36:11","date_gmt":"2026-03-09T00:36:11","guid":{"rendered":"https:\/\/www.cfjustice.org\/tunisie-le-cfj-condamne-lemprisonnement-du-depute-ahmed-saidani-et-y-voit-une-atteinte-a-limmunite-parlementaire-et-a-la-liberte-dexpression\/"},"modified":"2026-03-09T01:36:11","modified_gmt":"2026-03-09T00:36:11","slug":"tunisie-le-cfj-condamne-lemprisonnement-du-depute-ahmed-saidani-et-y-voit-une-atteinte-a-limmunite-parlementaire-et-a-la-liberte-dexpression","status":"publish","type":"post","link":"https:\/\/www.cfjustice.org\/fr\/tunisie-le-cfj-condamne-lemprisonnement-du-depute-ahmed-saidani-et-y-voit-une-atteinte-a-limmunite-parlementaire-et-a-la-liberte-dexpression\/","title":{"rendered":"Tunisie : Le CFJ condamne l&#8217;emprisonnement du d\u00e9put\u00e9 Ahmed Sa\u00efdani et y voit une atteinte \u00e0 l&rsquo;immunit\u00e9 parlementaire et \u00e0 la libert\u00e9 d&rsquo;expression"},"content":{"rendered":"<p>Le <strong>Comit\u00e9 pour la Justice (Committee for Justice \u2013 CFJ)<\/strong> exprime sa vive condamnation suite au verdict rendu par la chambre correctionnelle du tribunal de premi\u00e8re instance de Tunis le 19 f\u00e9vrier, condamnant le d\u00e9put\u00e9 Ahmed Sa\u00efdani \u00e0 8 mois de prison. Le Comit\u00e9 consid\u00e8re que la condamnation d&rsquo;un membre de l&rsquo;assembl\u00e9e sur la base de l&rsquo;article 86 du Code des t\u00e9l\u00e9communications, en raison d&rsquo;une publication critiquant l&rsquo;action du pouvoir ex\u00e9cutif, constitue un pr\u00e9c\u00e9dent dangereux d&rsquo;atteinte \u00e0 l&rsquo;immunit\u00e9 parlementaire et une sape du r\u00f4le de contr\u00f4le d\u00e9volu aux repr\u00e9sentants du peuple.<\/p>\n<p>Le Comit\u00e9 souligne que la proc\u00e9dure suivie contre le d\u00e9put\u00e9 Sa\u00efdani, depuis son arrestation le 4 f\u00e9vrier sans respect des dispositions de l&rsquo;article 64 de la Constitution tunisienne, repr\u00e9sente une violation flagrante des garanties constitutionnelles interdisant de poursuivre ou d&rsquo;arr\u00eater un d\u00e9put\u00e9 pour des opinions exprim\u00e9es dans le cadre de ses fonctions. L&rsquo;interpr\u00e9tation extensive des exceptions \u00e0 l&rsquo;immunit\u00e9 li\u00e9es \u00e0 la \u00ab diffamation \u00bb pour inclure des opinions politiques et des missions de contr\u00f4le sous le coup de la loi p\u00e9nale, vise manifestement \u00e0 intimider les voix critiques au sein du Parlement et \u00e0 priver les d\u00e9put\u00e9s de leur capacit\u00e9 \u00e0 demander des comptes au pouvoir.<\/p>\n<p>Le <strong>Comit\u00e9 pour la Justice (CFJ)<\/strong> insiste sur le fait que l&rsquo;utilisation de l&rsquo;article 86 du Code des t\u00e9l\u00e9communications comme outil de poursuite contre des d\u00e9put\u00e9s et des militants pour des publications d&rsquo;opinion est en totale contradiction avec l&rsquo;essence du droit \u00e0 la libert\u00e9 d&rsquo;expression garanti au niveau national et international. Le Comit\u00e9 exige des autorit\u00e9s tunisiennes la lib\u00e9ration imm\u00e9diate du d\u00e9put\u00e9 Ahmed Sa\u00efdani, le respect de l&rsquo;int\u00e9grit\u00e9 de l&rsquo;institution l\u00e9gislative et de ses garanties constitutionnelles, et l&rsquo;arr\u00eat de l&rsquo;instrumentalisation des textes r\u00e9pressifs pour vider le travail parlementaire de sa substance, affirmant que la sant\u00e9 de l&rsquo;espace d\u00e9mocratique est \u00e9troitement li\u00e9e \u00e0 la protection du droit des d\u00e9put\u00e9s \u00e0 exprimer leurs positions sans crainte de repr\u00e9sailles ou de harc\u00e8lement judiciaire.<\/p>\n","protected":false},"excerpt":{"rendered":"<p>Le Comit\u00e9 pour la Justice (Committee for Justice \u2013 CFJ) exprime sa vive condamnation suite au verdict rendu par la chambre correctionnelle du tribunal de premi\u00e8re instance de Tunis le [&hellip;]<\/p>\n","protected":false},"author":962,"featured_media":54180,"comment_status":"closed","ping_status":"closed","sticky":false,"template":"","format":"standard","meta":{"_monsterinsights_skip_tracking":false,"_monsterinsights_sitenote_active":false,"_monsterinsights_sitenote_note":"","_monsterinsights_sitenote_category":0,"_price":"","_stock":"","_tribe_ticket_header":"","_tribe_default_ticket_provider":"","_tribe_ticket_capacity":"","_ticket_start_date":"","_ticket_end_date":"","_tribe_ticket_show_description":"","_tribe_ticket_show_not_going":false,"_tribe_ticket_use_global_stock":"","_tribe_ticket_global_stock_level":"","_global_stock_mode":"","_global_stock_cap":"","_tribe_rsvp_for_event":"","_tribe_ticket_going_count":"","_tribe_ticket_not_going_count":"","_tribe_tickets_list":"[]","_tribe_ticket_has_attendee_info_fields":false,"footnotes":""},"categories":[999],"tags":[],"countries":[1032,1000],"cases":[],"writer":[],"coalitions":[],"class_list":["post-54184","post","type-post","status-publish","format-standard","has-post-thumbnail","hentry","category-nouvelles","countries-afrique-du-nord","countries-la-tunisie-2","has-post-title","has-post-date","has-post-category","has-post-tag","has-post-comment","has-post-author",""],"yoast_head":"<!-- This site is optimized with the Yoast SEO plugin v27.4 - https:\/\/yoast.com\/product\/yoast-seo-wordpress\/ -->\n<title>Tunisie : Le CFJ condamne l&#039;emprisonnement du d\u00e9put\u00e9 Ahmed Sa\u00efdani et y voit une atteinte \u00e0 l&#039;immunit\u00e9 parlementaire et \u00e0 la libert\u00e9 d&#039;expression - Committee for Justice<\/title>\n<meta name=\"description\" content=\"Tunisie : Le CFJ condamne l&#039;emprisonnement du d\u00e9put\u00e9 Ahmed Sa\u00efdani et y voit une atteinte \u00e0 l&#039;immunit\u00e9 parlementaire et \u00e0 la libert\u00e9 d&#039;expression\" \/>\n<meta name=\"robots\" content=\"index, follow, max-snippet:-1, max-image-preview:large, max-video-preview:-1\" \/>\n<link rel=\"canonical\" href=\"https:\/\/www.cfjustice.org\/fr\/tunisie-le-cfj-condamne-lemprisonnement-du-depute-ahmed-saidani-et-y-voit-une-atteinte-a-limmunite-parlementaire-et-a-la-liberte-dexpression\/\" \/>\n<meta property=\"og:locale\" content=\"fr_FR\" \/>\n<meta property=\"og:type\" content=\"article\" \/>\n<meta property=\"og:title\" content=\"Tunisie : Le CFJ condamne l&#039;emprisonnement du d\u00e9put\u00e9 Ahmed Sa\u00efdani et y voit une atteinte \u00e0 l&#039;immunit\u00e9 parlementaire et \u00e0 la libert\u00e9 d&#039;expression - Committee for Justice\" \/>\n<meta property=\"og:description\" content=\"Tunisie : Le CFJ condamne l&#039;emprisonnement du d\u00e9put\u00e9 Ahmed Sa\u00efdani et y voit une atteinte \u00e0 l&#039;immunit\u00e9 parlementaire et \u00e0 la libert\u00e9 d&#039;expression\" \/>\n<meta property=\"og:url\" content=\"https:\/\/www.cfjustice.org\/fr\/tunisie-le-cfj-condamne-lemprisonnement-du-depute-ahmed-saidani-et-y-voit-une-atteinte-a-limmunite-parlementaire-et-a-la-liberte-dexpression\/\" \/>\n<meta property=\"og:site_name\" content=\"Committee for Justice\" \/>\n<meta property=\"article:publisher\" content=\"https:\/\/www.facebook.com\/cfjusticeorg\" \/>\n<meta property=\"article:published_time\" content=\"2026-03-09T00:36:11+00:00\" \/>\n<meta property=\"og:image\" content=\"https:\/\/www.cfjustice.org\/wp-content\/uploads\/2026\/03\/\u0627\u0644\u0646\u0627\u0626\u0628-\u0623\u062d\u0645\u062f-\u0627\u0644\u0633\u0639\u064a\u062f\u0627\u0646\u064a.jpg.webp\" \/>\n\t<meta property=\"og:image:width\" content=\"966\" \/>\n\t<meta property=\"og:image:height\" content=\"543\" \/>\n\t<meta property=\"og:image:type\" content=\"image\/webp\" \/>\n<meta name=\"author\" content=\"mmurad\" \/>\n<meta name=\"twitter:card\" content=\"summary_large_image\" \/>\n<meta name=\"twitter:creator\" content=\"@cfjusticeorg\" \/>\n<meta name=\"twitter:site\" content=\"@cfjusticeorg\" \/>\n<meta name=\"twitter:label1\" content=\"\u00c9crit par\" \/>\n\t<meta name=\"twitter:data1\" content=\"mmurad\" \/>\n\t<meta name=\"twitter:label2\" content=\"Dur\u00e9e de lecture estim\u00e9e\" \/>\n\t<meta name=\"twitter:data2\" content=\"2 minutes\" \/>\n<script type=\"application\/ld+json\" class=\"yoast-schema-graph\">{\"@context\":\"https:\\\/\\\/schema.org\",\"@graph\":[{\"@type\":\"Article\",\"@id\":\"https:\\\/\\\/www.cfjustice.org\\\/fr\\\/tunisie-le-cfj-condamne-lemprisonnement-du-depute-ahmed-saidani-et-y-voit-une-atteinte-a-limmunite-parlementaire-et-a-la-liberte-dexpression\\\/#article\",\"isPartOf\":{\"@id\":\"https:\\\/\\\/www.cfjustice.org\\\/fr\\\/tunisie-le-cfj-condamne-lemprisonnement-du-depute-ahmed-saidani-et-y-voit-une-atteinte-a-limmunite-parlementaire-et-a-la-liberte-dexpression\\\/\"},\"author\":{\"name\":\"mmurad\",\"@id\":\"https:\\\/\\\/www.cfjustice.org\\\/fr\\\/#\\\/schema\\\/person\\\/bb556c12ed41de17b43b26af15865af9\"},\"headline\":\"Tunisie : Le CFJ condamne l&#8217;emprisonnement du d\u00e9put\u00e9 Ahmed Sa\u00efdani et y voit une atteinte \u00e0 l&rsquo;immunit\u00e9 parlementaire et \u00e0 la libert\u00e9 d&rsquo;expression\",\"datePublished\":\"2026-03-09T00:36:11+00:00\",\"mainEntityOfPage\":{\"@id\":\"https:\\\/\\\/www.cfjustice.org\\\/fr\\\/tunisie-le-cfj-condamne-lemprisonnement-du-depute-ahmed-saidani-et-y-voit-une-atteinte-a-limmunite-parlementaire-et-a-la-liberte-dexpression\\\/\"},\"wordCount\":392,\"publisher\":{\"@id\":\"https:\\\/\\\/www.cfjustice.org\\\/fr\\\/#organization\"},\"image\":{\"@id\":\"https:\\\/\\\/www.cfjustice.org\\\/fr\\\/tunisie-le-cfj-condamne-lemprisonnement-du-depute-ahmed-saidani-et-y-voit-une-atteinte-a-limmunite-parlementaire-et-a-la-liberte-dexpression\\\/#primaryimage\"},\"thumbnailUrl\":\"https:\\\/\\\/www.cfjustice.org\\\/wp-content\\\/uploads\\\/2026\\\/03\\\/\u0627\u0644\u0646\u0627\u0626\u0628-\u0623\u062d\u0645\u062f-\u0627\u0644\u0633\u0639\u064a\u062f\u0627\u0646\u064a.jpg.webp\",\"articleSection\":[\"nouvelles\"],\"inLanguage\":\"fr-FR\"},{\"@type\":\"WebPage\",\"@id\":\"https:\\\/\\\/www.cfjustice.org\\\/fr\\\/tunisie-le-cfj-condamne-lemprisonnement-du-depute-ahmed-saidani-et-y-voit-une-atteinte-a-limmunite-parlementaire-et-a-la-liberte-dexpression\\\/\",\"url\":\"https:\\\/\\\/www.cfjustice.org\\\/fr\\\/tunisie-le-cfj-condamne-lemprisonnement-du-depute-ahmed-saidani-et-y-voit-une-atteinte-a-limmunite-parlementaire-et-a-la-liberte-dexpression\\\/\",\"name\":\"Tunisie : Le CFJ condamne l'emprisonnement du d\u00e9put\u00e9 Ahmed Sa\u00efdani et y voit une atteinte \u00e0 l'immunit\u00e9 parlementaire et \u00e0 la libert\u00e9 d'expression - Committee for Justice\",\"isPartOf\":{\"@id\":\"https:\\\/\\\/www.cfjustice.org\\\/fr\\\/#website\"},\"primaryImageOfPage\":{\"@id\":\"https:\\\/\\\/www.cfjustice.org\\\/fr\\\/tunisie-le-cfj-condamne-lemprisonnement-du-depute-ahmed-saidani-et-y-voit-une-atteinte-a-limmunite-parlementaire-et-a-la-liberte-dexpression\\\/#primaryimage\"},\"image\":{\"@id\":\"https:\\\/\\\/www.cfjustice.org\\\/fr\\\/tunisie-le-cfj-condamne-lemprisonnement-du-depute-ahmed-saidani-et-y-voit-une-atteinte-a-limmunite-parlementaire-et-a-la-liberte-dexpression\\\/#primaryimage\"},\"thumbnailUrl\":\"https:\\\/\\\/www.cfjustice.org\\\/wp-content\\\/uploads\\\/2026\\\/03\\\/\u0627\u0644\u0646\u0627\u0626\u0628-\u0623\u062d\u0645\u062f-\u0627\u0644\u0633\u0639\u064a\u062f\u0627\u0646\u064a.jpg.webp\",\"datePublished\":\"2026-03-09T00:36:11+00:00\",\"description\":\"Tunisie : Le CFJ condamne l'emprisonnement du d\u00e9put\u00e9 Ahmed Sa\u00efdani et y voit une atteinte \u00e0 l'immunit\u00e9 parlementaire et \u00e0 la libert\u00e9 d'expression\",\"breadcrumb\":{\"@id\":\"https:\\\/\\\/www.cfjustice.org\\\/fr\\\/tunisie-le-cfj-condamne-lemprisonnement-du-depute-ahmed-saidani-et-y-voit-une-atteinte-a-limmunite-parlementaire-et-a-la-liberte-dexpression\\\/#breadcrumb\"},\"inLanguage\":\"fr-FR\",\"potentialAction\":[{\"@type\":\"ReadAction\",\"target\":[\"https:\\\/\\\/www.cfjustice.org\\\/fr\\\/tunisie-le-cfj-condamne-lemprisonnement-du-depute-ahmed-saidani-et-y-voit-une-atteinte-a-limmunite-parlementaire-et-a-la-liberte-dexpression\\\/\"]}]},{\"@type\":\"ImageObject\",\"inLanguage\":\"fr-FR\",\"@id\":\"https:\\\/\\\/www.cfjustice.org\\\/fr\\\/tunisie-le-cfj-condamne-lemprisonnement-du-depute-ahmed-saidani-et-y-voit-une-atteinte-a-limmunite-parlementaire-et-a-la-liberte-dexpression\\\/#primaryimage\",\"url\":\"https:\\\/\\\/www.cfjustice.org\\\/wp-content\\\/uploads\\\/2026\\\/03\\\/\u0627\u0644\u0646\u0627\u0626\u0628-\u0623\u062d\u0645\u062f-\u0627\u0644\u0633\u0639\u064a\u062f\u0627\u0646\u064a.jpg.webp\",\"contentUrl\":\"https:\\\/\\\/www.cfjustice.org\\\/wp-content\\\/uploads\\\/2026\\\/03\\\/\u0627\u0644\u0646\u0627\u0626\u0628-\u0623\u062d\u0645\u062f-\u0627\u0644\u0633\u0639\u064a\u062f\u0627\u0646\u064a.jpg.webp\",\"width\":966,\"height\":543},{\"@type\":\"BreadcrumbList\",\"@id\":\"https:\\\/\\\/www.cfjustice.org\\\/fr\\\/tunisie-le-cfj-condamne-lemprisonnement-du-depute-ahmed-saidani-et-y-voit-une-atteinte-a-limmunite-parlementaire-et-a-la-liberte-dexpression\\\/#breadcrumb\",\"itemListElement\":[{\"@type\":\"ListItem\",\"position\":1,\"name\":\"Home\",\"item\":\"https:\\\/\\\/www.cfjustice.org\\\/fr\\\/\"},{\"@type\":\"ListItem\",\"position\":2,\"name\":\"Tunisie : Le CFJ condamne l&#8217;emprisonnement du d\u00e9put\u00e9 Ahmed Sa\u00efdani et y voit une atteinte \u00e0 l&#8217;immunit\u00e9 parlementaire et \u00e0 la libert\u00e9 d&#8217;expression\"}]},{\"@type\":\"WebSite\",\"@id\":\"https:\\\/\\\/www.cfjustice.org\\\/fr\\\/#website\",\"url\":\"https:\\\/\\\/www.cfjustice.org\\\/fr\\\/\",\"name\":\"Committee for Justice\",\"description\":\"We are working to achieve justice\",\"publisher\":{\"@id\":\"https:\\\/\\\/www.cfjustice.org\\\/fr\\\/#organization\"},\"alternateName\":\"CFJ\",\"potentialAction\":[{\"@type\":\"SearchAction\",\"target\":{\"@type\":\"EntryPoint\",\"urlTemplate\":\"https:\\\/\\\/www.cfjustice.org\\\/fr\\\/?s={search_term_string}\"},\"query-input\":{\"@type\":\"PropertyValueSpecification\",\"valueRequired\":true,\"valueName\":\"search_term_string\"}}],\"inLanguage\":\"fr-FR\"},{\"@type\":\"Organization\",\"@id\":\"https:\\\/\\\/www.cfjustice.org\\\/fr\\\/#organization\",\"name\":\"Committee for Justice\",\"url\":\"https:\\\/\\\/www.cfjustice.org\\\/fr\\\/\",\"logo\":{\"@type\":\"ImageObject\",\"inLanguage\":\"fr-FR\",\"@id\":\"https:\\\/\\\/www.cfjustice.org\\\/fr\\\/#\\\/schema\\\/logo\\\/image\\\/\",\"url\":\"https:\\\/\\\/www.cfjustice.org\\\/wp-content\\\/uploads\\\/2023\\\/10\\\/logo-1.svg\",\"contentUrl\":\"https:\\\/\\\/www.cfjustice.org\\\/wp-content\\\/uploads\\\/2023\\\/10\\\/logo-1.svg\",\"width\":1,\"height\":1,\"caption\":\"Committee for Justice\"},\"image\":{\"@id\":\"https:\\\/\\\/www.cfjustice.org\\\/fr\\\/#\\\/schema\\\/logo\\\/image\\\/\"},\"sameAs\":[\"https:\\\/\\\/www.facebook.com\\\/cfjusticeorg\",\"https:\\\/\\\/x.com\\\/cfjusticeorg\",\"https:\\\/\\\/www.linkedin.com\\\/company\\\/cfjustice\\\/\",\"https:\\\/\\\/www.youtube.com\\\/channel\\\/UCQdBw5-F5Z80xtts8UqRRqQ\",\"https:\\\/\\\/www.instagram.com\\\/cfjusticeorg\"]},{\"@type\":\"Person\",\"@id\":\"https:\\\/\\\/www.cfjustice.org\\\/fr\\\/#\\\/schema\\\/person\\\/bb556c12ed41de17b43b26af15865af9\",\"name\":\"mmurad\",\"image\":{\"@type\":\"ImageObject\",\"inLanguage\":\"fr-FR\",\"@id\":\"https:\\\/\\\/secure.gravatar.com\\\/avatar\\\/b01b45168573d27abfd52e48a08122adff6e2dd698a45002db0e5b672be19a34?s=96&d=mm&r=g\",\"url\":\"https:\\\/\\\/secure.gravatar.com\\\/avatar\\\/b01b45168573d27abfd52e48a08122adff6e2dd698a45002db0e5b672be19a34?s=96&d=mm&r=g\",\"contentUrl\":\"https:\\\/\\\/secure.gravatar.com\\\/avatar\\\/b01b45168573d27abfd52e48a08122adff6e2dd698a45002db0e5b672be19a34?s=96&d=mm&r=g\",\"caption\":\"mmurad\"},\"url\":\"https:\\\/\\\/www.cfjustice.org\\\/fr\\\/author\\\/mmurad\\\/\"}]}<\/script>\n<!-- \/ Yoast SEO plugin. -->","yoast_head_json":{"title":"Tunisie : Le CFJ condamne l'emprisonnement du d\u00e9put\u00e9 Ahmed Sa\u00efdani et y voit une atteinte \u00e0 l'immunit\u00e9 parlementaire et \u00e0 la libert\u00e9 d'expression - Committee for Justice","description":"Tunisie : Le CFJ condamne l'emprisonnement du d\u00e9put\u00e9 Ahmed Sa\u00efdani et y voit une atteinte \u00e0 l'immunit\u00e9 parlementaire et \u00e0 la libert\u00e9 d'expression","robots":{"index":"index","follow":"follow","max-snippet":"max-snippet:-1","max-image-preview":"max-image-preview:large","max-video-preview":"max-video-preview:-1"},"canonical":"https:\/\/www.cfjustice.org\/fr\/tunisie-le-cfj-condamne-lemprisonnement-du-depute-ahmed-saidani-et-y-voit-une-atteinte-a-limmunite-parlementaire-et-a-la-liberte-dexpression\/","og_locale":"fr_FR","og_type":"article","og_title":"Tunisie : Le CFJ condamne l'emprisonnement du d\u00e9put\u00e9 Ahmed Sa\u00efdani et y voit une atteinte \u00e0 l'immunit\u00e9 parlementaire et \u00e0 la libert\u00e9 d'expression - Committee for Justice","og_description":"Tunisie : Le CFJ condamne l'emprisonnement du d\u00e9put\u00e9 Ahmed Sa\u00efdani et y voit une atteinte \u00e0 l'immunit\u00e9 parlementaire et \u00e0 la libert\u00e9 d'expression","og_url":"https:\/\/www.cfjustice.org\/fr\/tunisie-le-cfj-condamne-lemprisonnement-du-depute-ahmed-saidani-et-y-voit-une-atteinte-a-limmunite-parlementaire-et-a-la-liberte-dexpression\/","og_site_name":"Committee for Justice","article_publisher":"https:\/\/www.facebook.com\/cfjusticeorg","article_published_time":"2026-03-09T00:36:11+00:00","og_image":[{"width":966,"height":543,"url":"https:\/\/www.cfjustice.org\/wp-content\/uploads\/2026\/03\/\u0627\u0644\u0646\u0627\u0626\u0628-\u0623\u062d\u0645\u062f-\u0627\u0644\u0633\u0639\u064a\u062f\u0627\u0646\u064a.jpg.webp","type":"image\/webp"}],"author":"mmurad","twitter_card":"summary_large_image","twitter_creator":"@cfjusticeorg","twitter_site":"@cfjusticeorg","twitter_misc":{"\u00c9crit par":"mmurad","Dur\u00e9e de lecture estim\u00e9e":"2 minutes"},"schema":{"@context":"https:\/\/schema.org","@graph":[{"@type":"Article","@id":"https:\/\/www.cfjustice.org\/fr\/tunisie-le-cfj-condamne-lemprisonnement-du-depute-ahmed-saidani-et-y-voit-une-atteinte-a-limmunite-parlementaire-et-a-la-liberte-dexpression\/#article","isPartOf":{"@id":"https:\/\/www.cfjustice.org\/fr\/tunisie-le-cfj-condamne-lemprisonnement-du-depute-ahmed-saidani-et-y-voit-une-atteinte-a-limmunite-parlementaire-et-a-la-liberte-dexpression\/"},"author":{"name":"mmurad","@id":"https:\/\/www.cfjustice.org\/fr\/#\/schema\/person\/bb556c12ed41de17b43b26af15865af9"},"headline":"Tunisie : Le CFJ condamne l&#8217;emprisonnement du d\u00e9put\u00e9 Ahmed Sa\u00efdani et y voit une atteinte \u00e0 l&rsquo;immunit\u00e9 parlementaire et \u00e0 la libert\u00e9 d&rsquo;expression","datePublished":"2026-03-09T00:36:11+00:00","mainEntityOfPage":{"@id":"https:\/\/www.cfjustice.org\/fr\/tunisie-le-cfj-condamne-lemprisonnement-du-depute-ahmed-saidani-et-y-voit-une-atteinte-a-limmunite-parlementaire-et-a-la-liberte-dexpression\/"},"wordCount":392,"publisher":{"@id":"https:\/\/www.cfjustice.org\/fr\/#organization"},"image":{"@id":"https:\/\/www.cfjustice.org\/fr\/tunisie-le-cfj-condamne-lemprisonnement-du-depute-ahmed-saidani-et-y-voit-une-atteinte-a-limmunite-parlementaire-et-a-la-liberte-dexpression\/#primaryimage"},"thumbnailUrl":"https:\/\/www.cfjustice.org\/wp-content\/uploads\/2026\/03\/\u0627\u0644\u0646\u0627\u0626\u0628-\u0623\u062d\u0645\u062f-\u0627\u0644\u0633\u0639\u064a\u062f\u0627\u0646\u064a.jpg.webp","articleSection":["nouvelles"],"inLanguage":"fr-FR"},{"@type":"WebPage","@id":"https:\/\/www.cfjustice.org\/fr\/tunisie-le-cfj-condamne-lemprisonnement-du-depute-ahmed-saidani-et-y-voit-une-atteinte-a-limmunite-parlementaire-et-a-la-liberte-dexpression\/","url":"https:\/\/www.cfjustice.org\/fr\/tunisie-le-cfj-condamne-lemprisonnement-du-depute-ahmed-saidani-et-y-voit-une-atteinte-a-limmunite-parlementaire-et-a-la-liberte-dexpression\/","name":"Tunisie : Le CFJ condamne l'emprisonnement du d\u00e9put\u00e9 Ahmed Sa\u00efdani et y voit une atteinte \u00e0 l'immunit\u00e9 parlementaire et \u00e0 la libert\u00e9 d'expression - Committee for Justice","isPartOf":{"@id":"https:\/\/www.cfjustice.org\/fr\/#website"},"primaryImageOfPage":{"@id":"https:\/\/www.cfjustice.org\/fr\/tunisie-le-cfj-condamne-lemprisonnement-du-depute-ahmed-saidani-et-y-voit-une-atteinte-a-limmunite-parlementaire-et-a-la-liberte-dexpression\/#primaryimage"},"image":{"@id":"https:\/\/www.cfjustice.org\/fr\/tunisie-le-cfj-condamne-lemprisonnement-du-depute-ahmed-saidani-et-y-voit-une-atteinte-a-limmunite-parlementaire-et-a-la-liberte-dexpression\/#primaryimage"},"thumbnailUrl":"https:\/\/www.cfjustice.org\/wp-content\/uploads\/2026\/03\/\u0627\u0644\u0646\u0627\u0626\u0628-\u0623\u062d\u0645\u062f-\u0627\u0644\u0633\u0639\u064a\u062f\u0627\u0646\u064a.jpg.webp","datePublished":"2026-03-09T00:36:11+00:00","description":"Tunisie : Le CFJ condamne l'emprisonnement du d\u00e9put\u00e9 Ahmed Sa\u00efdani et y voit une atteinte \u00e0 l'immunit\u00e9 parlementaire et \u00e0 la libert\u00e9 d'expression","breadcrumb":{"@id":"https:\/\/www.cfjustice.org\/fr\/tunisie-le-cfj-condamne-lemprisonnement-du-depute-ahmed-saidani-et-y-voit-une-atteinte-a-limmunite-parlementaire-et-a-la-liberte-dexpression\/#breadcrumb"},"inLanguage":"fr-FR","potentialAction":[{"@type":"ReadAction","target":["https:\/\/www.cfjustice.org\/fr\/tunisie-le-cfj-condamne-lemprisonnement-du-depute-ahmed-saidani-et-y-voit-une-atteinte-a-limmunite-parlementaire-et-a-la-liberte-dexpression\/"]}]},{"@type":"ImageObject","inLanguage":"fr-FR","@id":"https:\/\/www.cfjustice.org\/fr\/tunisie-le-cfj-condamne-lemprisonnement-du-depute-ahmed-saidani-et-y-voit-une-atteinte-a-limmunite-parlementaire-et-a-la-liberte-dexpression\/#primaryimage","url":"https:\/\/www.cfjustice.org\/wp-content\/uploads\/2026\/03\/\u0627\u0644\u0646\u0627\u0626\u0628-\u0623\u062d\u0645\u062f-\u0627\u0644\u0633\u0639\u064a\u062f\u0627\u0646\u064a.jpg.webp","contentUrl":"https:\/\/www.cfjustice.org\/wp-content\/uploads\/2026\/03\/\u0627\u0644\u0646\u0627\u0626\u0628-\u0623\u062d\u0645\u062f-\u0627\u0644\u0633\u0639\u064a\u062f\u0627\u0646\u064a.jpg.webp","width":966,"height":543},{"@type":"BreadcrumbList","@id":"https:\/\/www.cfjustice.org\/fr\/tunisie-le-cfj-condamne-lemprisonnement-du-depute-ahmed-saidani-et-y-voit-une-atteinte-a-limmunite-parlementaire-et-a-la-liberte-dexpression\/#breadcrumb","itemListElement":[{"@type":"ListItem","position":1,"name":"Home","item":"https:\/\/www.cfjustice.org\/fr\/"},{"@type":"ListItem","position":2,"name":"Tunisie : Le CFJ condamne l&#8217;emprisonnement du d\u00e9put\u00e9 Ahmed Sa\u00efdani et y voit une atteinte \u00e0 l&#8217;immunit\u00e9 parlementaire et \u00e0 la libert\u00e9 d&#8217;expression"}]},{"@type":"WebSite","@id":"https:\/\/www.cfjustice.org\/fr\/#website","url":"https:\/\/www.cfjustice.org\/fr\/","name":"Committee for Justice","description":"We are working to achieve justice","publisher":{"@id":"https:\/\/www.cfjustice.org\/fr\/#organization"},"alternateName":"CFJ","potentialAction":[{"@type":"SearchAction","target":{"@type":"EntryPoint","urlTemplate":"https:\/\/www.cfjustice.org\/fr\/?s={search_term_string}"},"query-input":{"@type":"PropertyValueSpecification","valueRequired":true,"valueName":"search_term_string"}}],"inLanguage":"fr-FR"},{"@type":"Organization","@id":"https:\/\/www.cfjustice.org\/fr\/#organization","name":"Committee for Justice","url":"https:\/\/www.cfjustice.org\/fr\/","logo":{"@type":"ImageObject","inLanguage":"fr-FR","@id":"https:\/\/www.cfjustice.org\/fr\/#\/schema\/logo\/image\/","url":"https:\/\/www.cfjustice.org\/wp-content\/uploads\/2023\/10\/logo-1.svg","contentUrl":"https:\/\/www.cfjustice.org\/wp-content\/uploads\/2023\/10\/logo-1.svg","width":1,"height":1,"caption":"Committee for Justice"},"image":{"@id":"https:\/\/www.cfjustice.org\/fr\/#\/schema\/logo\/image\/"},"sameAs":["https:\/\/www.facebook.com\/cfjusticeorg","https:\/\/x.com\/cfjusticeorg","https:\/\/www.linkedin.com\/company\/cfjustice\/","https:\/\/www.youtube.com\/channel\/UCQdBw5-F5Z80xtts8UqRRqQ","https:\/\/www.instagram.com\/cfjusticeorg"]},{"@type":"Person","@id":"https:\/\/www.cfjustice.org\/fr\/#\/schema\/person\/bb556c12ed41de17b43b26af15865af9","name":"mmurad","image":{"@type":"ImageObject","inLanguage":"fr-FR","@id":"https:\/\/secure.gravatar.com\/avatar\/b01b45168573d27abfd52e48a08122adff6e2dd698a45002db0e5b672be19a34?s=96&d=mm&r=g","url":"https:\/\/secure.gravatar.com\/avatar\/b01b45168573d27abfd52e48a08122adff6e2dd698a45002db0e5b672be19a34?s=96&d=mm&r=g","contentUrl":"https:\/\/secure.gravatar.com\/avatar\/b01b45168573d27abfd52e48a08122adff6e2dd698a45002db0e5b672be19a34?s=96&d=mm&r=g","caption":"mmurad"},"url":"https:\/\/www.cfjustice.org\/fr\/author\/mmurad\/"}]}},"_links":{"self":[{"href":"https:\/\/www.cfjustice.org\/fr\/wp-json\/wp\/v2\/posts\/54184","targetHints":{"allow":["GET"]}}],"collection":[{"href":"https:\/\/www.cfjustice.org\/fr\/wp-json\/wp\/v2\/posts"}],"about":[{"href":"https:\/\/www.cfjustice.org\/fr\/wp-json\/wp\/v2\/types\/post"}],"author":[{"embeddable":true,"href":"https:\/\/www.cfjustice.org\/fr\/wp-json\/wp\/v2\/users\/962"}],"replies":[{"embeddable":true,"href":"https:\/\/www.cfjustice.org\/fr\/wp-json\/wp\/v2\/comments?post=54184"}],"version-history":[{"count":0,"href":"https:\/\/www.cfjustice.org\/fr\/wp-json\/wp\/v2\/posts\/54184\/revisions"}],"wp:featuredmedia":[{"embeddable":true,"href":"https:\/\/www.cfjustice.org\/fr\/wp-json\/wp\/v2\/media\/54180"}],"wp:attachment":[{"href":"https:\/\/www.cfjustice.org\/fr\/wp-json\/wp\/v2\/media?parent=54184"}],"wp:term":[{"taxonomy":"category","embeddable":true,"href":"https:\/\/www.cfjustice.org\/fr\/wp-json\/wp\/v2\/categories?post=54184"},{"taxonomy":"post_tag","embeddable":true,"href":"https:\/\/www.cfjustice.org\/fr\/wp-json\/wp\/v2\/tags?post=54184"},{"taxonomy":"countries","embeddable":true,"href":"https:\/\/www.cfjustice.org\/fr\/wp-json\/wp\/v2\/countries?post=54184"},{"taxonomy":"cases","embeddable":true,"href":"https:\/\/www.cfjustice.org\/fr\/wp-json\/wp\/v2\/cases?post=54184"},{"taxonomy":"writer","embeddable":true,"href":"https:\/\/www.cfjustice.org\/fr\/wp-json\/wp\/v2\/writer?post=54184"},{"taxonomy":"coalitions","embeddable":true,"href":"https:\/\/www.cfjustice.org\/fr\/wp-json\/wp\/v2\/coalitions?post=54184"}],"curies":[{"name":"wp","href":"https:\/\/api.w.org\/{rel}","templated":true}]}}