{"id":54176,"date":"2026-03-09T01:32:57","date_gmt":"2026-03-09T00:32:57","guid":{"rendered":"https:\/\/www.cfjustice.org\/tunisie-le-cfj-condamne-les-peines-demprisonnement-contre-kheireddine-debaya-et-les-militants-ecologistes-de-gabes-et-exige-larret-de-la-criminalisation-de-la-protestation-pacifique\/"},"modified":"2026-03-09T01:32:57","modified_gmt":"2026-03-09T00:32:57","slug":"tunisie-le-cfj-condamne-les-peines-demprisonnement-contre-kheireddine-debaya-et-les-militants-ecologistes-de-gabes-et-exige-larret-de-la-criminalisation-de-la-protestation-pacifique","status":"publish","type":"post","link":"https:\/\/www.cfjustice.org\/fr\/tunisie-le-cfj-condamne-les-peines-demprisonnement-contre-kheireddine-debaya-et-les-militants-ecologistes-de-gabes-et-exige-larret-de-la-criminalisation-de-la-protestation-pacifique\/","title":{"rendered":"Tunisie : Le CFJ condamne les peines d&#8217;emprisonnement contre Kheireddine Debaya et les militants \u00e9cologistes de Gab\u00e8s et exige l&rsquo;arr\u00eat de la criminalisation de la protestation pacifique"},"content":{"rendered":"<p>Le <strong>Comit\u00e9 pour la Justice (Committee for Justice \u2013 CFJ)<\/strong> exprime sa solidarit\u00e9 totale avec le militant social et environnemental Kheireddine Debaya, ainsi qu&rsquo;avec tous les militants du mouvement \u00e9cologiste du gouvernorat de Gab\u00e8s, suite \u00e0 des condamnations par contumace \u00e0 un an de prison pour \u00ab entrave \u00e0 la libert\u00e9 de travail \u00bb. Le Comit\u00e9 estime que ces <strong>peines privatives de libert\u00e9<\/strong>, li\u00e9es \u00e0 un sit-in pacifique remontant \u00e0 2020 devant le Groupe Chimique Tunisien (GCT), repr\u00e9sentent une escalade dangereuse dans la criminalisation du militantisme environnemental et l&rsquo;instrumentalisation de la justice pour intimider ceux qui d\u00e9fendent le droit \u00e0 un environnement sain.<\/p>\n<p>Le Comit\u00e9 attire l&rsquo;attention sur le fait que ces condamnations par contumace, prononc\u00e9es sans notification pr\u00e9alable, constituent une violation grave des garanties d&rsquo;un proc\u00e8s \u00e9quitable et du droit \u00e0 la d\u00e9fense. Le fait de transformer des complexes industriels responsables de violations environnementales et sanitaires majeures en parties \u00ab l\u00e9s\u00e9es \u00bb face \u00e0 des citoyens r\u00e9clamant leur droit constitutionnel \u00e0 la sant\u00e9 et \u00e0 la vie, refl\u00e8te un d\u00e9s\u00e9quilibre flagrant de la justice et consacre l&rsquo;impunit\u00e9 des pollueurs, en totale contradiction avec l&rsquo;article 47 de la Constitution tunisienne et les conventions internationales.<\/p>\n<p>Le <strong>Comit\u00e9 pour la Justice (CFJ)<\/strong> d\u00e9nonce la r\u00e9ouverture de dossiers anciens et l&rsquo;activation de mandats de recherche parall\u00e8lement \u00e0 la mont\u00e9e des revendications \u00e9cologistes \u00e0 Gab\u00e8s, y voyant une forme de <strong>harc\u00e8lement syst\u00e9matique<\/strong> pour faire taire les voix critiques. Le Comit\u00e9 exige des autorit\u00e9s tunisiennes l&rsquo;arr\u00eat imm\u00e9diat de toutes les poursuites judiciaires \u00e0 caract\u00e8re vindicatif contre Kheireddine Debaya et ses camarades, et appelle \u00e0 cesser d&rsquo;utiliser des accusations vagues pour restreindre le droit \u00e0 la protestation pacifique, affirmant que la protection des d\u00e9fenseurs de l&rsquo;environnement est indissociable de la protection des droits fondamentaux de la soci\u00e9t\u00e9.<\/p>\n","protected":false},"excerpt":{"rendered":"<p>Le Comit\u00e9 pour la Justice (Committee for Justice \u2013 CFJ) exprime sa solidarit\u00e9 totale avec le militant social et environnemental Kheireddine Debaya, ainsi qu&rsquo;avec tous les militants du mouvement \u00e9cologiste [&hellip;]<\/p>\n","protected":false},"author":962,"featured_media":54174,"comment_status":"closed","ping_status":"closed","sticky":false,"template":"","format":"standard","meta":{"_monsterinsights_skip_tracking":false,"_monsterinsights_sitenote_active":false,"_monsterinsights_sitenote_note":"","_monsterinsights_sitenote_category":0,"_price":"","_stock":"","_tribe_ticket_header":"","_tribe_default_ticket_provider":"","_tribe_ticket_capacity":"","_ticket_start_date":"","_ticket_end_date":"","_tribe_ticket_show_description":"","_tribe_ticket_show_not_going":false,"_tribe_ticket_use_global_stock":"","_tribe_ticket_global_stock_level":"","_global_stock_mode":"","_global_stock_cap":"","_tribe_rsvp_for_event":"","_tribe_ticket_going_count":"","_tribe_ticket_not_going_count":"","_tribe_tickets_list":"[]","_tribe_ticket_has_attendee_info_fields":false,"footnotes":""},"categories":[999],"tags":[],"countries":[1032,1000],"cases":[],"writer":[],"coalitions":[],"class_list":["post-54176","post","type-post","status-publish","format-standard","has-post-thumbnail","hentry","category-nouvelles","countries-afrique-du-nord","countries-la-tunisie-2","has-post-title","has-post-date","has-post-category","has-post-tag","has-post-comment","has-post-author",""],"yoast_head":"<!-- This site is optimized with the Yoast SEO plugin v27.4 - https:\/\/yoast.com\/product\/yoast-seo-wordpress\/ -->\n<title>Tunisie : Le CFJ condamne les peines d&#039;emprisonnement contre Kheireddine Debaya et les militants \u00e9cologistes de Gab\u00e8s et exige l&#039;arr\u00eat de la criminalisation de la protestation pacifique - Committee for Justice<\/title>\n<meta name=\"description\" content=\"Tunisie : Le CFJ condamne les peines d&#039;emprisonnement contre Kheireddine Debaya et les militants \u00e9cologistes de Gab\u00e8s et exige l&#039;arr\u00eat de la criminalisation de la protestation pacifique\" \/>\n<meta name=\"robots\" content=\"index, follow, max-snippet:-1, max-image-preview:large, max-video-preview:-1\" \/>\n<link rel=\"canonical\" href=\"https:\/\/www.cfjustice.org\/fr\/tunisie-le-cfj-condamne-les-peines-demprisonnement-contre-kheireddine-debaya-et-les-militants-ecologistes-de-gabes-et-exige-larret-de-la-criminalisation-de-la-protestation-pacifique\/\" \/>\n<meta property=\"og:locale\" content=\"fr_FR\" \/>\n<meta property=\"og:type\" content=\"article\" \/>\n<meta property=\"og:title\" content=\"Tunisie : Le CFJ condamne les peines d&#039;emprisonnement contre Kheireddine Debaya et les militants \u00e9cologistes de Gab\u00e8s et exige l&#039;arr\u00eat de la criminalisation de la protestation pacifique - Committee for Justice\" \/>\n<meta property=\"og:description\" content=\"Tunisie : Le CFJ condamne les peines d&#039;emprisonnement contre Kheireddine Debaya et les militants \u00e9cologistes de Gab\u00e8s et exige l&#039;arr\u00eat de la criminalisation de la protestation pacifique\" \/>\n<meta property=\"og:url\" content=\"https:\/\/www.cfjustice.org\/fr\/tunisie-le-cfj-condamne-les-peines-demprisonnement-contre-kheireddine-debaya-et-les-militants-ecologistes-de-gabes-et-exige-larret-de-la-criminalisation-de-la-protestation-pacifique\/\" \/>\n<meta property=\"og:site_name\" content=\"Committee for Justice\" \/>\n<meta property=\"article:publisher\" content=\"https:\/\/www.facebook.com\/cfjusticeorg\" \/>\n<meta property=\"article:published_time\" content=\"2026-03-09T00:32:57+00:00\" \/>\n<meta property=\"og:image\" content=\"https:\/\/www.cfjustice.org\/wp-content\/uploads\/2026\/03\/\u062e\u064a\u0631-\u0627\u0644\u062f\u064a\u0646-\u062f\u0628\u064a\u0629.webp\" \/>\n\t<meta property=\"og:image:width\" content=\"1280\" \/>\n\t<meta property=\"og:image:height\" content=\"720\" \/>\n\t<meta property=\"og:image:type\" content=\"image\/jpeg\" \/>\n<meta name=\"author\" content=\"mmurad\" \/>\n<meta name=\"twitter:card\" content=\"summary_large_image\" \/>\n<meta name=\"twitter:creator\" content=\"@cfjusticeorg\" \/>\n<meta name=\"twitter:site\" content=\"@cfjusticeorg\" \/>\n<meta name=\"twitter:label1\" content=\"\u00c9crit par\" \/>\n\t<meta name=\"twitter:data1\" content=\"mmurad\" \/>\n\t<meta name=\"twitter:label2\" content=\"Dur\u00e9e de lecture estim\u00e9e\" \/>\n\t<meta name=\"twitter:data2\" content=\"1 minute\" \/>\n<script type=\"application\/ld+json\" class=\"yoast-schema-graph\">{\"@context\":\"https:\\\/\\\/schema.org\",\"@graph\":[{\"@type\":\"Article\",\"@id\":\"https:\\\/\\\/www.cfjustice.org\\\/fr\\\/tunisie-le-cfj-condamne-les-peines-demprisonnement-contre-kheireddine-debaya-et-les-militants-ecologistes-de-gabes-et-exige-larret-de-la-criminalisation-de-la-protestation-pacifique\\\/#article\",\"isPartOf\":{\"@id\":\"https:\\\/\\\/www.cfjustice.org\\\/fr\\\/tunisie-le-cfj-condamne-les-peines-demprisonnement-contre-kheireddine-debaya-et-les-militants-ecologistes-de-gabes-et-exige-larret-de-la-criminalisation-de-la-protestation-pacifique\\\/\"},\"author\":{\"name\":\"mmurad\",\"@id\":\"https:\\\/\\\/www.cfjustice.org\\\/fr\\\/#\\\/schema\\\/person\\\/bb556c12ed41de17b43b26af15865af9\"},\"headline\":\"Tunisie : Le CFJ condamne les peines d&#8217;emprisonnement contre Kheireddine Debaya et les militants \u00e9cologistes de Gab\u00e8s et exige l&rsquo;arr\u00eat de la criminalisation de la protestation pacifique\",\"datePublished\":\"2026-03-09T00:32:57+00:00\",\"mainEntityOfPage\":{\"@id\":\"https:\\\/\\\/www.cfjustice.org\\\/fr\\\/tunisie-le-cfj-condamne-les-peines-demprisonnement-contre-kheireddine-debaya-et-les-militants-ecologistes-de-gabes-et-exige-larret-de-la-criminalisation-de-la-protestation-pacifique\\\/\"},\"wordCount\":336,\"publisher\":{\"@id\":\"https:\\\/\\\/www.cfjustice.org\\\/fr\\\/#organization\"},\"image\":{\"@id\":\"https:\\\/\\\/www.cfjustice.org\\\/fr\\\/tunisie-le-cfj-condamne-les-peines-demprisonnement-contre-kheireddine-debaya-et-les-militants-ecologistes-de-gabes-et-exige-larret-de-la-criminalisation-de-la-protestation-pacifique\\\/#primaryimage\"},\"thumbnailUrl\":\"https:\\\/\\\/www.cfjustice.org\\\/wp-content\\\/uploads\\\/2026\\\/03\\\/\u062e\u064a\u0631-\u0627\u0644\u062f\u064a\u0646-\u062f\u0628\u064a\u0629.webp\",\"articleSection\":[\"nouvelles\"],\"inLanguage\":\"fr-FR\"},{\"@type\":\"WebPage\",\"@id\":\"https:\\\/\\\/www.cfjustice.org\\\/fr\\\/tunisie-le-cfj-condamne-les-peines-demprisonnement-contre-kheireddine-debaya-et-les-militants-ecologistes-de-gabes-et-exige-larret-de-la-criminalisation-de-la-protestation-pacifique\\\/\",\"url\":\"https:\\\/\\\/www.cfjustice.org\\\/fr\\\/tunisie-le-cfj-condamne-les-peines-demprisonnement-contre-kheireddine-debaya-et-les-militants-ecologistes-de-gabes-et-exige-larret-de-la-criminalisation-de-la-protestation-pacifique\\\/\",\"name\":\"Tunisie : Le CFJ condamne les peines d'emprisonnement contre Kheireddine Debaya et les militants \u00e9cologistes de Gab\u00e8s et exige l'arr\u00eat de la criminalisation de la protestation pacifique - Committee for Justice\",\"isPartOf\":{\"@id\":\"https:\\\/\\\/www.cfjustice.org\\\/fr\\\/#website\"},\"primaryImageOfPage\":{\"@id\":\"https:\\\/\\\/www.cfjustice.org\\\/fr\\\/tunisie-le-cfj-condamne-les-peines-demprisonnement-contre-kheireddine-debaya-et-les-militants-ecologistes-de-gabes-et-exige-larret-de-la-criminalisation-de-la-protestation-pacifique\\\/#primaryimage\"},\"image\":{\"@id\":\"https:\\\/\\\/www.cfjustice.org\\\/fr\\\/tunisie-le-cfj-condamne-les-peines-demprisonnement-contre-kheireddine-debaya-et-les-militants-ecologistes-de-gabes-et-exige-larret-de-la-criminalisation-de-la-protestation-pacifique\\\/#primaryimage\"},\"thumbnailUrl\":\"https:\\\/\\\/www.cfjustice.org\\\/wp-content\\\/uploads\\\/2026\\\/03\\\/\u062e\u064a\u0631-\u0627\u0644\u062f\u064a\u0646-\u062f\u0628\u064a\u0629.webp\",\"datePublished\":\"2026-03-09T00:32:57+00:00\",\"description\":\"Tunisie : Le CFJ condamne les peines d'emprisonnement contre Kheireddine Debaya et les militants \u00e9cologistes de Gab\u00e8s et exige l'arr\u00eat de la criminalisation de la protestation pacifique\",\"breadcrumb\":{\"@id\":\"https:\\\/\\\/www.cfjustice.org\\\/fr\\\/tunisie-le-cfj-condamne-les-peines-demprisonnement-contre-kheireddine-debaya-et-les-militants-ecologistes-de-gabes-et-exige-larret-de-la-criminalisation-de-la-protestation-pacifique\\\/#breadcrumb\"},\"inLanguage\":\"fr-FR\",\"potentialAction\":[{\"@type\":\"ReadAction\",\"target\":[\"https:\\\/\\\/www.cfjustice.org\\\/fr\\\/tunisie-le-cfj-condamne-les-peines-demprisonnement-contre-kheireddine-debaya-et-les-militants-ecologistes-de-gabes-et-exige-larret-de-la-criminalisation-de-la-protestation-pacifique\\\/\"]}]},{\"@type\":\"ImageObject\",\"inLanguage\":\"fr-FR\",\"@id\":\"https:\\\/\\\/www.cfjustice.org\\\/fr\\\/tunisie-le-cfj-condamne-les-peines-demprisonnement-contre-kheireddine-debaya-et-les-militants-ecologistes-de-gabes-et-exige-larret-de-la-criminalisation-de-la-protestation-pacifique\\\/#primaryimage\",\"url\":\"https:\\\/\\\/www.cfjustice.org\\\/wp-content\\\/uploads\\\/2026\\\/03\\\/\u062e\u064a\u0631-\u0627\u0644\u062f\u064a\u0646-\u062f\u0628\u064a\u0629.webp\",\"contentUrl\":\"https:\\\/\\\/www.cfjustice.org\\\/wp-content\\\/uploads\\\/2026\\\/03\\\/\u062e\u064a\u0631-\u0627\u0644\u062f\u064a\u0646-\u062f\u0628\u064a\u0629.webp\",\"width\":1280,\"height\":720},{\"@type\":\"BreadcrumbList\",\"@id\":\"https:\\\/\\\/www.cfjustice.org\\\/fr\\\/tunisie-le-cfj-condamne-les-peines-demprisonnement-contre-kheireddine-debaya-et-les-militants-ecologistes-de-gabes-et-exige-larret-de-la-criminalisation-de-la-protestation-pacifique\\\/#breadcrumb\",\"itemListElement\":[{\"@type\":\"ListItem\",\"position\":1,\"name\":\"Home\",\"item\":\"https:\\\/\\\/www.cfjustice.org\\\/fr\\\/\"},{\"@type\":\"ListItem\",\"position\":2,\"name\":\"Tunisie : Le CFJ condamne les peines d&#8217;emprisonnement contre Kheireddine Debaya et les militants \u00e9cologistes de Gab\u00e8s et exige l&#8217;arr\u00eat de la criminalisation de la protestation pacifique\"}]},{\"@type\":\"WebSite\",\"@id\":\"https:\\\/\\\/www.cfjustice.org\\\/fr\\\/#website\",\"url\":\"https:\\\/\\\/www.cfjustice.org\\\/fr\\\/\",\"name\":\"Committee for Justice\",\"description\":\"We are working to achieve justice\",\"publisher\":{\"@id\":\"https:\\\/\\\/www.cfjustice.org\\\/fr\\\/#organization\"},\"alternateName\":\"CFJ\",\"potentialAction\":[{\"@type\":\"SearchAction\",\"target\":{\"@type\":\"EntryPoint\",\"urlTemplate\":\"https:\\\/\\\/www.cfjustice.org\\\/fr\\\/?s={search_term_string}\"},\"query-input\":{\"@type\":\"PropertyValueSpecification\",\"valueRequired\":true,\"valueName\":\"search_term_string\"}}],\"inLanguage\":\"fr-FR\"},{\"@type\":\"Organization\",\"@id\":\"https:\\\/\\\/www.cfjustice.org\\\/fr\\\/#organization\",\"name\":\"Committee for Justice\",\"url\":\"https:\\\/\\\/www.cfjustice.org\\\/fr\\\/\",\"logo\":{\"@type\":\"ImageObject\",\"inLanguage\":\"fr-FR\",\"@id\":\"https:\\\/\\\/www.cfjustice.org\\\/fr\\\/#\\\/schema\\\/logo\\\/image\\\/\",\"url\":\"https:\\\/\\\/www.cfjustice.org\\\/wp-content\\\/uploads\\\/2023\\\/10\\\/logo-1.svg\",\"contentUrl\":\"https:\\\/\\\/www.cfjustice.org\\\/wp-content\\\/uploads\\\/2023\\\/10\\\/logo-1.svg\",\"width\":1,\"height\":1,\"caption\":\"Committee for Justice\"},\"image\":{\"@id\":\"https:\\\/\\\/www.cfjustice.org\\\/fr\\\/#\\\/schema\\\/logo\\\/image\\\/\"},\"sameAs\":[\"https:\\\/\\\/www.facebook.com\\\/cfjusticeorg\",\"https:\\\/\\\/x.com\\\/cfjusticeorg\",\"https:\\\/\\\/www.linkedin.com\\\/company\\\/cfjustice\\\/\",\"https:\\\/\\\/www.youtube.com\\\/channel\\\/UCQdBw5-F5Z80xtts8UqRRqQ\",\"https:\\\/\\\/www.instagram.com\\\/cfjusticeorg\"]},{\"@type\":\"Person\",\"@id\":\"https:\\\/\\\/www.cfjustice.org\\\/fr\\\/#\\\/schema\\\/person\\\/bb556c12ed41de17b43b26af15865af9\",\"name\":\"mmurad\",\"image\":{\"@type\":\"ImageObject\",\"inLanguage\":\"fr-FR\",\"@id\":\"https:\\\/\\\/secure.gravatar.com\\\/avatar\\\/b01b45168573d27abfd52e48a08122adff6e2dd698a45002db0e5b672be19a34?s=96&d=mm&r=g\",\"url\":\"https:\\\/\\\/secure.gravatar.com\\\/avatar\\\/b01b45168573d27abfd52e48a08122adff6e2dd698a45002db0e5b672be19a34?s=96&d=mm&r=g\",\"contentUrl\":\"https:\\\/\\\/secure.gravatar.com\\\/avatar\\\/b01b45168573d27abfd52e48a08122adff6e2dd698a45002db0e5b672be19a34?s=96&d=mm&r=g\",\"caption\":\"mmurad\"},\"url\":\"https:\\\/\\\/www.cfjustice.org\\\/fr\\\/author\\\/mmurad\\\/\"}]}<\/script>\n<!-- \/ Yoast SEO plugin. -->","yoast_head_json":{"title":"Tunisie : Le CFJ condamne les peines d'emprisonnement contre Kheireddine Debaya et les militants \u00e9cologistes de Gab\u00e8s et exige l'arr\u00eat de la criminalisation de la protestation pacifique - Committee for Justice","description":"Tunisie : Le CFJ condamne les peines d'emprisonnement contre Kheireddine Debaya et les militants \u00e9cologistes de Gab\u00e8s et exige l'arr\u00eat de la criminalisation de la protestation pacifique","robots":{"index":"index","follow":"follow","max-snippet":"max-snippet:-1","max-image-preview":"max-image-preview:large","max-video-preview":"max-video-preview:-1"},"canonical":"https:\/\/www.cfjustice.org\/fr\/tunisie-le-cfj-condamne-les-peines-demprisonnement-contre-kheireddine-debaya-et-les-militants-ecologistes-de-gabes-et-exige-larret-de-la-criminalisation-de-la-protestation-pacifique\/","og_locale":"fr_FR","og_type":"article","og_title":"Tunisie : Le CFJ condamne les peines d'emprisonnement contre Kheireddine Debaya et les militants \u00e9cologistes de Gab\u00e8s et exige l'arr\u00eat de la criminalisation de la protestation pacifique - Committee for Justice","og_description":"Tunisie : Le CFJ condamne les peines d'emprisonnement contre Kheireddine Debaya et les militants \u00e9cologistes de Gab\u00e8s et exige l'arr\u00eat de la criminalisation de la protestation pacifique","og_url":"https:\/\/www.cfjustice.org\/fr\/tunisie-le-cfj-condamne-les-peines-demprisonnement-contre-kheireddine-debaya-et-les-militants-ecologistes-de-gabes-et-exige-larret-de-la-criminalisation-de-la-protestation-pacifique\/","og_site_name":"Committee for Justice","article_publisher":"https:\/\/www.facebook.com\/cfjusticeorg","article_published_time":"2026-03-09T00:32:57+00:00","og_image":[{"width":1280,"height":720,"url":"https:\/\/www.cfjustice.org\/wp-content\/uploads\/2026\/03\/\u062e\u064a\u0631-\u0627\u0644\u062f\u064a\u0646-\u062f\u0628\u064a\u0629.webp","type":"image\/jpeg"}],"author":"mmurad","twitter_card":"summary_large_image","twitter_creator":"@cfjusticeorg","twitter_site":"@cfjusticeorg","twitter_misc":{"\u00c9crit par":"mmurad","Dur\u00e9e de lecture estim\u00e9e":"1 minute"},"schema":{"@context":"https:\/\/schema.org","@graph":[{"@type":"Article","@id":"https:\/\/www.cfjustice.org\/fr\/tunisie-le-cfj-condamne-les-peines-demprisonnement-contre-kheireddine-debaya-et-les-militants-ecologistes-de-gabes-et-exige-larret-de-la-criminalisation-de-la-protestation-pacifique\/#article","isPartOf":{"@id":"https:\/\/www.cfjustice.org\/fr\/tunisie-le-cfj-condamne-les-peines-demprisonnement-contre-kheireddine-debaya-et-les-militants-ecologistes-de-gabes-et-exige-larret-de-la-criminalisation-de-la-protestation-pacifique\/"},"author":{"name":"mmurad","@id":"https:\/\/www.cfjustice.org\/fr\/#\/schema\/person\/bb556c12ed41de17b43b26af15865af9"},"headline":"Tunisie : Le CFJ condamne les peines d&#8217;emprisonnement contre Kheireddine Debaya et les militants \u00e9cologistes de Gab\u00e8s et exige l&rsquo;arr\u00eat de la criminalisation de la protestation pacifique","datePublished":"2026-03-09T00:32:57+00:00","mainEntityOfPage":{"@id":"https:\/\/www.cfjustice.org\/fr\/tunisie-le-cfj-condamne-les-peines-demprisonnement-contre-kheireddine-debaya-et-les-militants-ecologistes-de-gabes-et-exige-larret-de-la-criminalisation-de-la-protestation-pacifique\/"},"wordCount":336,"publisher":{"@id":"https:\/\/www.cfjustice.org\/fr\/#organization"},"image":{"@id":"https:\/\/www.cfjustice.org\/fr\/tunisie-le-cfj-condamne-les-peines-demprisonnement-contre-kheireddine-debaya-et-les-militants-ecologistes-de-gabes-et-exige-larret-de-la-criminalisation-de-la-protestation-pacifique\/#primaryimage"},"thumbnailUrl":"https:\/\/www.cfjustice.org\/wp-content\/uploads\/2026\/03\/\u062e\u064a\u0631-\u0627\u0644\u062f\u064a\u0646-\u062f\u0628\u064a\u0629.webp","articleSection":["nouvelles"],"inLanguage":"fr-FR"},{"@type":"WebPage","@id":"https:\/\/www.cfjustice.org\/fr\/tunisie-le-cfj-condamne-les-peines-demprisonnement-contre-kheireddine-debaya-et-les-militants-ecologistes-de-gabes-et-exige-larret-de-la-criminalisation-de-la-protestation-pacifique\/","url":"https:\/\/www.cfjustice.org\/fr\/tunisie-le-cfj-condamne-les-peines-demprisonnement-contre-kheireddine-debaya-et-les-militants-ecologistes-de-gabes-et-exige-larret-de-la-criminalisation-de-la-protestation-pacifique\/","name":"Tunisie : Le CFJ condamne les peines d'emprisonnement contre Kheireddine Debaya et les militants \u00e9cologistes de Gab\u00e8s et exige l'arr\u00eat de la criminalisation de la protestation pacifique - Committee for Justice","isPartOf":{"@id":"https:\/\/www.cfjustice.org\/fr\/#website"},"primaryImageOfPage":{"@id":"https:\/\/www.cfjustice.org\/fr\/tunisie-le-cfj-condamne-les-peines-demprisonnement-contre-kheireddine-debaya-et-les-militants-ecologistes-de-gabes-et-exige-larret-de-la-criminalisation-de-la-protestation-pacifique\/#primaryimage"},"image":{"@id":"https:\/\/www.cfjustice.org\/fr\/tunisie-le-cfj-condamne-les-peines-demprisonnement-contre-kheireddine-debaya-et-les-militants-ecologistes-de-gabes-et-exige-larret-de-la-criminalisation-de-la-protestation-pacifique\/#primaryimage"},"thumbnailUrl":"https:\/\/www.cfjustice.org\/wp-content\/uploads\/2026\/03\/\u062e\u064a\u0631-\u0627\u0644\u062f\u064a\u0646-\u062f\u0628\u064a\u0629.webp","datePublished":"2026-03-09T00:32:57+00:00","description":"Tunisie : Le CFJ condamne les peines d'emprisonnement contre Kheireddine Debaya et les militants \u00e9cologistes de Gab\u00e8s et exige l'arr\u00eat de la criminalisation de la protestation pacifique","breadcrumb":{"@id":"https:\/\/www.cfjustice.org\/fr\/tunisie-le-cfj-condamne-les-peines-demprisonnement-contre-kheireddine-debaya-et-les-militants-ecologistes-de-gabes-et-exige-larret-de-la-criminalisation-de-la-protestation-pacifique\/#breadcrumb"},"inLanguage":"fr-FR","potentialAction":[{"@type":"ReadAction","target":["https:\/\/www.cfjustice.org\/fr\/tunisie-le-cfj-condamne-les-peines-demprisonnement-contre-kheireddine-debaya-et-les-militants-ecologistes-de-gabes-et-exige-larret-de-la-criminalisation-de-la-protestation-pacifique\/"]}]},{"@type":"ImageObject","inLanguage":"fr-FR","@id":"https:\/\/www.cfjustice.org\/fr\/tunisie-le-cfj-condamne-les-peines-demprisonnement-contre-kheireddine-debaya-et-les-militants-ecologistes-de-gabes-et-exige-larret-de-la-criminalisation-de-la-protestation-pacifique\/#primaryimage","url":"https:\/\/www.cfjustice.org\/wp-content\/uploads\/2026\/03\/\u062e\u064a\u0631-\u0627\u0644\u062f\u064a\u0646-\u062f\u0628\u064a\u0629.webp","contentUrl":"https:\/\/www.cfjustice.org\/wp-content\/uploads\/2026\/03\/\u062e\u064a\u0631-\u0627\u0644\u062f\u064a\u0646-\u062f\u0628\u064a\u0629.webp","width":1280,"height":720},{"@type":"BreadcrumbList","@id":"https:\/\/www.cfjustice.org\/fr\/tunisie-le-cfj-condamne-les-peines-demprisonnement-contre-kheireddine-debaya-et-les-militants-ecologistes-de-gabes-et-exige-larret-de-la-criminalisation-de-la-protestation-pacifique\/#breadcrumb","itemListElement":[{"@type":"ListItem","position":1,"name":"Home","item":"https:\/\/www.cfjustice.org\/fr\/"},{"@type":"ListItem","position":2,"name":"Tunisie : Le CFJ condamne les peines d&#8217;emprisonnement contre Kheireddine Debaya et les militants \u00e9cologistes de Gab\u00e8s et exige l&#8217;arr\u00eat de la criminalisation de la protestation pacifique"}]},{"@type":"WebSite","@id":"https:\/\/www.cfjustice.org\/fr\/#website","url":"https:\/\/www.cfjustice.org\/fr\/","name":"Committee for Justice","description":"We are working to achieve justice","publisher":{"@id":"https:\/\/www.cfjustice.org\/fr\/#organization"},"alternateName":"CFJ","potentialAction":[{"@type":"SearchAction","target":{"@type":"EntryPoint","urlTemplate":"https:\/\/www.cfjustice.org\/fr\/?s={search_term_string}"},"query-input":{"@type":"PropertyValueSpecification","valueRequired":true,"valueName":"search_term_string"}}],"inLanguage":"fr-FR"},{"@type":"Organization","@id":"https:\/\/www.cfjustice.org\/fr\/#organization","name":"Committee for Justice","url":"https:\/\/www.cfjustice.org\/fr\/","logo":{"@type":"ImageObject","inLanguage":"fr-FR","@id":"https:\/\/www.cfjustice.org\/fr\/#\/schema\/logo\/image\/","url":"https:\/\/www.cfjustice.org\/wp-content\/uploads\/2023\/10\/logo-1.svg","contentUrl":"https:\/\/www.cfjustice.org\/wp-content\/uploads\/2023\/10\/logo-1.svg","width":1,"height":1,"caption":"Committee for Justice"},"image":{"@id":"https:\/\/www.cfjustice.org\/fr\/#\/schema\/logo\/image\/"},"sameAs":["https:\/\/www.facebook.com\/cfjusticeorg","https:\/\/x.com\/cfjusticeorg","https:\/\/www.linkedin.com\/company\/cfjustice\/","https:\/\/www.youtube.com\/channel\/UCQdBw5-F5Z80xtts8UqRRqQ","https:\/\/www.instagram.com\/cfjusticeorg"]},{"@type":"Person","@id":"https:\/\/www.cfjustice.org\/fr\/#\/schema\/person\/bb556c12ed41de17b43b26af15865af9","name":"mmurad","image":{"@type":"ImageObject","inLanguage":"fr-FR","@id":"https:\/\/secure.gravatar.com\/avatar\/b01b45168573d27abfd52e48a08122adff6e2dd698a45002db0e5b672be19a34?s=96&d=mm&r=g","url":"https:\/\/secure.gravatar.com\/avatar\/b01b45168573d27abfd52e48a08122adff6e2dd698a45002db0e5b672be19a34?s=96&d=mm&r=g","contentUrl":"https:\/\/secure.gravatar.com\/avatar\/b01b45168573d27abfd52e48a08122adff6e2dd698a45002db0e5b672be19a34?s=96&d=mm&r=g","caption":"mmurad"},"url":"https:\/\/www.cfjustice.org\/fr\/author\/mmurad\/"}]}},"_links":{"self":[{"href":"https:\/\/www.cfjustice.org\/fr\/wp-json\/wp\/v2\/posts\/54176","targetHints":{"allow":["GET"]}}],"collection":[{"href":"https:\/\/www.cfjustice.org\/fr\/wp-json\/wp\/v2\/posts"}],"about":[{"href":"https:\/\/www.cfjustice.org\/fr\/wp-json\/wp\/v2\/types\/post"}],"author":[{"embeddable":true,"href":"https:\/\/www.cfjustice.org\/fr\/wp-json\/wp\/v2\/users\/962"}],"replies":[{"embeddable":true,"href":"https:\/\/www.cfjustice.org\/fr\/wp-json\/wp\/v2\/comments?post=54176"}],"version-history":[{"count":0,"href":"https:\/\/www.cfjustice.org\/fr\/wp-json\/wp\/v2\/posts\/54176\/revisions"}],"wp:featuredmedia":[{"embeddable":true,"href":"https:\/\/www.cfjustice.org\/fr\/wp-json\/wp\/v2\/media\/54174"}],"wp:attachment":[{"href":"https:\/\/www.cfjustice.org\/fr\/wp-json\/wp\/v2\/media?parent=54176"}],"wp:term":[{"taxonomy":"category","embeddable":true,"href":"https:\/\/www.cfjustice.org\/fr\/wp-json\/wp\/v2\/categories?post=54176"},{"taxonomy":"post_tag","embeddable":true,"href":"https:\/\/www.cfjustice.org\/fr\/wp-json\/wp\/v2\/tags?post=54176"},{"taxonomy":"countries","embeddable":true,"href":"https:\/\/www.cfjustice.org\/fr\/wp-json\/wp\/v2\/countries?post=54176"},{"taxonomy":"cases","embeddable":true,"href":"https:\/\/www.cfjustice.org\/fr\/wp-json\/wp\/v2\/cases?post=54176"},{"taxonomy":"writer","embeddable":true,"href":"https:\/\/www.cfjustice.org\/fr\/wp-json\/wp\/v2\/writer?post=54176"},{"taxonomy":"coalitions","embeddable":true,"href":"https:\/\/www.cfjustice.org\/fr\/wp-json\/wp\/v2\/coalitions?post=54176"}],"curies":[{"name":"wp","href":"https:\/\/api.w.org\/{rel}","templated":true}]}}