{"id":54170,"date":"2026-03-09T01:29:09","date_gmt":"2026-03-09T00:29:09","guid":{"rendered":"https:\/\/www.cfjustice.org\/tunisie-le-cfj-soutient-les-revendications-des-journalistes-de-la-tap-et-denonce-les-ingerences-administratives-dans-lindependance-editoriale\/"},"modified":"2026-03-09T01:29:09","modified_gmt":"2026-03-09T00:29:09","slug":"tunisie-le-cfj-soutient-les-revendications-des-journalistes-de-la-tap-et-denonce-les-ingerences-administratives-dans-lindependance-editoriale","status":"publish","type":"post","link":"https:\/\/www.cfjustice.org\/fr\/tunisie-le-cfj-soutient-les-revendications-des-journalistes-de-la-tap-et-denonce-les-ingerences-administratives-dans-lindependance-editoriale\/","title":{"rendered":"Tunisie : Le CFJ soutient les revendications des journalistes de la TAP et d\u00e9nonce les ing\u00e9rences administratives dans l&rsquo;ind\u00e9pendance \u00e9ditoriale"},"content":{"rendered":"<p>Le <strong>Comit\u00e9 pour la Justice (Committee for Justice \u2013 CFJ)<\/strong> exprime sa solidarit\u00e9 totale avec les journalistes de l&rsquo;agence Tunis Afrique Presse (TAP) et soutient leurs revendications professionnelles et juridiques l\u00e9gitimes exprim\u00e9es dans leur r\u00e9cente motion. Le Comit\u00e9 estime que les interventions r\u00e9p\u00e9t\u00e9es de la Direction G\u00e9n\u00e9rale dans les contenus des d\u00e9p\u00eaches, l&rsquo;annulation de couvertures m\u00e9diatiques ou l&rsquo;\u00e9videment du contenu informatif pour le transformer en simple communication politique et gouvernementale, repr\u00e9sentent un recul dangereux pour la libert\u00e9 de la presse et l&rsquo;ind\u00e9pendance du service public de l&rsquo;information.<\/p>\n<p>Le Comit\u00e9 attire l&rsquo;attention sur le fait que la d\u00e9mission ou le limogeage de trois directeurs de la r\u00e9daction au cours des trois derni\u00e8res ann\u00e9es, parall\u00e8lement aux pressions et au harc\u00e8lement quotidien subis par les journalistes, confirme l&rsquo;existence d&rsquo;une politique syst\u00e9matique visant \u00e0 domestiquer l&rsquo;agence au profit du pouvoir ex\u00e9cutif. Le CFJ souligne que le fait de juger les intentions des journalistes concernant la couverture des activit\u00e9s de la Pr\u00e9sidence et du Gouvernement, et de les contraindre \u00e0 produire des contenus \u00ab \u00e0 la demande \u00bb, constitue une violation flagrante de la d\u00e9ontologie et des chartes \u00e9ditoriales internationales qui garantissent le droit du citoyen \u00e0 une information pr\u00e9cise et impartiale.<\/p>\n<p>Le <strong>Comit\u00e9 pour la Justice (CFJ)<\/strong> insiste sur la n\u00e9cessit\u00e9 pour la Direction G\u00e9n\u00e9rale de r\u00e9pondre aux revendications du syndicat, notamment la mise en place d&rsquo;un conseil de r\u00e9daction garantissant l&rsquo;autor\u00e9gulation et prot\u00e9geant l&rsquo;ind\u00e9pendance des journalistes, ainsi que la r\u00e9gularisation des situations professionnelles et le versement des primes en suspens. Le Comit\u00e9 exige des autorit\u00e9s tunisiennes qu&rsquo;elles cessent d&rsquo;instrumentaliser les institutions m\u00e9diatiques publiques comme outils de propagande politique, affirmant que l&rsquo;ind\u00e9pendance de l&rsquo;agence de presse officielle est un pilier essentiel pour pr\u00e9server le droit \u00e0 l&rsquo;information et prot\u00e9ger l&rsquo;espace d\u00e9mocratique de toute h\u00e9g\u00e9monie unilat\u00e9rale.<\/p>\n","protected":false},"excerpt":{"rendered":"<p>Le Comit\u00e9 pour la Justice (Committee for Justice \u2013 CFJ) exprime sa solidarit\u00e9 totale avec les journalistes de l&rsquo;agence Tunis Afrique Presse (TAP) et soutient leurs revendications professionnelles et juridiques [&hellip;]<\/p>\n","protected":false},"author":962,"featured_media":0,"comment_status":"closed","ping_status":"closed","sticky":false,"template":"","format":"standard","meta":{"_monsterinsights_skip_tracking":false,"_monsterinsights_sitenote_active":false,"_monsterinsights_sitenote_note":"","_monsterinsights_sitenote_category":0,"_price":"","_stock":"","_tribe_ticket_header":"","_tribe_default_ticket_provider":"","_tribe_ticket_capacity":"","_ticket_start_date":"","_ticket_end_date":"","_tribe_ticket_show_description":"","_tribe_ticket_show_not_going":false,"_tribe_ticket_use_global_stock":"","_tribe_ticket_global_stock_level":"","_global_stock_mode":"","_global_stock_cap":"","_tribe_rsvp_for_event":"","_tribe_ticket_going_count":"","_tribe_ticket_not_going_count":"","_tribe_tickets_list":"[]","_tribe_ticket_has_attendee_info_fields":false,"footnotes":""},"categories":[999],"tags":[],"countries":[1032,1000],"cases":[],"writer":[],"coalitions":[],"class_list":["post-54170","post","type-post","status-publish","format-standard","hentry","category-nouvelles","countries-afrique-du-nord","countries-la-tunisie-2","has-post-title","has-post-date","has-post-category","has-post-tag","has-post-comment","has-post-author",""],"yoast_head":"<!-- This site is optimized with the Yoast SEO plugin v27.4 - https:\/\/yoast.com\/product\/yoast-seo-wordpress\/ -->\n<title>Tunisie : Le CFJ soutient les revendications des journalistes de la TAP et d\u00e9nonce les ing\u00e9rences administratives dans l&#039;ind\u00e9pendance \u00e9ditoriale - Committee for Justice<\/title>\n<meta name=\"description\" content=\"Tunisie : Le CFJ soutient les revendications des journalistes de la TAP et d\u00e9nonce les ing\u00e9rences administratives dans l&#039;ind\u00e9pendance \u00e9ditoriale\" \/>\n<meta name=\"robots\" content=\"index, follow, max-snippet:-1, max-image-preview:large, max-video-preview:-1\" \/>\n<link rel=\"canonical\" href=\"https:\/\/www.cfjustice.org\/fr\/tunisie-le-cfj-soutient-les-revendications-des-journalistes-de-la-tap-et-denonce-les-ingerences-administratives-dans-lindependance-editoriale\/\" \/>\n<meta property=\"og:locale\" content=\"fr_FR\" \/>\n<meta property=\"og:type\" content=\"article\" \/>\n<meta property=\"og:title\" content=\"Tunisie : Le CFJ soutient les revendications des journalistes de la TAP et d\u00e9nonce les ing\u00e9rences administratives dans l&#039;ind\u00e9pendance \u00e9ditoriale - Committee for Justice\" \/>\n<meta property=\"og:description\" content=\"Tunisie : Le CFJ soutient les revendications des journalistes de la TAP et d\u00e9nonce les ing\u00e9rences administratives dans l&#039;ind\u00e9pendance \u00e9ditoriale\" \/>\n<meta property=\"og:url\" content=\"https:\/\/www.cfjustice.org\/fr\/tunisie-le-cfj-soutient-les-revendications-des-journalistes-de-la-tap-et-denonce-les-ingerences-administratives-dans-lindependance-editoriale\/\" \/>\n<meta property=\"og:site_name\" content=\"Committee for Justice\" \/>\n<meta property=\"article:publisher\" content=\"https:\/\/www.facebook.com\/cfjusticeorg\" \/>\n<meta property=\"article:published_time\" content=\"2026-03-09T00:29:09+00:00\" \/>\n<meta name=\"author\" content=\"mmurad\" \/>\n<meta name=\"twitter:card\" content=\"summary_large_image\" \/>\n<meta name=\"twitter:creator\" content=\"@cfjusticeorg\" \/>\n<meta name=\"twitter:site\" content=\"@cfjusticeorg\" \/>\n<meta name=\"twitter:label1\" content=\"\u00c9crit par\" \/>\n\t<meta name=\"twitter:data1\" content=\"mmurad\" \/>\n\t<meta name=\"twitter:label2\" content=\"Dur\u00e9e de lecture estim\u00e9e\" \/>\n\t<meta name=\"twitter:data2\" content=\"2 minutes\" \/>\n<script type=\"application\/ld+json\" class=\"yoast-schema-graph\">{\"@context\":\"https:\\\/\\\/schema.org\",\"@graph\":[{\"@type\":\"Article\",\"@id\":\"https:\\\/\\\/www.cfjustice.org\\\/fr\\\/tunisie-le-cfj-soutient-les-revendications-des-journalistes-de-la-tap-et-denonce-les-ingerences-administratives-dans-lindependance-editoriale\\\/#article\",\"isPartOf\":{\"@id\":\"https:\\\/\\\/www.cfjustice.org\\\/fr\\\/tunisie-le-cfj-soutient-les-revendications-des-journalistes-de-la-tap-et-denonce-les-ingerences-administratives-dans-lindependance-editoriale\\\/\"},\"author\":{\"name\":\"mmurad\",\"@id\":\"https:\\\/\\\/www.cfjustice.org\\\/fr\\\/#\\\/schema\\\/person\\\/bb556c12ed41de17b43b26af15865af9\"},\"headline\":\"Tunisie : Le CFJ soutient les revendications des journalistes de la TAP et d\u00e9nonce les ing\u00e9rences administratives dans l&rsquo;ind\u00e9pendance \u00e9ditoriale\",\"datePublished\":\"2026-03-09T00:29:09+00:00\",\"mainEntityOfPage\":{\"@id\":\"https:\\\/\\\/www.cfjustice.org\\\/fr\\\/tunisie-le-cfj-soutient-les-revendications-des-journalistes-de-la-tap-et-denonce-les-ingerences-administratives-dans-lindependance-editoriale\\\/\"},\"wordCount\":367,\"publisher\":{\"@id\":\"https:\\\/\\\/www.cfjustice.org\\\/fr\\\/#organization\"},\"articleSection\":[\"nouvelles\"],\"inLanguage\":\"fr-FR\"},{\"@type\":\"WebPage\",\"@id\":\"https:\\\/\\\/www.cfjustice.org\\\/fr\\\/tunisie-le-cfj-soutient-les-revendications-des-journalistes-de-la-tap-et-denonce-les-ingerences-administratives-dans-lindependance-editoriale\\\/\",\"url\":\"https:\\\/\\\/www.cfjustice.org\\\/fr\\\/tunisie-le-cfj-soutient-les-revendications-des-journalistes-de-la-tap-et-denonce-les-ingerences-administratives-dans-lindependance-editoriale\\\/\",\"name\":\"Tunisie : Le CFJ soutient les revendications des journalistes de la TAP et d\u00e9nonce les ing\u00e9rences administratives dans l'ind\u00e9pendance \u00e9ditoriale - Committee for Justice\",\"isPartOf\":{\"@id\":\"https:\\\/\\\/www.cfjustice.org\\\/fr\\\/#website\"},\"datePublished\":\"2026-03-09T00:29:09+00:00\",\"description\":\"Tunisie : Le CFJ soutient les revendications des journalistes de la TAP et d\u00e9nonce les ing\u00e9rences administratives dans l'ind\u00e9pendance \u00e9ditoriale\",\"breadcrumb\":{\"@id\":\"https:\\\/\\\/www.cfjustice.org\\\/fr\\\/tunisie-le-cfj-soutient-les-revendications-des-journalistes-de-la-tap-et-denonce-les-ingerences-administratives-dans-lindependance-editoriale\\\/#breadcrumb\"},\"inLanguage\":\"fr-FR\",\"potentialAction\":[{\"@type\":\"ReadAction\",\"target\":[\"https:\\\/\\\/www.cfjustice.org\\\/fr\\\/tunisie-le-cfj-soutient-les-revendications-des-journalistes-de-la-tap-et-denonce-les-ingerences-administratives-dans-lindependance-editoriale\\\/\"]}]},{\"@type\":\"BreadcrumbList\",\"@id\":\"https:\\\/\\\/www.cfjustice.org\\\/fr\\\/tunisie-le-cfj-soutient-les-revendications-des-journalistes-de-la-tap-et-denonce-les-ingerences-administratives-dans-lindependance-editoriale\\\/#breadcrumb\",\"itemListElement\":[{\"@type\":\"ListItem\",\"position\":1,\"name\":\"Home\",\"item\":\"https:\\\/\\\/www.cfjustice.org\\\/fr\\\/\"},{\"@type\":\"ListItem\",\"position\":2,\"name\":\"Tunisie : Le CFJ soutient les revendications des journalistes de la TAP et d\u00e9nonce les ing\u00e9rences administratives dans l&#8217;ind\u00e9pendance \u00e9ditoriale\"}]},{\"@type\":\"WebSite\",\"@id\":\"https:\\\/\\\/www.cfjustice.org\\\/fr\\\/#website\",\"url\":\"https:\\\/\\\/www.cfjustice.org\\\/fr\\\/\",\"name\":\"Committee for Justice\",\"description\":\"We are working to achieve justice\",\"publisher\":{\"@id\":\"https:\\\/\\\/www.cfjustice.org\\\/fr\\\/#organization\"},\"alternateName\":\"CFJ\",\"potentialAction\":[{\"@type\":\"SearchAction\",\"target\":{\"@type\":\"EntryPoint\",\"urlTemplate\":\"https:\\\/\\\/www.cfjustice.org\\\/fr\\\/?s={search_term_string}\"},\"query-input\":{\"@type\":\"PropertyValueSpecification\",\"valueRequired\":true,\"valueName\":\"search_term_string\"}}],\"inLanguage\":\"fr-FR\"},{\"@type\":\"Organization\",\"@id\":\"https:\\\/\\\/www.cfjustice.org\\\/fr\\\/#organization\",\"name\":\"Committee for Justice\",\"url\":\"https:\\\/\\\/www.cfjustice.org\\\/fr\\\/\",\"logo\":{\"@type\":\"ImageObject\",\"inLanguage\":\"fr-FR\",\"@id\":\"https:\\\/\\\/www.cfjustice.org\\\/fr\\\/#\\\/schema\\\/logo\\\/image\\\/\",\"url\":\"https:\\\/\\\/www.cfjustice.org\\\/wp-content\\\/uploads\\\/2023\\\/10\\\/logo-1.svg\",\"contentUrl\":\"https:\\\/\\\/www.cfjustice.org\\\/wp-content\\\/uploads\\\/2023\\\/10\\\/logo-1.svg\",\"width\":1,\"height\":1,\"caption\":\"Committee for Justice\"},\"image\":{\"@id\":\"https:\\\/\\\/www.cfjustice.org\\\/fr\\\/#\\\/schema\\\/logo\\\/image\\\/\"},\"sameAs\":[\"https:\\\/\\\/www.facebook.com\\\/cfjusticeorg\",\"https:\\\/\\\/x.com\\\/cfjusticeorg\",\"https:\\\/\\\/www.linkedin.com\\\/company\\\/cfjustice\\\/\",\"https:\\\/\\\/www.youtube.com\\\/channel\\\/UCQdBw5-F5Z80xtts8UqRRqQ\",\"https:\\\/\\\/www.instagram.com\\\/cfjusticeorg\"]},{\"@type\":\"Person\",\"@id\":\"https:\\\/\\\/www.cfjustice.org\\\/fr\\\/#\\\/schema\\\/person\\\/bb556c12ed41de17b43b26af15865af9\",\"name\":\"mmurad\",\"image\":{\"@type\":\"ImageObject\",\"inLanguage\":\"fr-FR\",\"@id\":\"https:\\\/\\\/secure.gravatar.com\\\/avatar\\\/b01b45168573d27abfd52e48a08122adff6e2dd698a45002db0e5b672be19a34?s=96&d=mm&r=g\",\"url\":\"https:\\\/\\\/secure.gravatar.com\\\/avatar\\\/b01b45168573d27abfd52e48a08122adff6e2dd698a45002db0e5b672be19a34?s=96&d=mm&r=g\",\"contentUrl\":\"https:\\\/\\\/secure.gravatar.com\\\/avatar\\\/b01b45168573d27abfd52e48a08122adff6e2dd698a45002db0e5b672be19a34?s=96&d=mm&r=g\",\"caption\":\"mmurad\"},\"url\":\"https:\\\/\\\/www.cfjustice.org\\\/fr\\\/author\\\/mmurad\\\/\"}]}<\/script>\n<!-- \/ Yoast SEO plugin. -->","yoast_head_json":{"title":"Tunisie : Le CFJ soutient les revendications des journalistes de la TAP et d\u00e9nonce les ing\u00e9rences administratives dans l'ind\u00e9pendance \u00e9ditoriale - Committee for Justice","description":"Tunisie : Le CFJ soutient les revendications des journalistes de la TAP et d\u00e9nonce les ing\u00e9rences administratives dans l'ind\u00e9pendance \u00e9ditoriale","robots":{"index":"index","follow":"follow","max-snippet":"max-snippet:-1","max-image-preview":"max-image-preview:large","max-video-preview":"max-video-preview:-1"},"canonical":"https:\/\/www.cfjustice.org\/fr\/tunisie-le-cfj-soutient-les-revendications-des-journalistes-de-la-tap-et-denonce-les-ingerences-administratives-dans-lindependance-editoriale\/","og_locale":"fr_FR","og_type":"article","og_title":"Tunisie : Le CFJ soutient les revendications des journalistes de la TAP et d\u00e9nonce les ing\u00e9rences administratives dans l'ind\u00e9pendance \u00e9ditoriale - Committee for Justice","og_description":"Tunisie : Le CFJ soutient les revendications des journalistes de la TAP et d\u00e9nonce les ing\u00e9rences administratives dans l'ind\u00e9pendance \u00e9ditoriale","og_url":"https:\/\/www.cfjustice.org\/fr\/tunisie-le-cfj-soutient-les-revendications-des-journalistes-de-la-tap-et-denonce-les-ingerences-administratives-dans-lindependance-editoriale\/","og_site_name":"Committee for Justice","article_publisher":"https:\/\/www.facebook.com\/cfjusticeorg","article_published_time":"2026-03-09T00:29:09+00:00","author":"mmurad","twitter_card":"summary_large_image","twitter_creator":"@cfjusticeorg","twitter_site":"@cfjusticeorg","twitter_misc":{"\u00c9crit par":"mmurad","Dur\u00e9e de lecture estim\u00e9e":"2 minutes"},"schema":{"@context":"https:\/\/schema.org","@graph":[{"@type":"Article","@id":"https:\/\/www.cfjustice.org\/fr\/tunisie-le-cfj-soutient-les-revendications-des-journalistes-de-la-tap-et-denonce-les-ingerences-administratives-dans-lindependance-editoriale\/#article","isPartOf":{"@id":"https:\/\/www.cfjustice.org\/fr\/tunisie-le-cfj-soutient-les-revendications-des-journalistes-de-la-tap-et-denonce-les-ingerences-administratives-dans-lindependance-editoriale\/"},"author":{"name":"mmurad","@id":"https:\/\/www.cfjustice.org\/fr\/#\/schema\/person\/bb556c12ed41de17b43b26af15865af9"},"headline":"Tunisie : Le CFJ soutient les revendications des journalistes de la TAP et d\u00e9nonce les ing\u00e9rences administratives dans l&rsquo;ind\u00e9pendance \u00e9ditoriale","datePublished":"2026-03-09T00:29:09+00:00","mainEntityOfPage":{"@id":"https:\/\/www.cfjustice.org\/fr\/tunisie-le-cfj-soutient-les-revendications-des-journalistes-de-la-tap-et-denonce-les-ingerences-administratives-dans-lindependance-editoriale\/"},"wordCount":367,"publisher":{"@id":"https:\/\/www.cfjustice.org\/fr\/#organization"},"articleSection":["nouvelles"],"inLanguage":"fr-FR"},{"@type":"WebPage","@id":"https:\/\/www.cfjustice.org\/fr\/tunisie-le-cfj-soutient-les-revendications-des-journalistes-de-la-tap-et-denonce-les-ingerences-administratives-dans-lindependance-editoriale\/","url":"https:\/\/www.cfjustice.org\/fr\/tunisie-le-cfj-soutient-les-revendications-des-journalistes-de-la-tap-et-denonce-les-ingerences-administratives-dans-lindependance-editoriale\/","name":"Tunisie : Le CFJ soutient les revendications des journalistes de la TAP et d\u00e9nonce les ing\u00e9rences administratives dans l'ind\u00e9pendance \u00e9ditoriale - Committee for Justice","isPartOf":{"@id":"https:\/\/www.cfjustice.org\/fr\/#website"},"datePublished":"2026-03-09T00:29:09+00:00","description":"Tunisie : Le CFJ soutient les revendications des journalistes de la TAP et d\u00e9nonce les ing\u00e9rences administratives dans l'ind\u00e9pendance \u00e9ditoriale","breadcrumb":{"@id":"https:\/\/www.cfjustice.org\/fr\/tunisie-le-cfj-soutient-les-revendications-des-journalistes-de-la-tap-et-denonce-les-ingerences-administratives-dans-lindependance-editoriale\/#breadcrumb"},"inLanguage":"fr-FR","potentialAction":[{"@type":"ReadAction","target":["https:\/\/www.cfjustice.org\/fr\/tunisie-le-cfj-soutient-les-revendications-des-journalistes-de-la-tap-et-denonce-les-ingerences-administratives-dans-lindependance-editoriale\/"]}]},{"@type":"BreadcrumbList","@id":"https:\/\/www.cfjustice.org\/fr\/tunisie-le-cfj-soutient-les-revendications-des-journalistes-de-la-tap-et-denonce-les-ingerences-administratives-dans-lindependance-editoriale\/#breadcrumb","itemListElement":[{"@type":"ListItem","position":1,"name":"Home","item":"https:\/\/www.cfjustice.org\/fr\/"},{"@type":"ListItem","position":2,"name":"Tunisie : Le CFJ soutient les revendications des journalistes de la TAP et d\u00e9nonce les ing\u00e9rences administratives dans l&#8217;ind\u00e9pendance \u00e9ditoriale"}]},{"@type":"WebSite","@id":"https:\/\/www.cfjustice.org\/fr\/#website","url":"https:\/\/www.cfjustice.org\/fr\/","name":"Committee for Justice","description":"We are working to achieve justice","publisher":{"@id":"https:\/\/www.cfjustice.org\/fr\/#organization"},"alternateName":"CFJ","potentialAction":[{"@type":"SearchAction","target":{"@type":"EntryPoint","urlTemplate":"https:\/\/www.cfjustice.org\/fr\/?s={search_term_string}"},"query-input":{"@type":"PropertyValueSpecification","valueRequired":true,"valueName":"search_term_string"}}],"inLanguage":"fr-FR"},{"@type":"Organization","@id":"https:\/\/www.cfjustice.org\/fr\/#organization","name":"Committee for Justice","url":"https:\/\/www.cfjustice.org\/fr\/","logo":{"@type":"ImageObject","inLanguage":"fr-FR","@id":"https:\/\/www.cfjustice.org\/fr\/#\/schema\/logo\/image\/","url":"https:\/\/www.cfjustice.org\/wp-content\/uploads\/2023\/10\/logo-1.svg","contentUrl":"https:\/\/www.cfjustice.org\/wp-content\/uploads\/2023\/10\/logo-1.svg","width":1,"height":1,"caption":"Committee for Justice"},"image":{"@id":"https:\/\/www.cfjustice.org\/fr\/#\/schema\/logo\/image\/"},"sameAs":["https:\/\/www.facebook.com\/cfjusticeorg","https:\/\/x.com\/cfjusticeorg","https:\/\/www.linkedin.com\/company\/cfjustice\/","https:\/\/www.youtube.com\/channel\/UCQdBw5-F5Z80xtts8UqRRqQ","https:\/\/www.instagram.com\/cfjusticeorg"]},{"@type":"Person","@id":"https:\/\/www.cfjustice.org\/fr\/#\/schema\/person\/bb556c12ed41de17b43b26af15865af9","name":"mmurad","image":{"@type":"ImageObject","inLanguage":"fr-FR","@id":"https:\/\/secure.gravatar.com\/avatar\/b01b45168573d27abfd52e48a08122adff6e2dd698a45002db0e5b672be19a34?s=96&d=mm&r=g","url":"https:\/\/secure.gravatar.com\/avatar\/b01b45168573d27abfd52e48a08122adff6e2dd698a45002db0e5b672be19a34?s=96&d=mm&r=g","contentUrl":"https:\/\/secure.gravatar.com\/avatar\/b01b45168573d27abfd52e48a08122adff6e2dd698a45002db0e5b672be19a34?s=96&d=mm&r=g","caption":"mmurad"},"url":"https:\/\/www.cfjustice.org\/fr\/author\/mmurad\/"}]}},"_links":{"self":[{"href":"https:\/\/www.cfjustice.org\/fr\/wp-json\/wp\/v2\/posts\/54170","targetHints":{"allow":["GET"]}}],"collection":[{"href":"https:\/\/www.cfjustice.org\/fr\/wp-json\/wp\/v2\/posts"}],"about":[{"href":"https:\/\/www.cfjustice.org\/fr\/wp-json\/wp\/v2\/types\/post"}],"author":[{"embeddable":true,"href":"https:\/\/www.cfjustice.org\/fr\/wp-json\/wp\/v2\/users\/962"}],"replies":[{"embeddable":true,"href":"https:\/\/www.cfjustice.org\/fr\/wp-json\/wp\/v2\/comments?post=54170"}],"version-history":[{"count":0,"href":"https:\/\/www.cfjustice.org\/fr\/wp-json\/wp\/v2\/posts\/54170\/revisions"}],"wp:attachment":[{"href":"https:\/\/www.cfjustice.org\/fr\/wp-json\/wp\/v2\/media?parent=54170"}],"wp:term":[{"taxonomy":"category","embeddable":true,"href":"https:\/\/www.cfjustice.org\/fr\/wp-json\/wp\/v2\/categories?post=54170"},{"taxonomy":"post_tag","embeddable":true,"href":"https:\/\/www.cfjustice.org\/fr\/wp-json\/wp\/v2\/tags?post=54170"},{"taxonomy":"countries","embeddable":true,"href":"https:\/\/www.cfjustice.org\/fr\/wp-json\/wp\/v2\/countries?post=54170"},{"taxonomy":"cases","embeddable":true,"href":"https:\/\/www.cfjustice.org\/fr\/wp-json\/wp\/v2\/cases?post=54170"},{"taxonomy":"writer","embeddable":true,"href":"https:\/\/www.cfjustice.org\/fr\/wp-json\/wp\/v2\/writer?post=54170"},{"taxonomy":"coalitions","embeddable":true,"href":"https:\/\/www.cfjustice.org\/fr\/wp-json\/wp\/v2\/coalitions?post=54170"}],"curies":[{"name":"wp","href":"https:\/\/api.w.org\/{rel}","templated":true}]}}