{"id":53840,"date":"2026-02-21T15:19:49","date_gmt":"2026-02-21T14:19:49","guid":{"rendered":"https:\/\/www.cfjustice.org\/cfj-la-repression-du-mouvement-etudiant-a-luniversite-de-blida-et-la-criminalisation-des-protestations-pacifiques-constituent-une-violation-flagrante-des-libertes-academiques\/"},"modified":"2026-02-21T15:19:49","modified_gmt":"2026-02-21T14:19:49","slug":"cfj-la-repression-du-mouvement-etudiant-a-luniversite-de-blida-et-la-criminalisation-des-protestations-pacifiques-constituent-une-violation-flagrante-des-libertes-academiques","status":"publish","type":"post","link":"https:\/\/www.cfjustice.org\/fr\/cfj-la-repression-du-mouvement-etudiant-a-luniversite-de-blida-et-la-criminalisation-des-protestations-pacifiques-constituent-une-violation-flagrante-des-libertes-academiques\/","title":{"rendered":"CFJ : La r\u00e9pression du mouvement \u00e9tudiant \u00e0 l&rsquo;Universit\u00e9 de Blida et la criminalisation des protestations pacifiques constituent une violation flagrante des libert\u00e9s acad\u00e9miques"},"content":{"rendered":"<p>Le Comit\u00e9 pour la Justice (Committee for Justice &#8211; CFJ) suit avec une vive pr\u00e9occupation l&rsquo;\u00e9tat de tension sans pr\u00e9c\u00e9dent \u00e0 l&rsquo;Universit\u00e9 de L&rsquo;Affroun (Blida 2), suite au recours de l&rsquo;administration universitaire \u00e0 une approche s\u00e9curitaire et judiciaire pour contrer des revendications estudiantines et p\u00e9dagogiques l\u00e9gitimes. Le Comit\u00e9 condamne fermement les d\u00e9cisions d&rsquo;exclusion arbitraire visant plusieurs \u00e9tudiants et le transfert de leurs dossiers aux autorit\u00e9s s\u00e9curitaires, entra\u00eenant leur mise sous contr\u00f4le judiciaire dans un pr\u00e9c\u00e9dent dangereux qui porte atteinte \u00e0 la sacralit\u00e9 et \u00e0 l&rsquo;ind\u00e9pendance de l&rsquo;universit\u00e9.<\/p>\n<p>Les informations recueillies par le Comit\u00e9 pour la Justice (CFJ) indiquent que ces poursuites ont directement cibl\u00e9 les \u00e9tudiants : El Walid Gouar, Abderraouf Tahiri et Anas Chergui, qui ont \u00e9t\u00e9 plac\u00e9s sous contr\u00f4le judiciaire, ainsi que l&rsquo;\u00e9tudiant Ryad Benyamina. Le Comit\u00e9 consid\u00e8re que l&rsquo;usage de ces mesures restrictives de libert\u00e9 contre des universitaires est une mesure de repr\u00e9sailles qui d\u00e9passe le cadre de la discipline universitaire pour devenir une r\u00e9pression judiciaire syst\u00e9matique.<\/p>\n<p>Le Comit\u00e9 estime que la transformation d&rsquo;un sit-in pacifique au sein du campus en une \u00ab affaire p\u00e9nale \u00bb est une tentative flagrante d&rsquo;intimider le mouvement \u00e9tudiant et de faire taire les voix critiques envers les politiques de l&rsquo;administration, ce qui contrevient \u00e0 la Constitution alg\u00e9rienne et aux engagements internationaux relatifs au droit de r\u00e9union pacifique.<\/p>\n<p>Le Comit\u00e9 souligne que l&rsquo;imposition du \u00ab contr\u00f4le judiciaire \u00bb \u00e0 des \u00e9tudiants en raison de leurs activit\u00e9s syndicales et estudiantines repr\u00e9sente une double sanction, administrative et judiciaire, visant \u00e0 d\u00e9truire leur avenir acad\u00e9mique. L&rsquo;universit\u00e9, en tant qu&rsquo;espace de production de pens\u00e9e et de dialogue, ne doit pas se transformer en une caserne g\u00e9r\u00e9e par une logique de dissuasion et de r\u00e9pression.<\/p>\n<p>Le Comit\u00e9 pour la Justice (CFJ) appelle le minist\u00e8re de l&rsquo;Enseignement Sup\u00e9rieur \u00e0 intervenir imm\u00e9diatement pour annuler les d\u00e9cisions d&rsquo;exclusion arbitraire et \u00e0 ouvrir un dialogue s\u00e9rieux avec les \u00e9tudiants pour r\u00e9pondre \u00e0 leurs demandes p\u00e9dagogiques. Il exhorte \u00e9galement les autorit\u00e9s judiciaires \u00e0 lever le contr\u00f4le judiciaire des \u00e9tudiants poursuivis, et appelle la Rapporteuse sp\u00e9ciale sur le droit \u00e0 l&rsquo;\u00e9ducation ainsi que le Rapporteur sp\u00e9cial sur le droit \u00e0 la libert\u00e9 de r\u00e9union pacifique et d&rsquo;association \u00e0 Gen\u00e8ve \u00e0 surveiller ces violations ciblant les libert\u00e9s acad\u00e9miques en Alg\u00e9rie.<\/p>\n","protected":false},"excerpt":{"rendered":"<p>Le Comit\u00e9 pour la Justice (Committee for Justice &#8211; CFJ) suit avec une vive pr\u00e9occupation l&rsquo;\u00e9tat de tension sans pr\u00e9c\u00e9dent \u00e0 l&rsquo;Universit\u00e9 de L&rsquo;Affroun (Blida 2), suite au recours de [&hellip;]<\/p>\n","protected":false},"author":962,"featured_media":53861,"comment_status":"closed","ping_status":"closed","sticky":false,"template":"","format":"standard","meta":{"_monsterinsights_skip_tracking":false,"_monsterinsights_sitenote_active":false,"_monsterinsights_sitenote_note":"","_monsterinsights_sitenote_category":0,"_price":"","_stock":"","_tribe_ticket_header":"","_tribe_default_ticket_provider":"","_tribe_ticket_capacity":"","_ticket_start_date":"","_ticket_end_date":"","_tribe_ticket_show_description":"","_tribe_ticket_show_not_going":false,"_tribe_ticket_use_global_stock":"","_tribe_ticket_global_stock_level":"","_global_stock_mode":"","_global_stock_cap":"","_tribe_rsvp_for_event":"","_tribe_ticket_going_count":"","_tribe_ticket_not_going_count":"","_tribe_tickets_list":"[]","_tribe_ticket_has_attendee_info_fields":false,"footnotes":""},"categories":[999],"tags":[],"countries":[1032,869],"cases":[],"writer":[],"coalitions":[],"class_list":["post-53840","post","type-post","status-publish","format-standard","has-post-thumbnail","hentry","category-nouvelles","countries-afrique-du-nord","countries-algerie","has-post-title","has-post-date","has-post-category","has-post-tag","has-post-comment","has-post-author",""],"yoast_head":"<!-- This site is optimized with the Yoast SEO plugin v27.4 - https:\/\/yoast.com\/product\/yoast-seo-wordpress\/ -->\n<title>CFJ : La r\u00e9pression du mouvement \u00e9tudiant \u00e0 l&#039;Universit\u00e9 de Blida et la criminalisation des protestations pacifiques constituent une violation flagrante des libert\u00e9s acad\u00e9miques - Committee for Justice<\/title>\n<meta name=\"description\" content=\"CFJ : La r\u00e9pression du mouvement \u00e9tudiant \u00e0 l&#039;Universit\u00e9 de Blida et la criminalisation des protestations pacifiques constituent une violation flagrante des libert\u00e9s acad\u00e9miques\" \/>\n<meta name=\"robots\" content=\"index, follow, max-snippet:-1, max-image-preview:large, max-video-preview:-1\" \/>\n<link rel=\"canonical\" href=\"https:\/\/www.cfjustice.org\/fr\/cfj-la-repression-du-mouvement-etudiant-a-luniversite-de-blida-et-la-criminalisation-des-protestations-pacifiques-constituent-une-violation-flagrante-des-libertes-academiques\/\" \/>\n<meta property=\"og:locale\" content=\"fr_FR\" \/>\n<meta property=\"og:type\" content=\"article\" \/>\n<meta property=\"og:title\" content=\"CFJ : La r\u00e9pression du mouvement \u00e9tudiant \u00e0 l&#039;Universit\u00e9 de Blida et la criminalisation des protestations pacifiques constituent une violation flagrante des libert\u00e9s acad\u00e9miques - Committee for Justice\" \/>\n<meta property=\"og:description\" content=\"CFJ : La r\u00e9pression du mouvement \u00e9tudiant \u00e0 l&#039;Universit\u00e9 de Blida et la criminalisation des protestations pacifiques constituent une violation flagrante des libert\u00e9s acad\u00e9miques\" \/>\n<meta property=\"og:url\" content=\"https:\/\/www.cfjustice.org\/fr\/cfj-la-repression-du-mouvement-etudiant-a-luniversite-de-blida-et-la-criminalisation-des-protestations-pacifiques-constituent-une-violation-flagrante-des-libertes-academiques\/\" \/>\n<meta property=\"og:site_name\" content=\"Committee for Justice\" \/>\n<meta property=\"article:publisher\" content=\"https:\/\/www.facebook.com\/cfjusticeorg\" \/>\n<meta property=\"article:published_time\" content=\"2026-02-21T14:19:49+00:00\" \/>\n<meta property=\"og:image\" content=\"https:\/\/www.cfjustice.org\/wp-content\/uploads\/2026\/02\/480792420_1266923378178559_7659782205991274486_n.webp\" \/>\n\t<meta property=\"og:image:width\" content=\"1500\" \/>\n\t<meta property=\"og:image:height\" content=\"500\" \/>\n\t<meta property=\"og:image:type\" content=\"image\/jpeg\" \/>\n<meta name=\"author\" content=\"mmurad\" \/>\n<meta name=\"twitter:card\" content=\"summary_large_image\" \/>\n<meta name=\"twitter:creator\" content=\"@cfjusticeorg\" \/>\n<meta name=\"twitter:site\" content=\"@cfjusticeorg\" \/>\n<meta name=\"twitter:label1\" content=\"\u00c9crit par\" \/>\n\t<meta name=\"twitter:data1\" content=\"mmurad\" \/>\n\t<meta name=\"twitter:label2\" content=\"Dur\u00e9e de lecture estim\u00e9e\" \/>\n\t<meta name=\"twitter:data2\" content=\"2 minutes\" \/>\n<script type=\"application\/ld+json\" class=\"yoast-schema-graph\">{\"@context\":\"https:\\\/\\\/schema.org\",\"@graph\":[{\"@type\":\"Article\",\"@id\":\"https:\\\/\\\/www.cfjustice.org\\\/fr\\\/cfj-la-repression-du-mouvement-etudiant-a-luniversite-de-blida-et-la-criminalisation-des-protestations-pacifiques-constituent-une-violation-flagrante-des-libertes-academiques\\\/#article\",\"isPartOf\":{\"@id\":\"https:\\\/\\\/www.cfjustice.org\\\/fr\\\/cfj-la-repression-du-mouvement-etudiant-a-luniversite-de-blida-et-la-criminalisation-des-protestations-pacifiques-constituent-une-violation-flagrante-des-libertes-academiques\\\/\"},\"author\":{\"name\":\"mmurad\",\"@id\":\"https:\\\/\\\/www.cfjustice.org\\\/fr\\\/#\\\/schema\\\/person\\\/bb556c12ed41de17b43b26af15865af9\"},\"headline\":\"CFJ : La r\u00e9pression du mouvement \u00e9tudiant \u00e0 l&rsquo;Universit\u00e9 de Blida et la criminalisation des protestations pacifiques constituent une violation flagrante des libert\u00e9s acad\u00e9miques\",\"datePublished\":\"2026-02-21T14:19:49+00:00\",\"mainEntityOfPage\":{\"@id\":\"https:\\\/\\\/www.cfjustice.org\\\/fr\\\/cfj-la-repression-du-mouvement-etudiant-a-luniversite-de-blida-et-la-criminalisation-des-protestations-pacifiques-constituent-une-violation-flagrante-des-libertes-academiques\\\/\"},\"wordCount\":439,\"publisher\":{\"@id\":\"https:\\\/\\\/www.cfjustice.org\\\/fr\\\/#organization\"},\"image\":{\"@id\":\"https:\\\/\\\/www.cfjustice.org\\\/fr\\\/cfj-la-repression-du-mouvement-etudiant-a-luniversite-de-blida-et-la-criminalisation-des-protestations-pacifiques-constituent-une-violation-flagrante-des-libertes-academiques\\\/#primaryimage\"},\"thumbnailUrl\":\"https:\\\/\\\/www.cfjustice.org\\\/wp-content\\\/uploads\\\/2026\\\/02\\\/IMG_9612-scaled-2-780x470-1.webp\",\"articleSection\":[\"nouvelles\"],\"inLanguage\":\"fr-FR\"},{\"@type\":\"WebPage\",\"@id\":\"https:\\\/\\\/www.cfjustice.org\\\/fr\\\/cfj-la-repression-du-mouvement-etudiant-a-luniversite-de-blida-et-la-criminalisation-des-protestations-pacifiques-constituent-une-violation-flagrante-des-libertes-academiques\\\/\",\"url\":\"https:\\\/\\\/www.cfjustice.org\\\/fr\\\/cfj-la-repression-du-mouvement-etudiant-a-luniversite-de-blida-et-la-criminalisation-des-protestations-pacifiques-constituent-une-violation-flagrante-des-libertes-academiques\\\/\",\"name\":\"CFJ : La r\u00e9pression du mouvement \u00e9tudiant \u00e0 l'Universit\u00e9 de Blida et la criminalisation des protestations pacifiques constituent une violation flagrante des libert\u00e9s acad\u00e9miques - Committee for Justice\",\"isPartOf\":{\"@id\":\"https:\\\/\\\/www.cfjustice.org\\\/fr\\\/#website\"},\"primaryImageOfPage\":{\"@id\":\"https:\\\/\\\/www.cfjustice.org\\\/fr\\\/cfj-la-repression-du-mouvement-etudiant-a-luniversite-de-blida-et-la-criminalisation-des-protestations-pacifiques-constituent-une-violation-flagrante-des-libertes-academiques\\\/#primaryimage\"},\"image\":{\"@id\":\"https:\\\/\\\/www.cfjustice.org\\\/fr\\\/cfj-la-repression-du-mouvement-etudiant-a-luniversite-de-blida-et-la-criminalisation-des-protestations-pacifiques-constituent-une-violation-flagrante-des-libertes-academiques\\\/#primaryimage\"},\"thumbnailUrl\":\"https:\\\/\\\/www.cfjustice.org\\\/wp-content\\\/uploads\\\/2026\\\/02\\\/IMG_9612-scaled-2-780x470-1.webp\",\"datePublished\":\"2026-02-21T14:19:49+00:00\",\"description\":\"CFJ : La r\u00e9pression du mouvement \u00e9tudiant \u00e0 l'Universit\u00e9 de Blida et la criminalisation des protestations pacifiques constituent une violation flagrante des libert\u00e9s acad\u00e9miques\",\"breadcrumb\":{\"@id\":\"https:\\\/\\\/www.cfjustice.org\\\/fr\\\/cfj-la-repression-du-mouvement-etudiant-a-luniversite-de-blida-et-la-criminalisation-des-protestations-pacifiques-constituent-une-violation-flagrante-des-libertes-academiques\\\/#breadcrumb\"},\"inLanguage\":\"fr-FR\",\"potentialAction\":[{\"@type\":\"ReadAction\",\"target\":[\"https:\\\/\\\/www.cfjustice.org\\\/fr\\\/cfj-la-repression-du-mouvement-etudiant-a-luniversite-de-blida-et-la-criminalisation-des-protestations-pacifiques-constituent-une-violation-flagrante-des-libertes-academiques\\\/\"]}]},{\"@type\":\"ImageObject\",\"inLanguage\":\"fr-FR\",\"@id\":\"https:\\\/\\\/www.cfjustice.org\\\/fr\\\/cfj-la-repression-du-mouvement-etudiant-a-luniversite-de-blida-et-la-criminalisation-des-protestations-pacifiques-constituent-une-violation-flagrante-des-libertes-academiques\\\/#primaryimage\",\"url\":\"https:\\\/\\\/www.cfjustice.org\\\/wp-content\\\/uploads\\\/2026\\\/02\\\/IMG_9612-scaled-2-780x470-1.webp\",\"contentUrl\":\"https:\\\/\\\/www.cfjustice.org\\\/wp-content\\\/uploads\\\/2026\\\/02\\\/IMG_9612-scaled-2-780x470-1.webp\",\"width\":780,\"height\":470},{\"@type\":\"BreadcrumbList\",\"@id\":\"https:\\\/\\\/www.cfjustice.org\\\/fr\\\/cfj-la-repression-du-mouvement-etudiant-a-luniversite-de-blida-et-la-criminalisation-des-protestations-pacifiques-constituent-une-violation-flagrante-des-libertes-academiques\\\/#breadcrumb\",\"itemListElement\":[{\"@type\":\"ListItem\",\"position\":1,\"name\":\"Home\",\"item\":\"https:\\\/\\\/www.cfjustice.org\\\/fr\\\/\"},{\"@type\":\"ListItem\",\"position\":2,\"name\":\"CFJ : La r\u00e9pression du mouvement \u00e9tudiant \u00e0 l&#8217;Universit\u00e9 de Blida et la criminalisation des protestations pacifiques constituent une violation flagrante des libert\u00e9s acad\u00e9miques\"}]},{\"@type\":\"WebSite\",\"@id\":\"https:\\\/\\\/www.cfjustice.org\\\/fr\\\/#website\",\"url\":\"https:\\\/\\\/www.cfjustice.org\\\/fr\\\/\",\"name\":\"Committee for Justice\",\"description\":\"We are working to achieve justice\",\"publisher\":{\"@id\":\"https:\\\/\\\/www.cfjustice.org\\\/fr\\\/#organization\"},\"alternateName\":\"CFJ\",\"potentialAction\":[{\"@type\":\"SearchAction\",\"target\":{\"@type\":\"EntryPoint\",\"urlTemplate\":\"https:\\\/\\\/www.cfjustice.org\\\/fr\\\/?s={search_term_string}\"},\"query-input\":{\"@type\":\"PropertyValueSpecification\",\"valueRequired\":true,\"valueName\":\"search_term_string\"}}],\"inLanguage\":\"fr-FR\"},{\"@type\":\"Organization\",\"@id\":\"https:\\\/\\\/www.cfjustice.org\\\/fr\\\/#organization\",\"name\":\"Committee for Justice\",\"url\":\"https:\\\/\\\/www.cfjustice.org\\\/fr\\\/\",\"logo\":{\"@type\":\"ImageObject\",\"inLanguage\":\"fr-FR\",\"@id\":\"https:\\\/\\\/www.cfjustice.org\\\/fr\\\/#\\\/schema\\\/logo\\\/image\\\/\",\"url\":\"https:\\\/\\\/www.cfjustice.org\\\/wp-content\\\/uploads\\\/2023\\\/10\\\/logo-1.svg\",\"contentUrl\":\"https:\\\/\\\/www.cfjustice.org\\\/wp-content\\\/uploads\\\/2023\\\/10\\\/logo-1.svg\",\"width\":1,\"height\":1,\"caption\":\"Committee for Justice\"},\"image\":{\"@id\":\"https:\\\/\\\/www.cfjustice.org\\\/fr\\\/#\\\/schema\\\/logo\\\/image\\\/\"},\"sameAs\":[\"https:\\\/\\\/www.facebook.com\\\/cfjusticeorg\",\"https:\\\/\\\/x.com\\\/cfjusticeorg\",\"https:\\\/\\\/www.linkedin.com\\\/company\\\/cfjustice\\\/\",\"https:\\\/\\\/www.youtube.com\\\/channel\\\/UCQdBw5-F5Z80xtts8UqRRqQ\",\"https:\\\/\\\/www.instagram.com\\\/cfjusticeorg\"]},{\"@type\":\"Person\",\"@id\":\"https:\\\/\\\/www.cfjustice.org\\\/fr\\\/#\\\/schema\\\/person\\\/bb556c12ed41de17b43b26af15865af9\",\"name\":\"mmurad\",\"image\":{\"@type\":\"ImageObject\",\"inLanguage\":\"fr-FR\",\"@id\":\"https:\\\/\\\/secure.gravatar.com\\\/avatar\\\/b01b45168573d27abfd52e48a08122adff6e2dd698a45002db0e5b672be19a34?s=96&d=mm&r=g\",\"url\":\"https:\\\/\\\/secure.gravatar.com\\\/avatar\\\/b01b45168573d27abfd52e48a08122adff6e2dd698a45002db0e5b672be19a34?s=96&d=mm&r=g\",\"contentUrl\":\"https:\\\/\\\/secure.gravatar.com\\\/avatar\\\/b01b45168573d27abfd52e48a08122adff6e2dd698a45002db0e5b672be19a34?s=96&d=mm&r=g\",\"caption\":\"mmurad\"},\"url\":\"https:\\\/\\\/www.cfjustice.org\\\/fr\\\/author\\\/mmurad\\\/\"}]}<\/script>\n<!-- \/ Yoast SEO plugin. -->","yoast_head_json":{"title":"CFJ : La r\u00e9pression du mouvement \u00e9tudiant \u00e0 l'Universit\u00e9 de Blida et la criminalisation des protestations pacifiques constituent une violation flagrante des libert\u00e9s acad\u00e9miques - Committee for Justice","description":"CFJ : La r\u00e9pression du mouvement \u00e9tudiant \u00e0 l'Universit\u00e9 de Blida et la criminalisation des protestations pacifiques constituent une violation flagrante des libert\u00e9s acad\u00e9miques","robots":{"index":"index","follow":"follow","max-snippet":"max-snippet:-1","max-image-preview":"max-image-preview:large","max-video-preview":"max-video-preview:-1"},"canonical":"https:\/\/www.cfjustice.org\/fr\/cfj-la-repression-du-mouvement-etudiant-a-luniversite-de-blida-et-la-criminalisation-des-protestations-pacifiques-constituent-une-violation-flagrante-des-libertes-academiques\/","og_locale":"fr_FR","og_type":"article","og_title":"CFJ : La r\u00e9pression du mouvement \u00e9tudiant \u00e0 l'Universit\u00e9 de Blida et la criminalisation des protestations pacifiques constituent une violation flagrante des libert\u00e9s acad\u00e9miques - Committee for Justice","og_description":"CFJ : La r\u00e9pression du mouvement \u00e9tudiant \u00e0 l'Universit\u00e9 de Blida et la criminalisation des protestations pacifiques constituent une violation flagrante des libert\u00e9s acad\u00e9miques","og_url":"https:\/\/www.cfjustice.org\/fr\/cfj-la-repression-du-mouvement-etudiant-a-luniversite-de-blida-et-la-criminalisation-des-protestations-pacifiques-constituent-une-violation-flagrante-des-libertes-academiques\/","og_site_name":"Committee for Justice","article_publisher":"https:\/\/www.facebook.com\/cfjusticeorg","article_published_time":"2026-02-21T14:19:49+00:00","og_image":[{"width":1500,"height":500,"url":"https:\/\/www.cfjustice.org\/wp-content\/uploads\/2026\/02\/480792420_1266923378178559_7659782205991274486_n.webp","type":"image\/jpeg"}],"author":"mmurad","twitter_card":"summary_large_image","twitter_creator":"@cfjusticeorg","twitter_site":"@cfjusticeorg","twitter_misc":{"\u00c9crit par":"mmurad","Dur\u00e9e de lecture estim\u00e9e":"2 minutes"},"schema":{"@context":"https:\/\/schema.org","@graph":[{"@type":"Article","@id":"https:\/\/www.cfjustice.org\/fr\/cfj-la-repression-du-mouvement-etudiant-a-luniversite-de-blida-et-la-criminalisation-des-protestations-pacifiques-constituent-une-violation-flagrante-des-libertes-academiques\/#article","isPartOf":{"@id":"https:\/\/www.cfjustice.org\/fr\/cfj-la-repression-du-mouvement-etudiant-a-luniversite-de-blida-et-la-criminalisation-des-protestations-pacifiques-constituent-une-violation-flagrante-des-libertes-academiques\/"},"author":{"name":"mmurad","@id":"https:\/\/www.cfjustice.org\/fr\/#\/schema\/person\/bb556c12ed41de17b43b26af15865af9"},"headline":"CFJ : La r\u00e9pression du mouvement \u00e9tudiant \u00e0 l&rsquo;Universit\u00e9 de Blida et la criminalisation des protestations pacifiques constituent une violation flagrante des libert\u00e9s acad\u00e9miques","datePublished":"2026-02-21T14:19:49+00:00","mainEntityOfPage":{"@id":"https:\/\/www.cfjustice.org\/fr\/cfj-la-repression-du-mouvement-etudiant-a-luniversite-de-blida-et-la-criminalisation-des-protestations-pacifiques-constituent-une-violation-flagrante-des-libertes-academiques\/"},"wordCount":439,"publisher":{"@id":"https:\/\/www.cfjustice.org\/fr\/#organization"},"image":{"@id":"https:\/\/www.cfjustice.org\/fr\/cfj-la-repression-du-mouvement-etudiant-a-luniversite-de-blida-et-la-criminalisation-des-protestations-pacifiques-constituent-une-violation-flagrante-des-libertes-academiques\/#primaryimage"},"thumbnailUrl":"https:\/\/www.cfjustice.org\/wp-content\/uploads\/2026\/02\/IMG_9612-scaled-2-780x470-1.webp","articleSection":["nouvelles"],"inLanguage":"fr-FR"},{"@type":"WebPage","@id":"https:\/\/www.cfjustice.org\/fr\/cfj-la-repression-du-mouvement-etudiant-a-luniversite-de-blida-et-la-criminalisation-des-protestations-pacifiques-constituent-une-violation-flagrante-des-libertes-academiques\/","url":"https:\/\/www.cfjustice.org\/fr\/cfj-la-repression-du-mouvement-etudiant-a-luniversite-de-blida-et-la-criminalisation-des-protestations-pacifiques-constituent-une-violation-flagrante-des-libertes-academiques\/","name":"CFJ : La r\u00e9pression du mouvement \u00e9tudiant \u00e0 l'Universit\u00e9 de Blida et la criminalisation des protestations pacifiques constituent une violation flagrante des libert\u00e9s acad\u00e9miques - Committee for Justice","isPartOf":{"@id":"https:\/\/www.cfjustice.org\/fr\/#website"},"primaryImageOfPage":{"@id":"https:\/\/www.cfjustice.org\/fr\/cfj-la-repression-du-mouvement-etudiant-a-luniversite-de-blida-et-la-criminalisation-des-protestations-pacifiques-constituent-une-violation-flagrante-des-libertes-academiques\/#primaryimage"},"image":{"@id":"https:\/\/www.cfjustice.org\/fr\/cfj-la-repression-du-mouvement-etudiant-a-luniversite-de-blida-et-la-criminalisation-des-protestations-pacifiques-constituent-une-violation-flagrante-des-libertes-academiques\/#primaryimage"},"thumbnailUrl":"https:\/\/www.cfjustice.org\/wp-content\/uploads\/2026\/02\/IMG_9612-scaled-2-780x470-1.webp","datePublished":"2026-02-21T14:19:49+00:00","description":"CFJ : La r\u00e9pression du mouvement \u00e9tudiant \u00e0 l'Universit\u00e9 de Blida et la criminalisation des protestations pacifiques constituent une violation flagrante des libert\u00e9s acad\u00e9miques","breadcrumb":{"@id":"https:\/\/www.cfjustice.org\/fr\/cfj-la-repression-du-mouvement-etudiant-a-luniversite-de-blida-et-la-criminalisation-des-protestations-pacifiques-constituent-une-violation-flagrante-des-libertes-academiques\/#breadcrumb"},"inLanguage":"fr-FR","potentialAction":[{"@type":"ReadAction","target":["https:\/\/www.cfjustice.org\/fr\/cfj-la-repression-du-mouvement-etudiant-a-luniversite-de-blida-et-la-criminalisation-des-protestations-pacifiques-constituent-une-violation-flagrante-des-libertes-academiques\/"]}]},{"@type":"ImageObject","inLanguage":"fr-FR","@id":"https:\/\/www.cfjustice.org\/fr\/cfj-la-repression-du-mouvement-etudiant-a-luniversite-de-blida-et-la-criminalisation-des-protestations-pacifiques-constituent-une-violation-flagrante-des-libertes-academiques\/#primaryimage","url":"https:\/\/www.cfjustice.org\/wp-content\/uploads\/2026\/02\/IMG_9612-scaled-2-780x470-1.webp","contentUrl":"https:\/\/www.cfjustice.org\/wp-content\/uploads\/2026\/02\/IMG_9612-scaled-2-780x470-1.webp","width":780,"height":470},{"@type":"BreadcrumbList","@id":"https:\/\/www.cfjustice.org\/fr\/cfj-la-repression-du-mouvement-etudiant-a-luniversite-de-blida-et-la-criminalisation-des-protestations-pacifiques-constituent-une-violation-flagrante-des-libertes-academiques\/#breadcrumb","itemListElement":[{"@type":"ListItem","position":1,"name":"Home","item":"https:\/\/www.cfjustice.org\/fr\/"},{"@type":"ListItem","position":2,"name":"CFJ : La r\u00e9pression du mouvement \u00e9tudiant \u00e0 l&#8217;Universit\u00e9 de Blida et la criminalisation des protestations pacifiques constituent une violation flagrante des libert\u00e9s acad\u00e9miques"}]},{"@type":"WebSite","@id":"https:\/\/www.cfjustice.org\/fr\/#website","url":"https:\/\/www.cfjustice.org\/fr\/","name":"Committee for Justice","description":"We are working to achieve justice","publisher":{"@id":"https:\/\/www.cfjustice.org\/fr\/#organization"},"alternateName":"CFJ","potentialAction":[{"@type":"SearchAction","target":{"@type":"EntryPoint","urlTemplate":"https:\/\/www.cfjustice.org\/fr\/?s={search_term_string}"},"query-input":{"@type":"PropertyValueSpecification","valueRequired":true,"valueName":"search_term_string"}}],"inLanguage":"fr-FR"},{"@type":"Organization","@id":"https:\/\/www.cfjustice.org\/fr\/#organization","name":"Committee for Justice","url":"https:\/\/www.cfjustice.org\/fr\/","logo":{"@type":"ImageObject","inLanguage":"fr-FR","@id":"https:\/\/www.cfjustice.org\/fr\/#\/schema\/logo\/image\/","url":"https:\/\/www.cfjustice.org\/wp-content\/uploads\/2023\/10\/logo-1.svg","contentUrl":"https:\/\/www.cfjustice.org\/wp-content\/uploads\/2023\/10\/logo-1.svg","width":1,"height":1,"caption":"Committee for Justice"},"image":{"@id":"https:\/\/www.cfjustice.org\/fr\/#\/schema\/logo\/image\/"},"sameAs":["https:\/\/www.facebook.com\/cfjusticeorg","https:\/\/x.com\/cfjusticeorg","https:\/\/www.linkedin.com\/company\/cfjustice\/","https:\/\/www.youtube.com\/channel\/UCQdBw5-F5Z80xtts8UqRRqQ","https:\/\/www.instagram.com\/cfjusticeorg"]},{"@type":"Person","@id":"https:\/\/www.cfjustice.org\/fr\/#\/schema\/person\/bb556c12ed41de17b43b26af15865af9","name":"mmurad","image":{"@type":"ImageObject","inLanguage":"fr-FR","@id":"https:\/\/secure.gravatar.com\/avatar\/b01b45168573d27abfd52e48a08122adff6e2dd698a45002db0e5b672be19a34?s=96&d=mm&r=g","url":"https:\/\/secure.gravatar.com\/avatar\/b01b45168573d27abfd52e48a08122adff6e2dd698a45002db0e5b672be19a34?s=96&d=mm&r=g","contentUrl":"https:\/\/secure.gravatar.com\/avatar\/b01b45168573d27abfd52e48a08122adff6e2dd698a45002db0e5b672be19a34?s=96&d=mm&r=g","caption":"mmurad"},"url":"https:\/\/www.cfjustice.org\/fr\/author\/mmurad\/"}]}},"_links":{"self":[{"href":"https:\/\/www.cfjustice.org\/fr\/wp-json\/wp\/v2\/posts\/53840","targetHints":{"allow":["GET"]}}],"collection":[{"href":"https:\/\/www.cfjustice.org\/fr\/wp-json\/wp\/v2\/posts"}],"about":[{"href":"https:\/\/www.cfjustice.org\/fr\/wp-json\/wp\/v2\/types\/post"}],"author":[{"embeddable":true,"href":"https:\/\/www.cfjustice.org\/fr\/wp-json\/wp\/v2\/users\/962"}],"replies":[{"embeddable":true,"href":"https:\/\/www.cfjustice.org\/fr\/wp-json\/wp\/v2\/comments?post=53840"}],"version-history":[{"count":0,"href":"https:\/\/www.cfjustice.org\/fr\/wp-json\/wp\/v2\/posts\/53840\/revisions"}],"wp:featuredmedia":[{"embeddable":true,"href":"https:\/\/www.cfjustice.org\/fr\/wp-json\/wp\/v2\/media\/53861"}],"wp:attachment":[{"href":"https:\/\/www.cfjustice.org\/fr\/wp-json\/wp\/v2\/media?parent=53840"}],"wp:term":[{"taxonomy":"category","embeddable":true,"href":"https:\/\/www.cfjustice.org\/fr\/wp-json\/wp\/v2\/categories?post=53840"},{"taxonomy":"post_tag","embeddable":true,"href":"https:\/\/www.cfjustice.org\/fr\/wp-json\/wp\/v2\/tags?post=53840"},{"taxonomy":"countries","embeddable":true,"href":"https:\/\/www.cfjustice.org\/fr\/wp-json\/wp\/v2\/countries?post=53840"},{"taxonomy":"cases","embeddable":true,"href":"https:\/\/www.cfjustice.org\/fr\/wp-json\/wp\/v2\/cases?post=53840"},{"taxonomy":"writer","embeddable":true,"href":"https:\/\/www.cfjustice.org\/fr\/wp-json\/wp\/v2\/writer?post=53840"},{"taxonomy":"coalitions","embeddable":true,"href":"https:\/\/www.cfjustice.org\/fr\/wp-json\/wp\/v2\/coalitions?post=53840"}],"curies":[{"name":"wp","href":"https:\/\/api.w.org\/{rel}","templated":true}]}}