{"id":53243,"date":"2026-01-23T17:08:53","date_gmt":"2026-01-23T16:08:53","guid":{"rendered":"https:\/\/www.cfjustice.org\/tunisie-le-cfj-tire-la-sonnette-dalarme-sur-le-ciblage-du-mouvement-feministe-et-le-gel-des-activites-des-associations-de-defense-des-droits\/"},"modified":"2026-01-23T17:08:53","modified_gmt":"2026-01-23T16:08:53","slug":"tunisie-le-cfj-tire-la-sonnette-dalarme-sur-le-ciblage-du-mouvement-feministe-et-le-gel-des-activites-des-associations-de-defense-des-droits","status":"publish","type":"post","link":"https:\/\/www.cfjustice.org\/fr\/tunisie-le-cfj-tire-la-sonnette-dalarme-sur-le-ciblage-du-mouvement-feministe-et-le-gel-des-activites-des-associations-de-defense-des-droits\/","title":{"rendered":"Tunisie : Le CFJ tire la sonnette d&rsquo;alarme sur le ciblage du mouvement f\u00e9ministe et le gel des activit\u00e9s des associations de d\u00e9fense des droits"},"content":{"rendered":"<p style=\"direction: rtl;text-align: left\">Le Comit\u00e9 pour la Justice (Committee for Justice &#8211; CFJ exprime sa profonde inqui\u00e9tude face au recul drastique et syst\u00e9matique des acquis du mouvement f\u00e9ministe en Tunisie au cours de l&rsquo;ann\u00e9e 2025. Le Comit\u00e9 met en garde contre l&rsquo;instrumentalisation de l&rsquo;arsenal l\u00e9gislatif, en particulier le \u00ab D\u00e9cret 54 \u00bb et le \u00ab D\u00e9cret 88 \u00bb, pour harceler les d\u00e9fenseures des droits humains et geler les activit\u00e9s des associations historiques qui constituent un rempart essentiel pour les femmes victimes de violence.<\/p>\n<p style=\"direction: rtl;text-align: left\">Ciblage institutionnel et gel des activit\u00e9s : Le Comit\u00e9 d\u00e9nonce le recours des autorit\u00e9s tunisiennes \u00e0 une politique de \u00ab gel administratif \u00bb et d&rsquo;entraves judiciaires \u00e0 l&rsquo;encontre d&rsquo;organisations f\u00e9ministes de longue date, telles que l&rsquo;Association Tunisienne des Femmes D\u00e9mocrates (ATFD) et l&rsquo;association \u00ab Aswat Nissa \u00bb. Le CFJ souligne que la suspension des activit\u00e9s de ces associations, m\u00eame temporaire, a entra\u00een\u00e9 l&rsquo;arr\u00eat des centres d&rsquo;\u00e9coute juridique et psychologique. Cette situation laisse des centaines de victimes sans protection, dans un contexte d&rsquo;augmentation alarmante des taux de f\u00e9minicides \u2014 avec 27 cas document\u00e9s en 2025 \u2014 et d&rsquo;un doublement des signalements de violences.<\/p>\n<p style=\"direction: rtl;text-align: left\">Violence politique et harc\u00e8lement judiciaire : Le Comit\u00e9 pour la Justice observe une escalade sans pr\u00e9c\u00e9dent de la \u00ab violence politique \u00bb dirig\u00e9e contre les militantes. Plus de 20 activistes, f\u00e9ministes et d\u00e9fenseures des droits humains sont actuellement incarc\u00e9r\u00e9es en raison de leurs opinions ou de leurs engagements civils, notamment ceux li\u00e9s \u00e0 l&rsquo;aide aux migrants ou \u00e0 la critique des politiques publiques. Le Comit\u00e9 affirme que les accusations de \u00ab trahison \u00bb et de \u00ab complot \u00bb visent \u00e0 intimider les femmes et \u00e0 les exclure de l&rsquo;espace public, ce qui s&rsquo;est manifestement traduit par leur \u00e9viction de la sc\u00e8ne parlementaire apr\u00e8s l&rsquo;abolition du principe de \u00ab parit\u00e9 horizontale et verticale \u00bb.<\/p>\n<p style=\"direction: rtl;text-align: left\">Atteinte \u00e0 l&rsquo;ind\u00e9pendance de la soci\u00e9t\u00e9 civile : L&rsquo;instrumentalisation de la justice comme outil pour briser l&rsquo;autonomie de la soci\u00e9t\u00e9 civile, ainsi que les pressions exerc\u00e9es sur les professionnels de sant\u00e9 et du droit collaborant avec les associations f\u00e9ministes pour les contraindre au retrait, constituent une violation flagrante de l&rsquo;article 22 du Pacte international relatif aux droits civils et politiques. Ces pratiques sapent les acquis en mati\u00e8re de libert\u00e9 d&rsquo;association.<\/p>\n<p style=\"direction: rtl;text-align: left\">Recommandations : Le Comit\u00e9 pour la Justice (Committee for Justice &#8211; CFJ) appelle les autorit\u00e9s tunisiennes \u00e0 :<\/p>\n<p style=\"direction: rtl;text-align: left\">Lever imm\u00e9diatement toutes les restrictions administratives et juridiques impos\u00e9es aux associations f\u00e9ministes et garantir la continuit\u00e9 des centres de protection des victimes.<\/p>\n<p style=\"direction: rtl;text-align: left\">Lib\u00e9rer toutes les prisonni\u00e8res politiques et d&rsquo;opinion, et abandonner les charges infond\u00e9es li\u00e9es \u00e0 leurs activit\u00e9s civiles.<\/p>\n<p style=\"direction: rtl;text-align: left\">R\u00e9viser les l\u00e9gislations consacrant la violence politique et la discrimination, et r\u00e9tablir les m\u00e9canismes de parit\u00e9 pour garantir la participation des femmes \u00e0 la vie publique.<\/p>\n<p style=\"direction: rtl;text-align: left\">Le Comit\u00e9 pour la Justice (CFJ) r\u00e9affirme son engagement ind\u00e9fectible envers le principe de l&rsquo;universalit\u00e9 et de l&rsquo;indivisibilit\u00e9 des droits de l&rsquo;homme. Le Comit\u00e9 souligne que la protection de l&rsquo;espace public et la garantie de la libert\u00e9 d&rsquo;action des mouvements f\u00e9ministes et civils sont des piliers fondamentaux de la stabilit\u00e9 de l&rsquo;\u00c9tat de droit. Pour le CFJ, le ciblage des d\u00e9fenseures des droits humains ne constitue pas seulement une violation des libert\u00e9s individuelles, mais une fragilisation des institutions interm\u00e9diaires garantes de l&rsquo;\u00e9quilibre soci\u00e9tal. Par cons\u00e9quent, le Comit\u00e9 poursuivra sa mission de veille, de documentation et de plaidoyer aupr\u00e8s des m\u00e9canismes onusiens comp\u00e9tents, conform\u00e9ment \u00e0 sa responsabilit\u00e9 professionnelle de d\u00e9fendre la dignit\u00e9 humaine et les droits fondamentaux garantis par les conventions et pactes internationaux.<\/p>\n","protected":false},"excerpt":{"rendered":"<p>Le Comit\u00e9 pour la Justice (Committee for Justice &#8211; CFJ exprime sa profonde inqui\u00e9tude face au recul drastique et syst\u00e9matique des acquis du mouvement f\u00e9ministe en Tunisie au cours de [&hellip;]<\/p>\n","protected":false},"author":962,"featured_media":52405,"comment_status":"closed","ping_status":"closed","sticky":false,"template":"","format":"standard","meta":{"_monsterinsights_skip_tracking":false,"_monsterinsights_sitenote_active":false,"_monsterinsights_sitenote_note":"","_monsterinsights_sitenote_category":0,"_price":"","_stock":"","_tribe_ticket_header":"","_tribe_default_ticket_provider":"","_tribe_ticket_capacity":"","_ticket_start_date":"","_ticket_end_date":"","_tribe_ticket_show_description":"","_tribe_ticket_show_not_going":false,"_tribe_ticket_use_global_stock":"","_tribe_ticket_global_stock_level":"","_global_stock_mode":"","_global_stock_cap":"","_tribe_rsvp_for_event":"","_tribe_ticket_going_count":"","_tribe_ticket_not_going_count":"","_tribe_tickets_list":"[]","_tribe_ticket_has_attendee_info_fields":false,"footnotes":""},"categories":[999],"tags":[],"countries":[1032,1000],"cases":[],"writer":[],"coalitions":[],"class_list":["post-53243","post","type-post","status-publish","format-standard","has-post-thumbnail","hentry","category-nouvelles","countries-afrique-du-nord","countries-la-tunisie-2","has-post-title","has-post-date","has-post-category","has-post-tag","has-post-comment","has-post-author",""],"yoast_head":"<!-- This site is optimized with the Yoast SEO plugin v27.4 - https:\/\/yoast.com\/product\/yoast-seo-wordpress\/ -->\n<title>Tunisie : Le CFJ tire la sonnette d&#039;alarme sur le ciblage du mouvement f\u00e9ministe et le gel des activit\u00e9s des associations de d\u00e9fense des droits - Committee for Justice<\/title>\n<meta name=\"description\" content=\"Tunisie : Le CFJ tire la sonnette d&#039;alarme sur le ciblage du mouvement f\u00e9ministe et le gel des activit\u00e9s des associations de d\u00e9fense des droits\" \/>\n<meta name=\"robots\" content=\"index, follow, max-snippet:-1, max-image-preview:large, max-video-preview:-1\" \/>\n<link rel=\"canonical\" href=\"https:\/\/www.cfjustice.org\/fr\/tunisie-le-cfj-tire-la-sonnette-dalarme-sur-le-ciblage-du-mouvement-feministe-et-le-gel-des-activites-des-associations-de-defense-des-droits\/\" \/>\n<meta property=\"og:locale\" content=\"fr_FR\" \/>\n<meta property=\"og:type\" content=\"article\" \/>\n<meta property=\"og:title\" content=\"Tunisie : Le CFJ tire la sonnette d&#039;alarme sur le ciblage du mouvement f\u00e9ministe et le gel des activit\u00e9s des associations de d\u00e9fense des droits - Committee for Justice\" \/>\n<meta property=\"og:description\" content=\"Tunisie : Le CFJ tire la sonnette d&#039;alarme sur le ciblage du mouvement f\u00e9ministe et le gel des activit\u00e9s des associations de d\u00e9fense des droits\" \/>\n<meta property=\"og:url\" content=\"https:\/\/www.cfjustice.org\/fr\/tunisie-le-cfj-tire-la-sonnette-dalarme-sur-le-ciblage-du-mouvement-feministe-et-le-gel-des-activites-des-associations-de-defense-des-droits\/\" \/>\n<meta property=\"og:site_name\" content=\"Committee for Justice\" \/>\n<meta property=\"article:publisher\" content=\"https:\/\/www.facebook.com\/cfjusticeorg\" \/>\n<meta property=\"article:published_time\" content=\"2026-01-23T16:08:53+00:00\" \/>\n<meta property=\"og:image\" content=\"https:\/\/www.cfjustice.org\/wp-content\/uploads\/2025\/12\/ChatGPT-Image-Dec-1-2025-01_28_09-PM-e1764595962400.webp\" \/>\n\t<meta property=\"og:image:width\" content=\"1536\" \/>\n\t<meta property=\"og:image:height\" content=\"1024\" \/>\n\t<meta property=\"og:image:type\" content=\"image\/png\" \/>\n<meta name=\"author\" content=\"mmurad\" \/>\n<meta name=\"twitter:card\" content=\"summary_large_image\" \/>\n<meta name=\"twitter:creator\" content=\"@cfjusticeorg\" \/>\n<meta name=\"twitter:site\" content=\"@cfjusticeorg\" \/>\n<meta name=\"twitter:label1\" content=\"\u00c9crit par\" \/>\n\t<meta name=\"twitter:data1\" content=\"mmurad\" \/>\n\t<meta name=\"twitter:label2\" content=\"Dur\u00e9e de lecture estim\u00e9e\" \/>\n\t<meta name=\"twitter:data2\" content=\"3 minutes\" \/>\n<script type=\"application\/ld+json\" class=\"yoast-schema-graph\">{\"@context\":\"https:\\\/\\\/schema.org\",\"@graph\":[{\"@type\":\"Article\",\"@id\":\"https:\\\/\\\/www.cfjustice.org\\\/fr\\\/tunisie-le-cfj-tire-la-sonnette-dalarme-sur-le-ciblage-du-mouvement-feministe-et-le-gel-des-activites-des-associations-de-defense-des-droits\\\/#article\",\"isPartOf\":{\"@id\":\"https:\\\/\\\/www.cfjustice.org\\\/fr\\\/tunisie-le-cfj-tire-la-sonnette-dalarme-sur-le-ciblage-du-mouvement-feministe-et-le-gel-des-activites-des-associations-de-defense-des-droits\\\/\"},\"author\":{\"name\":\"mmurad\",\"@id\":\"https:\\\/\\\/www.cfjustice.org\\\/fr\\\/#\\\/schema\\\/person\\\/bb556c12ed41de17b43b26af15865af9\"},\"headline\":\"Tunisie : Le CFJ tire la sonnette d&rsquo;alarme sur le ciblage du mouvement f\u00e9ministe et le gel des activit\u00e9s des associations de d\u00e9fense des droits\",\"datePublished\":\"2026-01-23T16:08:53+00:00\",\"mainEntityOfPage\":{\"@id\":\"https:\\\/\\\/www.cfjustice.org\\\/fr\\\/tunisie-le-cfj-tire-la-sonnette-dalarme-sur-le-ciblage-du-mouvement-feministe-et-le-gel-des-activites-des-associations-de-defense-des-droits\\\/\"},\"wordCount\":650,\"publisher\":{\"@id\":\"https:\\\/\\\/www.cfjustice.org\\\/fr\\\/#organization\"},\"image\":{\"@id\":\"https:\\\/\\\/www.cfjustice.org\\\/fr\\\/tunisie-le-cfj-tire-la-sonnette-dalarme-sur-le-ciblage-du-mouvement-feministe-et-le-gel-des-activites-des-associations-de-defense-des-droits\\\/#primaryimage\"},\"thumbnailUrl\":\"https:\\\/\\\/www.cfjustice.org\\\/wp-content\\\/uploads\\\/2025\\\/12\\\/ChatGPT-Image-Dec-1-2025-01_28_09-PM-e1764595962400.webp\",\"articleSection\":[\"nouvelles\"],\"inLanguage\":\"fr-FR\"},{\"@type\":\"WebPage\",\"@id\":\"https:\\\/\\\/www.cfjustice.org\\\/fr\\\/tunisie-le-cfj-tire-la-sonnette-dalarme-sur-le-ciblage-du-mouvement-feministe-et-le-gel-des-activites-des-associations-de-defense-des-droits\\\/\",\"url\":\"https:\\\/\\\/www.cfjustice.org\\\/fr\\\/tunisie-le-cfj-tire-la-sonnette-dalarme-sur-le-ciblage-du-mouvement-feministe-et-le-gel-des-activites-des-associations-de-defense-des-droits\\\/\",\"name\":\"Tunisie : Le CFJ tire la sonnette d'alarme sur le ciblage du mouvement f\u00e9ministe et le gel des activit\u00e9s des associations de d\u00e9fense des droits - Committee for Justice\",\"isPartOf\":{\"@id\":\"https:\\\/\\\/www.cfjustice.org\\\/fr\\\/#website\"},\"primaryImageOfPage\":{\"@id\":\"https:\\\/\\\/www.cfjustice.org\\\/fr\\\/tunisie-le-cfj-tire-la-sonnette-dalarme-sur-le-ciblage-du-mouvement-feministe-et-le-gel-des-activites-des-associations-de-defense-des-droits\\\/#primaryimage\"},\"image\":{\"@id\":\"https:\\\/\\\/www.cfjustice.org\\\/fr\\\/tunisie-le-cfj-tire-la-sonnette-dalarme-sur-le-ciblage-du-mouvement-feministe-et-le-gel-des-activites-des-associations-de-defense-des-droits\\\/#primaryimage\"},\"thumbnailUrl\":\"https:\\\/\\\/www.cfjustice.org\\\/wp-content\\\/uploads\\\/2025\\\/12\\\/ChatGPT-Image-Dec-1-2025-01_28_09-PM-e1764595962400.webp\",\"datePublished\":\"2026-01-23T16:08:53+00:00\",\"description\":\"Tunisie : Le CFJ tire la sonnette d'alarme sur le ciblage du mouvement f\u00e9ministe et le gel des activit\u00e9s des associations de d\u00e9fense des droits\",\"breadcrumb\":{\"@id\":\"https:\\\/\\\/www.cfjustice.org\\\/fr\\\/tunisie-le-cfj-tire-la-sonnette-dalarme-sur-le-ciblage-du-mouvement-feministe-et-le-gel-des-activites-des-associations-de-defense-des-droits\\\/#breadcrumb\"},\"inLanguage\":\"fr-FR\",\"potentialAction\":[{\"@type\":\"ReadAction\",\"target\":[\"https:\\\/\\\/www.cfjustice.org\\\/fr\\\/tunisie-le-cfj-tire-la-sonnette-dalarme-sur-le-ciblage-du-mouvement-feministe-et-le-gel-des-activites-des-associations-de-defense-des-droits\\\/\"]}]},{\"@type\":\"ImageObject\",\"inLanguage\":\"fr-FR\",\"@id\":\"https:\\\/\\\/www.cfjustice.org\\\/fr\\\/tunisie-le-cfj-tire-la-sonnette-dalarme-sur-le-ciblage-du-mouvement-feministe-et-le-gel-des-activites-des-associations-de-defense-des-droits\\\/#primaryimage\",\"url\":\"https:\\\/\\\/www.cfjustice.org\\\/wp-content\\\/uploads\\\/2025\\\/12\\\/ChatGPT-Image-Dec-1-2025-01_28_09-PM-e1764595962400.webp\",\"contentUrl\":\"https:\\\/\\\/www.cfjustice.org\\\/wp-content\\\/uploads\\\/2025\\\/12\\\/ChatGPT-Image-Dec-1-2025-01_28_09-PM-e1764595962400.webp\",\"width\":1536,\"height\":1024,\"caption\":\"tunisia\"},{\"@type\":\"BreadcrumbList\",\"@id\":\"https:\\\/\\\/www.cfjustice.org\\\/fr\\\/tunisie-le-cfj-tire-la-sonnette-dalarme-sur-le-ciblage-du-mouvement-feministe-et-le-gel-des-activites-des-associations-de-defense-des-droits\\\/#breadcrumb\",\"itemListElement\":[{\"@type\":\"ListItem\",\"position\":1,\"name\":\"Home\",\"item\":\"https:\\\/\\\/www.cfjustice.org\\\/fr\\\/\"},{\"@type\":\"ListItem\",\"position\":2,\"name\":\"Tunisie : Le CFJ tire la sonnette d&#8217;alarme sur le ciblage du mouvement f\u00e9ministe et le gel des activit\u00e9s des associations de d\u00e9fense des droits\"}]},{\"@type\":\"WebSite\",\"@id\":\"https:\\\/\\\/www.cfjustice.org\\\/fr\\\/#website\",\"url\":\"https:\\\/\\\/www.cfjustice.org\\\/fr\\\/\",\"name\":\"Committee for Justice\",\"description\":\"We are working to achieve justice\",\"publisher\":{\"@id\":\"https:\\\/\\\/www.cfjustice.org\\\/fr\\\/#organization\"},\"alternateName\":\"CFJ\",\"potentialAction\":[{\"@type\":\"SearchAction\",\"target\":{\"@type\":\"EntryPoint\",\"urlTemplate\":\"https:\\\/\\\/www.cfjustice.org\\\/fr\\\/?s={search_term_string}\"},\"query-input\":{\"@type\":\"PropertyValueSpecification\",\"valueRequired\":true,\"valueName\":\"search_term_string\"}}],\"inLanguage\":\"fr-FR\"},{\"@type\":\"Organization\",\"@id\":\"https:\\\/\\\/www.cfjustice.org\\\/fr\\\/#organization\",\"name\":\"Committee for Justice\",\"url\":\"https:\\\/\\\/www.cfjustice.org\\\/fr\\\/\",\"logo\":{\"@type\":\"ImageObject\",\"inLanguage\":\"fr-FR\",\"@id\":\"https:\\\/\\\/www.cfjustice.org\\\/fr\\\/#\\\/schema\\\/logo\\\/image\\\/\",\"url\":\"https:\\\/\\\/www.cfjustice.org\\\/wp-content\\\/uploads\\\/2023\\\/10\\\/logo-1.svg\",\"contentUrl\":\"https:\\\/\\\/www.cfjustice.org\\\/wp-content\\\/uploads\\\/2023\\\/10\\\/logo-1.svg\",\"width\":1,\"height\":1,\"caption\":\"Committee for Justice\"},\"image\":{\"@id\":\"https:\\\/\\\/www.cfjustice.org\\\/fr\\\/#\\\/schema\\\/logo\\\/image\\\/\"},\"sameAs\":[\"https:\\\/\\\/www.facebook.com\\\/cfjusticeorg\",\"https:\\\/\\\/x.com\\\/cfjusticeorg\",\"https:\\\/\\\/www.linkedin.com\\\/company\\\/cfjustice\\\/\",\"https:\\\/\\\/www.youtube.com\\\/channel\\\/UCQdBw5-F5Z80xtts8UqRRqQ\",\"https:\\\/\\\/www.instagram.com\\\/cfjusticeorg\"]},{\"@type\":\"Person\",\"@id\":\"https:\\\/\\\/www.cfjustice.org\\\/fr\\\/#\\\/schema\\\/person\\\/bb556c12ed41de17b43b26af15865af9\",\"name\":\"mmurad\",\"image\":{\"@type\":\"ImageObject\",\"inLanguage\":\"fr-FR\",\"@id\":\"https:\\\/\\\/secure.gravatar.com\\\/avatar\\\/b01b45168573d27abfd52e48a08122adff6e2dd698a45002db0e5b672be19a34?s=96&d=mm&r=g\",\"url\":\"https:\\\/\\\/secure.gravatar.com\\\/avatar\\\/b01b45168573d27abfd52e48a08122adff6e2dd698a45002db0e5b672be19a34?s=96&d=mm&r=g\",\"contentUrl\":\"https:\\\/\\\/secure.gravatar.com\\\/avatar\\\/b01b45168573d27abfd52e48a08122adff6e2dd698a45002db0e5b672be19a34?s=96&d=mm&r=g\",\"caption\":\"mmurad\"},\"url\":\"https:\\\/\\\/www.cfjustice.org\\\/fr\\\/author\\\/mmurad\\\/\"}]}<\/script>\n<!-- \/ Yoast SEO plugin. -->","yoast_head_json":{"title":"Tunisie : Le CFJ tire la sonnette d'alarme sur le ciblage du mouvement f\u00e9ministe et le gel des activit\u00e9s des associations de d\u00e9fense des droits - Committee for Justice","description":"Tunisie : Le CFJ tire la sonnette d'alarme sur le ciblage du mouvement f\u00e9ministe et le gel des activit\u00e9s des associations de d\u00e9fense des droits","robots":{"index":"index","follow":"follow","max-snippet":"max-snippet:-1","max-image-preview":"max-image-preview:large","max-video-preview":"max-video-preview:-1"},"canonical":"https:\/\/www.cfjustice.org\/fr\/tunisie-le-cfj-tire-la-sonnette-dalarme-sur-le-ciblage-du-mouvement-feministe-et-le-gel-des-activites-des-associations-de-defense-des-droits\/","og_locale":"fr_FR","og_type":"article","og_title":"Tunisie : Le CFJ tire la sonnette d'alarme sur le ciblage du mouvement f\u00e9ministe et le gel des activit\u00e9s des associations de d\u00e9fense des droits - Committee for Justice","og_description":"Tunisie : Le CFJ tire la sonnette d'alarme sur le ciblage du mouvement f\u00e9ministe et le gel des activit\u00e9s des associations de d\u00e9fense des droits","og_url":"https:\/\/www.cfjustice.org\/fr\/tunisie-le-cfj-tire-la-sonnette-dalarme-sur-le-ciblage-du-mouvement-feministe-et-le-gel-des-activites-des-associations-de-defense-des-droits\/","og_site_name":"Committee for Justice","article_publisher":"https:\/\/www.facebook.com\/cfjusticeorg","article_published_time":"2026-01-23T16:08:53+00:00","og_image":[{"width":1536,"height":1024,"url":"https:\/\/www.cfjustice.org\/wp-content\/uploads\/2025\/12\/ChatGPT-Image-Dec-1-2025-01_28_09-PM-e1764595962400.webp","type":"image\/png"}],"author":"mmurad","twitter_card":"summary_large_image","twitter_creator":"@cfjusticeorg","twitter_site":"@cfjusticeorg","twitter_misc":{"\u00c9crit par":"mmurad","Dur\u00e9e de lecture estim\u00e9e":"3 minutes"},"schema":{"@context":"https:\/\/schema.org","@graph":[{"@type":"Article","@id":"https:\/\/www.cfjustice.org\/fr\/tunisie-le-cfj-tire-la-sonnette-dalarme-sur-le-ciblage-du-mouvement-feministe-et-le-gel-des-activites-des-associations-de-defense-des-droits\/#article","isPartOf":{"@id":"https:\/\/www.cfjustice.org\/fr\/tunisie-le-cfj-tire-la-sonnette-dalarme-sur-le-ciblage-du-mouvement-feministe-et-le-gel-des-activites-des-associations-de-defense-des-droits\/"},"author":{"name":"mmurad","@id":"https:\/\/www.cfjustice.org\/fr\/#\/schema\/person\/bb556c12ed41de17b43b26af15865af9"},"headline":"Tunisie : Le CFJ tire la sonnette d&rsquo;alarme sur le ciblage du mouvement f\u00e9ministe et le gel des activit\u00e9s des associations de d\u00e9fense des droits","datePublished":"2026-01-23T16:08:53+00:00","mainEntityOfPage":{"@id":"https:\/\/www.cfjustice.org\/fr\/tunisie-le-cfj-tire-la-sonnette-dalarme-sur-le-ciblage-du-mouvement-feministe-et-le-gel-des-activites-des-associations-de-defense-des-droits\/"},"wordCount":650,"publisher":{"@id":"https:\/\/www.cfjustice.org\/fr\/#organization"},"image":{"@id":"https:\/\/www.cfjustice.org\/fr\/tunisie-le-cfj-tire-la-sonnette-dalarme-sur-le-ciblage-du-mouvement-feministe-et-le-gel-des-activites-des-associations-de-defense-des-droits\/#primaryimage"},"thumbnailUrl":"https:\/\/www.cfjustice.org\/wp-content\/uploads\/2025\/12\/ChatGPT-Image-Dec-1-2025-01_28_09-PM-e1764595962400.webp","articleSection":["nouvelles"],"inLanguage":"fr-FR"},{"@type":"WebPage","@id":"https:\/\/www.cfjustice.org\/fr\/tunisie-le-cfj-tire-la-sonnette-dalarme-sur-le-ciblage-du-mouvement-feministe-et-le-gel-des-activites-des-associations-de-defense-des-droits\/","url":"https:\/\/www.cfjustice.org\/fr\/tunisie-le-cfj-tire-la-sonnette-dalarme-sur-le-ciblage-du-mouvement-feministe-et-le-gel-des-activites-des-associations-de-defense-des-droits\/","name":"Tunisie : Le CFJ tire la sonnette d'alarme sur le ciblage du mouvement f\u00e9ministe et le gel des activit\u00e9s des associations de d\u00e9fense des droits - Committee for Justice","isPartOf":{"@id":"https:\/\/www.cfjustice.org\/fr\/#website"},"primaryImageOfPage":{"@id":"https:\/\/www.cfjustice.org\/fr\/tunisie-le-cfj-tire-la-sonnette-dalarme-sur-le-ciblage-du-mouvement-feministe-et-le-gel-des-activites-des-associations-de-defense-des-droits\/#primaryimage"},"image":{"@id":"https:\/\/www.cfjustice.org\/fr\/tunisie-le-cfj-tire-la-sonnette-dalarme-sur-le-ciblage-du-mouvement-feministe-et-le-gel-des-activites-des-associations-de-defense-des-droits\/#primaryimage"},"thumbnailUrl":"https:\/\/www.cfjustice.org\/wp-content\/uploads\/2025\/12\/ChatGPT-Image-Dec-1-2025-01_28_09-PM-e1764595962400.webp","datePublished":"2026-01-23T16:08:53+00:00","description":"Tunisie : Le CFJ tire la sonnette d'alarme sur le ciblage du mouvement f\u00e9ministe et le gel des activit\u00e9s des associations de d\u00e9fense des droits","breadcrumb":{"@id":"https:\/\/www.cfjustice.org\/fr\/tunisie-le-cfj-tire-la-sonnette-dalarme-sur-le-ciblage-du-mouvement-feministe-et-le-gel-des-activites-des-associations-de-defense-des-droits\/#breadcrumb"},"inLanguage":"fr-FR","potentialAction":[{"@type":"ReadAction","target":["https:\/\/www.cfjustice.org\/fr\/tunisie-le-cfj-tire-la-sonnette-dalarme-sur-le-ciblage-du-mouvement-feministe-et-le-gel-des-activites-des-associations-de-defense-des-droits\/"]}]},{"@type":"ImageObject","inLanguage":"fr-FR","@id":"https:\/\/www.cfjustice.org\/fr\/tunisie-le-cfj-tire-la-sonnette-dalarme-sur-le-ciblage-du-mouvement-feministe-et-le-gel-des-activites-des-associations-de-defense-des-droits\/#primaryimage","url":"https:\/\/www.cfjustice.org\/wp-content\/uploads\/2025\/12\/ChatGPT-Image-Dec-1-2025-01_28_09-PM-e1764595962400.webp","contentUrl":"https:\/\/www.cfjustice.org\/wp-content\/uploads\/2025\/12\/ChatGPT-Image-Dec-1-2025-01_28_09-PM-e1764595962400.webp","width":1536,"height":1024,"caption":"tunisia"},{"@type":"BreadcrumbList","@id":"https:\/\/www.cfjustice.org\/fr\/tunisie-le-cfj-tire-la-sonnette-dalarme-sur-le-ciblage-du-mouvement-feministe-et-le-gel-des-activites-des-associations-de-defense-des-droits\/#breadcrumb","itemListElement":[{"@type":"ListItem","position":1,"name":"Home","item":"https:\/\/www.cfjustice.org\/fr\/"},{"@type":"ListItem","position":2,"name":"Tunisie : Le CFJ tire la sonnette d&#8217;alarme sur le ciblage du mouvement f\u00e9ministe et le gel des activit\u00e9s des associations de d\u00e9fense des droits"}]},{"@type":"WebSite","@id":"https:\/\/www.cfjustice.org\/fr\/#website","url":"https:\/\/www.cfjustice.org\/fr\/","name":"Committee for Justice","description":"We are working to achieve justice","publisher":{"@id":"https:\/\/www.cfjustice.org\/fr\/#organization"},"alternateName":"CFJ","potentialAction":[{"@type":"SearchAction","target":{"@type":"EntryPoint","urlTemplate":"https:\/\/www.cfjustice.org\/fr\/?s={search_term_string}"},"query-input":{"@type":"PropertyValueSpecification","valueRequired":true,"valueName":"search_term_string"}}],"inLanguage":"fr-FR"},{"@type":"Organization","@id":"https:\/\/www.cfjustice.org\/fr\/#organization","name":"Committee for Justice","url":"https:\/\/www.cfjustice.org\/fr\/","logo":{"@type":"ImageObject","inLanguage":"fr-FR","@id":"https:\/\/www.cfjustice.org\/fr\/#\/schema\/logo\/image\/","url":"https:\/\/www.cfjustice.org\/wp-content\/uploads\/2023\/10\/logo-1.svg","contentUrl":"https:\/\/www.cfjustice.org\/wp-content\/uploads\/2023\/10\/logo-1.svg","width":1,"height":1,"caption":"Committee for Justice"},"image":{"@id":"https:\/\/www.cfjustice.org\/fr\/#\/schema\/logo\/image\/"},"sameAs":["https:\/\/www.facebook.com\/cfjusticeorg","https:\/\/x.com\/cfjusticeorg","https:\/\/www.linkedin.com\/company\/cfjustice\/","https:\/\/www.youtube.com\/channel\/UCQdBw5-F5Z80xtts8UqRRqQ","https:\/\/www.instagram.com\/cfjusticeorg"]},{"@type":"Person","@id":"https:\/\/www.cfjustice.org\/fr\/#\/schema\/person\/bb556c12ed41de17b43b26af15865af9","name":"mmurad","image":{"@type":"ImageObject","inLanguage":"fr-FR","@id":"https:\/\/secure.gravatar.com\/avatar\/b01b45168573d27abfd52e48a08122adff6e2dd698a45002db0e5b672be19a34?s=96&d=mm&r=g","url":"https:\/\/secure.gravatar.com\/avatar\/b01b45168573d27abfd52e48a08122adff6e2dd698a45002db0e5b672be19a34?s=96&d=mm&r=g","contentUrl":"https:\/\/secure.gravatar.com\/avatar\/b01b45168573d27abfd52e48a08122adff6e2dd698a45002db0e5b672be19a34?s=96&d=mm&r=g","caption":"mmurad"},"url":"https:\/\/www.cfjustice.org\/fr\/author\/mmurad\/"}]}},"_links":{"self":[{"href":"https:\/\/www.cfjustice.org\/fr\/wp-json\/wp\/v2\/posts\/53243","targetHints":{"allow":["GET"]}}],"collection":[{"href":"https:\/\/www.cfjustice.org\/fr\/wp-json\/wp\/v2\/posts"}],"about":[{"href":"https:\/\/www.cfjustice.org\/fr\/wp-json\/wp\/v2\/types\/post"}],"author":[{"embeddable":true,"href":"https:\/\/www.cfjustice.org\/fr\/wp-json\/wp\/v2\/users\/962"}],"replies":[{"embeddable":true,"href":"https:\/\/www.cfjustice.org\/fr\/wp-json\/wp\/v2\/comments?post=53243"}],"version-history":[{"count":0,"href":"https:\/\/www.cfjustice.org\/fr\/wp-json\/wp\/v2\/posts\/53243\/revisions"}],"wp:featuredmedia":[{"embeddable":true,"href":"https:\/\/www.cfjustice.org\/fr\/wp-json\/wp\/v2\/media\/52405"}],"wp:attachment":[{"href":"https:\/\/www.cfjustice.org\/fr\/wp-json\/wp\/v2\/media?parent=53243"}],"wp:term":[{"taxonomy":"category","embeddable":true,"href":"https:\/\/www.cfjustice.org\/fr\/wp-json\/wp\/v2\/categories?post=53243"},{"taxonomy":"post_tag","embeddable":true,"href":"https:\/\/www.cfjustice.org\/fr\/wp-json\/wp\/v2\/tags?post=53243"},{"taxonomy":"countries","embeddable":true,"href":"https:\/\/www.cfjustice.org\/fr\/wp-json\/wp\/v2\/countries?post=53243"},{"taxonomy":"cases","embeddable":true,"href":"https:\/\/www.cfjustice.org\/fr\/wp-json\/wp\/v2\/cases?post=53243"},{"taxonomy":"writer","embeddable":true,"href":"https:\/\/www.cfjustice.org\/fr\/wp-json\/wp\/v2\/writer?post=53243"},{"taxonomy":"coalitions","embeddable":true,"href":"https:\/\/www.cfjustice.org\/fr\/wp-json\/wp\/v2\/coalitions?post=53243"}],"curies":[{"name":"wp","href":"https:\/\/api.w.org\/{rel}","templated":true}]}}