{"id":53191,"date":"2026-01-21T21:01:58","date_gmt":"2026-01-21T20:01:58","guid":{"rendered":"https:\/\/www.cfjustice.org\/tunisie-le-cfj-condamne-la-confirmation-de-la-peine-de-prison-contre-lopposante-abir-moussi-et-appelle-au-respect-des-garanties-du-proces-equitable\/"},"modified":"2026-01-21T21:01:58","modified_gmt":"2026-01-21T20:01:58","slug":"tunisie-le-cfj-condamne-la-confirmation-de-la-peine-de-prison-contre-lopposante-abir-moussi-et-appelle-au-respect-des-garanties-du-proces-equitable","status":"publish","type":"post","link":"https:\/\/www.cfjustice.org\/fr\/tunisie-le-cfj-condamne-la-confirmation-de-la-peine-de-prison-contre-lopposante-abir-moussi-et-appelle-au-respect-des-garanties-du-proces-equitable\/","title":{"rendered":"Tunisie : le CFJ condamne la confirmation de la peine de prison contre l\u2019opposante Abir Moussi et appelle au respect des garanties du proc\u00e8s \u00e9quitable"},"content":{"rendered":"<p>Le Comit\u00e9 pour la Justice (Committee for Justice \u2013 CFJ) exprime sa profonde inqui\u00e9tude \u00e0 la suite du verdict rendu par la chambre criminelle de la Cour d\u2019appel de Tunis, le mardi 30 d\u00e9cembre, confirmant la peine de deux ans de prison ferme prononc\u00e9e \u00e0 l\u2019encontre de la pr\u00e9sidente du Parti Destourien Libre (PDL), Mme Abir Moussi. Cette d\u00e9cision fait suite \u00e0 une plainte d\u00e9pos\u00e9e par l\u2019Instance Sup\u00e9rieure Ind\u00e9pendante pour les \u00c9lections (ISIE), fond\u00e9e sur des accusations li\u00e9es \u00e0 la diffusion d\u2019informations qualifi\u00e9es de \u00ab trompeuses \u00bb par les autorit\u00e9s.<\/p>\n<p>Mme Moussi fait l\u2019objet d\u2019une s\u00e9rie de poursuites judiciaires depuis son arrestation en octobre 2023 devant le palais pr\u00e9sidentiel. Les chefs d\u2019inculpation retenus contre elle incluent notamment des faits de \u00ab propagation de fausses nouvelles \u00bb et de \u00ab tentative de changer la forme du gouvernement \u00bb. De nombreuses organisations et observateurs des droits de l\u2019homme estiment que ces poursuites s\u2019inscrivent dans un contexte marqu\u00e9 par une r\u00e9pression croissante de l\u2019action politique et de l\u2019opposition en Tunisie. Il convient \u00e9galement de rappeler qu\u2019elle a \u00e9t\u00e9 r\u00e9cemment condamn\u00e9e, en premi\u00e8re instance, \u00e0 une peine de douze ans de prison dans une affaire distincte pour \u00ab attentat ayant pour but de changer la forme du gouvernement \u00bb.<\/p>\n<p>Le CFJ consid\u00e8re que l\u2019intensification des condamnations judiciaires visant des opposants politiques en Tunisie, en particulier celles fond\u00e9es sur des dispositions l\u00e9gislatives vagues relatives \u00e0 la s\u00e9curit\u00e9 publique et aux infractions \u00e9lectorales, soul\u00e8ve de s\u00e9rieuses interrogations quant \u00e0 l\u2019ind\u00e9pendance du pouvoir judiciaire et \u00e0 son \u00e9ventuelle instrumentalisation \u00e0 des fins politiques. Le Comit\u00e9 souligne que de telles pratiques constituent une violation manifeste des engagements internationaux de la Tunisie, notamment de l\u2019article 19 du Pacte international relatif aux droits civils et politiques, qui garantit la libert\u00e9 d\u2019opinion et d\u2019expression.<\/p>\n<p>En cons\u00e9quence, le Comit\u00e9 pour la Justice appelle les autorit\u00e9s tunisiennes \u00e0 revoir ces condamnations, \u00e0 garantir le droit des personnes poursuivies \u00e0 des proc\u00e8s \u00e9quitables, ind\u00e9pendants et transparents, \u00e0 l\u2019abri de toute ing\u00e9rence politique, et \u00e0 mettre un terme \u00e0 l\u2019utilisation des poursuites judiciaires comme moyen de porter atteinte au pluralisme politique et \u00e0 la vie d\u00e9mocratique dans le pays.<\/p>\n","protected":false},"excerpt":{"rendered":"<p>Le Comit\u00e9 pour la Justice (Committee for Justice \u2013 CFJ) exprime sa profonde inqui\u00e9tude \u00e0 la suite du verdict rendu par la chambre criminelle de la Cour d\u2019appel de Tunis, [&hellip;]<\/p>\n","protected":false},"author":962,"featured_media":53189,"comment_status":"closed","ping_status":"closed","sticky":false,"template":"","format":"standard","meta":{"_monsterinsights_skip_tracking":false,"_monsterinsights_sitenote_active":false,"_monsterinsights_sitenote_note":"","_monsterinsights_sitenote_category":0,"_price":"","_stock":"","_tribe_ticket_header":"","_tribe_default_ticket_provider":"","_tribe_ticket_capacity":"","_ticket_start_date":"","_ticket_end_date":"","_tribe_ticket_show_description":"","_tribe_ticket_show_not_going":false,"_tribe_ticket_use_global_stock":"","_tribe_ticket_global_stock_level":"","_global_stock_mode":"","_global_stock_cap":"","_tribe_rsvp_for_event":"","_tribe_ticket_going_count":"","_tribe_ticket_not_going_count":"","_tribe_tickets_list":"[]","_tribe_ticket_has_attendee_info_fields":false,"footnotes":""},"categories":[999],"tags":[],"countries":[1032,1000],"cases":[],"writer":[],"coalitions":[],"class_list":["post-53191","post","type-post","status-publish","format-standard","has-post-thumbnail","hentry","category-nouvelles","countries-afrique-du-nord","countries-la-tunisie-2","has-post-title","has-post-date","has-post-category","has-post-tag","has-post-comment","has-post-author",""],"yoast_head":"<!-- This site is optimized with the Yoast SEO plugin v27.4 - https:\/\/yoast.com\/product\/yoast-seo-wordpress\/ -->\n<title>Tunisie : le CFJ condamne la confirmation de la peine de prison contre l\u2019opposante Abir Moussi et appelle au respect des garanties du proc\u00e8s \u00e9quitable - Committee for Justice<\/title>\n<meta name=\"description\" content=\"Tunisie : le CFJ condamne la confirmation de la peine de prison contre l\u2019opposante Abir Moussi et appelle au respect des garanties du proc\u00e8s \u00e9quitable\" \/>\n<meta name=\"robots\" content=\"index, follow, max-snippet:-1, max-image-preview:large, max-video-preview:-1\" \/>\n<link rel=\"canonical\" href=\"https:\/\/www.cfjustice.org\/fr\/tunisie-le-cfj-condamne-la-confirmation-de-la-peine-de-prison-contre-lopposante-abir-moussi-et-appelle-au-respect-des-garanties-du-proces-equitable\/\" \/>\n<meta property=\"og:locale\" content=\"fr_FR\" \/>\n<meta property=\"og:type\" content=\"article\" \/>\n<meta property=\"og:title\" content=\"Tunisie : le CFJ condamne la confirmation de la peine de prison contre l\u2019opposante Abir Moussi et appelle au respect des garanties du proc\u00e8s \u00e9quitable - Committee for Justice\" \/>\n<meta property=\"og:description\" content=\"Tunisie : le CFJ condamne la confirmation de la peine de prison contre l\u2019opposante Abir Moussi et appelle au respect des garanties du proc\u00e8s \u00e9quitable\" \/>\n<meta property=\"og:url\" content=\"https:\/\/www.cfjustice.org\/fr\/tunisie-le-cfj-condamne-la-confirmation-de-la-peine-de-prison-contre-lopposante-abir-moussi-et-appelle-au-respect-des-garanties-du-proces-equitable\/\" \/>\n<meta property=\"og:site_name\" content=\"Committee for Justice\" \/>\n<meta property=\"article:publisher\" content=\"https:\/\/www.facebook.com\/cfjusticeorg\" \/>\n<meta property=\"article:published_time\" content=\"2026-01-21T20:01:58+00:00\" \/>\n<meta property=\"og:image\" content=\"https:\/\/www.cfjustice.org\/wp-content\/uploads\/2026\/01\/475129823_1188438649306076_6577247111704596549_n.webp\" \/>\n\t<meta property=\"og:image:width\" content=\"1640\" \/>\n\t<meta property=\"og:image:height\" content=\"924\" \/>\n\t<meta property=\"og:image:type\" content=\"image\/jpeg\" \/>\n<meta name=\"author\" content=\"mmurad\" \/>\n<meta name=\"twitter:card\" content=\"summary_large_image\" \/>\n<meta name=\"twitter:creator\" content=\"@cfjusticeorg\" \/>\n<meta name=\"twitter:site\" content=\"@cfjusticeorg\" \/>\n<meta name=\"twitter:label1\" content=\"\u00c9crit par\" \/>\n\t<meta name=\"twitter:data1\" content=\"mmurad\" \/>\n\t<meta name=\"twitter:label2\" content=\"Dur\u00e9e de lecture estim\u00e9e\" \/>\n\t<meta name=\"twitter:data2\" content=\"2 minutes\" \/>\n<script type=\"application\/ld+json\" class=\"yoast-schema-graph\">{\"@context\":\"https:\\\/\\\/schema.org\",\"@graph\":[{\"@type\":\"Article\",\"@id\":\"https:\\\/\\\/www.cfjustice.org\\\/fr\\\/tunisie-le-cfj-condamne-la-confirmation-de-la-peine-de-prison-contre-lopposante-abir-moussi-et-appelle-au-respect-des-garanties-du-proces-equitable\\\/#article\",\"isPartOf\":{\"@id\":\"https:\\\/\\\/www.cfjustice.org\\\/fr\\\/tunisie-le-cfj-condamne-la-confirmation-de-la-peine-de-prison-contre-lopposante-abir-moussi-et-appelle-au-respect-des-garanties-du-proces-equitable\\\/\"},\"author\":{\"name\":\"mmurad\",\"@id\":\"https:\\\/\\\/www.cfjustice.org\\\/fr\\\/#\\\/schema\\\/person\\\/bb556c12ed41de17b43b26af15865af9\"},\"headline\":\"Tunisie : le CFJ condamne la confirmation de la peine de prison contre l\u2019opposante Abir Moussi et appelle au respect des garanties du proc\u00e8s \u00e9quitable\",\"datePublished\":\"2026-01-21T20:01:58+00:00\",\"mainEntityOfPage\":{\"@id\":\"https:\\\/\\\/www.cfjustice.org\\\/fr\\\/tunisie-le-cfj-condamne-la-confirmation-de-la-peine-de-prison-contre-lopposante-abir-moussi-et-appelle-au-respect-des-garanties-du-proces-equitable\\\/\"},\"wordCount\":403,\"publisher\":{\"@id\":\"https:\\\/\\\/www.cfjustice.org\\\/fr\\\/#organization\"},\"image\":{\"@id\":\"https:\\\/\\\/www.cfjustice.org\\\/fr\\\/tunisie-le-cfj-condamne-la-confirmation-de-la-peine-de-prison-contre-lopposante-abir-moussi-et-appelle-au-respect-des-garanties-du-proces-equitable\\\/#primaryimage\"},\"thumbnailUrl\":\"https:\\\/\\\/www.cfjustice.org\\\/wp-content\\\/uploads\\\/2026\\\/01\\\/475129823_1188438649306076_6577247111704596549_n.webp\",\"articleSection\":[\"nouvelles\"],\"inLanguage\":\"fr-FR\"},{\"@type\":\"WebPage\",\"@id\":\"https:\\\/\\\/www.cfjustice.org\\\/fr\\\/tunisie-le-cfj-condamne-la-confirmation-de-la-peine-de-prison-contre-lopposante-abir-moussi-et-appelle-au-respect-des-garanties-du-proces-equitable\\\/\",\"url\":\"https:\\\/\\\/www.cfjustice.org\\\/fr\\\/tunisie-le-cfj-condamne-la-confirmation-de-la-peine-de-prison-contre-lopposante-abir-moussi-et-appelle-au-respect-des-garanties-du-proces-equitable\\\/\",\"name\":\"Tunisie : le CFJ condamne la confirmation de la peine de prison contre l\u2019opposante Abir Moussi et appelle au respect des garanties du proc\u00e8s \u00e9quitable - Committee for Justice\",\"isPartOf\":{\"@id\":\"https:\\\/\\\/www.cfjustice.org\\\/fr\\\/#website\"},\"primaryImageOfPage\":{\"@id\":\"https:\\\/\\\/www.cfjustice.org\\\/fr\\\/tunisie-le-cfj-condamne-la-confirmation-de-la-peine-de-prison-contre-lopposante-abir-moussi-et-appelle-au-respect-des-garanties-du-proces-equitable\\\/#primaryimage\"},\"image\":{\"@id\":\"https:\\\/\\\/www.cfjustice.org\\\/fr\\\/tunisie-le-cfj-condamne-la-confirmation-de-la-peine-de-prison-contre-lopposante-abir-moussi-et-appelle-au-respect-des-garanties-du-proces-equitable\\\/#primaryimage\"},\"thumbnailUrl\":\"https:\\\/\\\/www.cfjustice.org\\\/wp-content\\\/uploads\\\/2026\\\/01\\\/475129823_1188438649306076_6577247111704596549_n.webp\",\"datePublished\":\"2026-01-21T20:01:58+00:00\",\"description\":\"Tunisie : le CFJ condamne la confirmation de la peine de prison contre l\u2019opposante Abir Moussi et appelle au respect des garanties du proc\u00e8s \u00e9quitable\",\"breadcrumb\":{\"@id\":\"https:\\\/\\\/www.cfjustice.org\\\/fr\\\/tunisie-le-cfj-condamne-la-confirmation-de-la-peine-de-prison-contre-lopposante-abir-moussi-et-appelle-au-respect-des-garanties-du-proces-equitable\\\/#breadcrumb\"},\"inLanguage\":\"fr-FR\",\"potentialAction\":[{\"@type\":\"ReadAction\",\"target\":[\"https:\\\/\\\/www.cfjustice.org\\\/fr\\\/tunisie-le-cfj-condamne-la-confirmation-de-la-peine-de-prison-contre-lopposante-abir-moussi-et-appelle-au-respect-des-garanties-du-proces-equitable\\\/\"]}]},{\"@type\":\"ImageObject\",\"inLanguage\":\"fr-FR\",\"@id\":\"https:\\\/\\\/www.cfjustice.org\\\/fr\\\/tunisie-le-cfj-condamne-la-confirmation-de-la-peine-de-prison-contre-lopposante-abir-moussi-et-appelle-au-respect-des-garanties-du-proces-equitable\\\/#primaryimage\",\"url\":\"https:\\\/\\\/www.cfjustice.org\\\/wp-content\\\/uploads\\\/2026\\\/01\\\/475129823_1188438649306076_6577247111704596549_n.webp\",\"contentUrl\":\"https:\\\/\\\/www.cfjustice.org\\\/wp-content\\\/uploads\\\/2026\\\/01\\\/475129823_1188438649306076_6577247111704596549_n.webp\",\"width\":1640,\"height\":924,\"caption\":\"\u0639\u0628\u064a\u0631 \u0645\u0648\u0633\u064a\"},{\"@type\":\"BreadcrumbList\",\"@id\":\"https:\\\/\\\/www.cfjustice.org\\\/fr\\\/tunisie-le-cfj-condamne-la-confirmation-de-la-peine-de-prison-contre-lopposante-abir-moussi-et-appelle-au-respect-des-garanties-du-proces-equitable\\\/#breadcrumb\",\"itemListElement\":[{\"@type\":\"ListItem\",\"position\":1,\"name\":\"Home\",\"item\":\"https:\\\/\\\/www.cfjustice.org\\\/fr\\\/\"},{\"@type\":\"ListItem\",\"position\":2,\"name\":\"Tunisie : le CFJ condamne la confirmation de la peine de prison contre l\u2019opposante Abir Moussi et appelle au respect des garanties du proc\u00e8s \u00e9quitable\"}]},{\"@type\":\"WebSite\",\"@id\":\"https:\\\/\\\/www.cfjustice.org\\\/fr\\\/#website\",\"url\":\"https:\\\/\\\/www.cfjustice.org\\\/fr\\\/\",\"name\":\"Committee for Justice\",\"description\":\"We are working to achieve justice\",\"publisher\":{\"@id\":\"https:\\\/\\\/www.cfjustice.org\\\/fr\\\/#organization\"},\"alternateName\":\"CFJ\",\"potentialAction\":[{\"@type\":\"SearchAction\",\"target\":{\"@type\":\"EntryPoint\",\"urlTemplate\":\"https:\\\/\\\/www.cfjustice.org\\\/fr\\\/?s={search_term_string}\"},\"query-input\":{\"@type\":\"PropertyValueSpecification\",\"valueRequired\":true,\"valueName\":\"search_term_string\"}}],\"inLanguage\":\"fr-FR\"},{\"@type\":\"Organization\",\"@id\":\"https:\\\/\\\/www.cfjustice.org\\\/fr\\\/#organization\",\"name\":\"Committee for Justice\",\"url\":\"https:\\\/\\\/www.cfjustice.org\\\/fr\\\/\",\"logo\":{\"@type\":\"ImageObject\",\"inLanguage\":\"fr-FR\",\"@id\":\"https:\\\/\\\/www.cfjustice.org\\\/fr\\\/#\\\/schema\\\/logo\\\/image\\\/\",\"url\":\"https:\\\/\\\/www.cfjustice.org\\\/wp-content\\\/uploads\\\/2023\\\/10\\\/logo-1.svg\",\"contentUrl\":\"https:\\\/\\\/www.cfjustice.org\\\/wp-content\\\/uploads\\\/2023\\\/10\\\/logo-1.svg\",\"width\":1,\"height\":1,\"caption\":\"Committee for Justice\"},\"image\":{\"@id\":\"https:\\\/\\\/www.cfjustice.org\\\/fr\\\/#\\\/schema\\\/logo\\\/image\\\/\"},\"sameAs\":[\"https:\\\/\\\/www.facebook.com\\\/cfjusticeorg\",\"https:\\\/\\\/x.com\\\/cfjusticeorg\",\"https:\\\/\\\/www.linkedin.com\\\/company\\\/cfjustice\\\/\",\"https:\\\/\\\/www.youtube.com\\\/channel\\\/UCQdBw5-F5Z80xtts8UqRRqQ\",\"https:\\\/\\\/www.instagram.com\\\/cfjusticeorg\"]},{\"@type\":\"Person\",\"@id\":\"https:\\\/\\\/www.cfjustice.org\\\/fr\\\/#\\\/schema\\\/person\\\/bb556c12ed41de17b43b26af15865af9\",\"name\":\"mmurad\",\"image\":{\"@type\":\"ImageObject\",\"inLanguage\":\"fr-FR\",\"@id\":\"https:\\\/\\\/secure.gravatar.com\\\/avatar\\\/b01b45168573d27abfd52e48a08122adff6e2dd698a45002db0e5b672be19a34?s=96&d=mm&r=g\",\"url\":\"https:\\\/\\\/secure.gravatar.com\\\/avatar\\\/b01b45168573d27abfd52e48a08122adff6e2dd698a45002db0e5b672be19a34?s=96&d=mm&r=g\",\"contentUrl\":\"https:\\\/\\\/secure.gravatar.com\\\/avatar\\\/b01b45168573d27abfd52e48a08122adff6e2dd698a45002db0e5b672be19a34?s=96&d=mm&r=g\",\"caption\":\"mmurad\"},\"url\":\"https:\\\/\\\/www.cfjustice.org\\\/fr\\\/author\\\/mmurad\\\/\"}]}<\/script>\n<!-- \/ Yoast SEO plugin. -->","yoast_head_json":{"title":"Tunisie : le CFJ condamne la confirmation de la peine de prison contre l\u2019opposante Abir Moussi et appelle au respect des garanties du proc\u00e8s \u00e9quitable - Committee for Justice","description":"Tunisie : le CFJ condamne la confirmation de la peine de prison contre l\u2019opposante Abir Moussi et appelle au respect des garanties du proc\u00e8s \u00e9quitable","robots":{"index":"index","follow":"follow","max-snippet":"max-snippet:-1","max-image-preview":"max-image-preview:large","max-video-preview":"max-video-preview:-1"},"canonical":"https:\/\/www.cfjustice.org\/fr\/tunisie-le-cfj-condamne-la-confirmation-de-la-peine-de-prison-contre-lopposante-abir-moussi-et-appelle-au-respect-des-garanties-du-proces-equitable\/","og_locale":"fr_FR","og_type":"article","og_title":"Tunisie : le CFJ condamne la confirmation de la peine de prison contre l\u2019opposante Abir Moussi et appelle au respect des garanties du proc\u00e8s \u00e9quitable - Committee for Justice","og_description":"Tunisie : le CFJ condamne la confirmation de la peine de prison contre l\u2019opposante Abir Moussi et appelle au respect des garanties du proc\u00e8s \u00e9quitable","og_url":"https:\/\/www.cfjustice.org\/fr\/tunisie-le-cfj-condamne-la-confirmation-de-la-peine-de-prison-contre-lopposante-abir-moussi-et-appelle-au-respect-des-garanties-du-proces-equitable\/","og_site_name":"Committee for Justice","article_publisher":"https:\/\/www.facebook.com\/cfjusticeorg","article_published_time":"2026-01-21T20:01:58+00:00","og_image":[{"width":1640,"height":924,"url":"https:\/\/www.cfjustice.org\/wp-content\/uploads\/2026\/01\/475129823_1188438649306076_6577247111704596549_n.webp","type":"image\/jpeg"}],"author":"mmurad","twitter_card":"summary_large_image","twitter_creator":"@cfjusticeorg","twitter_site":"@cfjusticeorg","twitter_misc":{"\u00c9crit par":"mmurad","Dur\u00e9e de lecture estim\u00e9e":"2 minutes"},"schema":{"@context":"https:\/\/schema.org","@graph":[{"@type":"Article","@id":"https:\/\/www.cfjustice.org\/fr\/tunisie-le-cfj-condamne-la-confirmation-de-la-peine-de-prison-contre-lopposante-abir-moussi-et-appelle-au-respect-des-garanties-du-proces-equitable\/#article","isPartOf":{"@id":"https:\/\/www.cfjustice.org\/fr\/tunisie-le-cfj-condamne-la-confirmation-de-la-peine-de-prison-contre-lopposante-abir-moussi-et-appelle-au-respect-des-garanties-du-proces-equitable\/"},"author":{"name":"mmurad","@id":"https:\/\/www.cfjustice.org\/fr\/#\/schema\/person\/bb556c12ed41de17b43b26af15865af9"},"headline":"Tunisie : le CFJ condamne la confirmation de la peine de prison contre l\u2019opposante Abir Moussi et appelle au respect des garanties du proc\u00e8s \u00e9quitable","datePublished":"2026-01-21T20:01:58+00:00","mainEntityOfPage":{"@id":"https:\/\/www.cfjustice.org\/fr\/tunisie-le-cfj-condamne-la-confirmation-de-la-peine-de-prison-contre-lopposante-abir-moussi-et-appelle-au-respect-des-garanties-du-proces-equitable\/"},"wordCount":403,"publisher":{"@id":"https:\/\/www.cfjustice.org\/fr\/#organization"},"image":{"@id":"https:\/\/www.cfjustice.org\/fr\/tunisie-le-cfj-condamne-la-confirmation-de-la-peine-de-prison-contre-lopposante-abir-moussi-et-appelle-au-respect-des-garanties-du-proces-equitable\/#primaryimage"},"thumbnailUrl":"https:\/\/www.cfjustice.org\/wp-content\/uploads\/2026\/01\/475129823_1188438649306076_6577247111704596549_n.webp","articleSection":["nouvelles"],"inLanguage":"fr-FR"},{"@type":"WebPage","@id":"https:\/\/www.cfjustice.org\/fr\/tunisie-le-cfj-condamne-la-confirmation-de-la-peine-de-prison-contre-lopposante-abir-moussi-et-appelle-au-respect-des-garanties-du-proces-equitable\/","url":"https:\/\/www.cfjustice.org\/fr\/tunisie-le-cfj-condamne-la-confirmation-de-la-peine-de-prison-contre-lopposante-abir-moussi-et-appelle-au-respect-des-garanties-du-proces-equitable\/","name":"Tunisie : le CFJ condamne la confirmation de la peine de prison contre l\u2019opposante Abir Moussi et appelle au respect des garanties du proc\u00e8s \u00e9quitable - Committee for Justice","isPartOf":{"@id":"https:\/\/www.cfjustice.org\/fr\/#website"},"primaryImageOfPage":{"@id":"https:\/\/www.cfjustice.org\/fr\/tunisie-le-cfj-condamne-la-confirmation-de-la-peine-de-prison-contre-lopposante-abir-moussi-et-appelle-au-respect-des-garanties-du-proces-equitable\/#primaryimage"},"image":{"@id":"https:\/\/www.cfjustice.org\/fr\/tunisie-le-cfj-condamne-la-confirmation-de-la-peine-de-prison-contre-lopposante-abir-moussi-et-appelle-au-respect-des-garanties-du-proces-equitable\/#primaryimage"},"thumbnailUrl":"https:\/\/www.cfjustice.org\/wp-content\/uploads\/2026\/01\/475129823_1188438649306076_6577247111704596549_n.webp","datePublished":"2026-01-21T20:01:58+00:00","description":"Tunisie : le CFJ condamne la confirmation de la peine de prison contre l\u2019opposante Abir Moussi et appelle au respect des garanties du proc\u00e8s \u00e9quitable","breadcrumb":{"@id":"https:\/\/www.cfjustice.org\/fr\/tunisie-le-cfj-condamne-la-confirmation-de-la-peine-de-prison-contre-lopposante-abir-moussi-et-appelle-au-respect-des-garanties-du-proces-equitable\/#breadcrumb"},"inLanguage":"fr-FR","potentialAction":[{"@type":"ReadAction","target":["https:\/\/www.cfjustice.org\/fr\/tunisie-le-cfj-condamne-la-confirmation-de-la-peine-de-prison-contre-lopposante-abir-moussi-et-appelle-au-respect-des-garanties-du-proces-equitable\/"]}]},{"@type":"ImageObject","inLanguage":"fr-FR","@id":"https:\/\/www.cfjustice.org\/fr\/tunisie-le-cfj-condamne-la-confirmation-de-la-peine-de-prison-contre-lopposante-abir-moussi-et-appelle-au-respect-des-garanties-du-proces-equitable\/#primaryimage","url":"https:\/\/www.cfjustice.org\/wp-content\/uploads\/2026\/01\/475129823_1188438649306076_6577247111704596549_n.webp","contentUrl":"https:\/\/www.cfjustice.org\/wp-content\/uploads\/2026\/01\/475129823_1188438649306076_6577247111704596549_n.webp","width":1640,"height":924,"caption":"\u0639\u0628\u064a\u0631 \u0645\u0648\u0633\u064a"},{"@type":"BreadcrumbList","@id":"https:\/\/www.cfjustice.org\/fr\/tunisie-le-cfj-condamne-la-confirmation-de-la-peine-de-prison-contre-lopposante-abir-moussi-et-appelle-au-respect-des-garanties-du-proces-equitable\/#breadcrumb","itemListElement":[{"@type":"ListItem","position":1,"name":"Home","item":"https:\/\/www.cfjustice.org\/fr\/"},{"@type":"ListItem","position":2,"name":"Tunisie : le CFJ condamne la confirmation de la peine de prison contre l\u2019opposante Abir Moussi et appelle au respect des garanties du proc\u00e8s \u00e9quitable"}]},{"@type":"WebSite","@id":"https:\/\/www.cfjustice.org\/fr\/#website","url":"https:\/\/www.cfjustice.org\/fr\/","name":"Committee for Justice","description":"We are working to achieve justice","publisher":{"@id":"https:\/\/www.cfjustice.org\/fr\/#organization"},"alternateName":"CFJ","potentialAction":[{"@type":"SearchAction","target":{"@type":"EntryPoint","urlTemplate":"https:\/\/www.cfjustice.org\/fr\/?s={search_term_string}"},"query-input":{"@type":"PropertyValueSpecification","valueRequired":true,"valueName":"search_term_string"}}],"inLanguage":"fr-FR"},{"@type":"Organization","@id":"https:\/\/www.cfjustice.org\/fr\/#organization","name":"Committee for Justice","url":"https:\/\/www.cfjustice.org\/fr\/","logo":{"@type":"ImageObject","inLanguage":"fr-FR","@id":"https:\/\/www.cfjustice.org\/fr\/#\/schema\/logo\/image\/","url":"https:\/\/www.cfjustice.org\/wp-content\/uploads\/2023\/10\/logo-1.svg","contentUrl":"https:\/\/www.cfjustice.org\/wp-content\/uploads\/2023\/10\/logo-1.svg","width":1,"height":1,"caption":"Committee for Justice"},"image":{"@id":"https:\/\/www.cfjustice.org\/fr\/#\/schema\/logo\/image\/"},"sameAs":["https:\/\/www.facebook.com\/cfjusticeorg","https:\/\/x.com\/cfjusticeorg","https:\/\/www.linkedin.com\/company\/cfjustice\/","https:\/\/www.youtube.com\/channel\/UCQdBw5-F5Z80xtts8UqRRqQ","https:\/\/www.instagram.com\/cfjusticeorg"]},{"@type":"Person","@id":"https:\/\/www.cfjustice.org\/fr\/#\/schema\/person\/bb556c12ed41de17b43b26af15865af9","name":"mmurad","image":{"@type":"ImageObject","inLanguage":"fr-FR","@id":"https:\/\/secure.gravatar.com\/avatar\/b01b45168573d27abfd52e48a08122adff6e2dd698a45002db0e5b672be19a34?s=96&d=mm&r=g","url":"https:\/\/secure.gravatar.com\/avatar\/b01b45168573d27abfd52e48a08122adff6e2dd698a45002db0e5b672be19a34?s=96&d=mm&r=g","contentUrl":"https:\/\/secure.gravatar.com\/avatar\/b01b45168573d27abfd52e48a08122adff6e2dd698a45002db0e5b672be19a34?s=96&d=mm&r=g","caption":"mmurad"},"url":"https:\/\/www.cfjustice.org\/fr\/author\/mmurad\/"}]}},"_links":{"self":[{"href":"https:\/\/www.cfjustice.org\/fr\/wp-json\/wp\/v2\/posts\/53191","targetHints":{"allow":["GET"]}}],"collection":[{"href":"https:\/\/www.cfjustice.org\/fr\/wp-json\/wp\/v2\/posts"}],"about":[{"href":"https:\/\/www.cfjustice.org\/fr\/wp-json\/wp\/v2\/types\/post"}],"author":[{"embeddable":true,"href":"https:\/\/www.cfjustice.org\/fr\/wp-json\/wp\/v2\/users\/962"}],"replies":[{"embeddable":true,"href":"https:\/\/www.cfjustice.org\/fr\/wp-json\/wp\/v2\/comments?post=53191"}],"version-history":[{"count":0,"href":"https:\/\/www.cfjustice.org\/fr\/wp-json\/wp\/v2\/posts\/53191\/revisions"}],"wp:featuredmedia":[{"embeddable":true,"href":"https:\/\/www.cfjustice.org\/fr\/wp-json\/wp\/v2\/media\/53189"}],"wp:attachment":[{"href":"https:\/\/www.cfjustice.org\/fr\/wp-json\/wp\/v2\/media?parent=53191"}],"wp:term":[{"taxonomy":"category","embeddable":true,"href":"https:\/\/www.cfjustice.org\/fr\/wp-json\/wp\/v2\/categories?post=53191"},{"taxonomy":"post_tag","embeddable":true,"href":"https:\/\/www.cfjustice.org\/fr\/wp-json\/wp\/v2\/tags?post=53191"},{"taxonomy":"countries","embeddable":true,"href":"https:\/\/www.cfjustice.org\/fr\/wp-json\/wp\/v2\/countries?post=53191"},{"taxonomy":"cases","embeddable":true,"href":"https:\/\/www.cfjustice.org\/fr\/wp-json\/wp\/v2\/cases?post=53191"},{"taxonomy":"writer","embeddable":true,"href":"https:\/\/www.cfjustice.org\/fr\/wp-json\/wp\/v2\/writer?post=53191"},{"taxonomy":"coalitions","embeddable":true,"href":"https:\/\/www.cfjustice.org\/fr\/wp-json\/wp\/v2\/coalitions?post=53191"}],"curies":[{"name":"wp","href":"https:\/\/api.w.org\/{rel}","templated":true}]}}