{"id":52789,"date":"2026-01-06T23:11:09","date_gmt":"2026-01-06T22:11:09","guid":{"rendered":"https:\/\/www.cfjustice.org\/tunisie-le-comite-pour-la-justice-se-felicite-de-la-liberation-des-travailleurs-humanitaires-de-lorganisation-terre-dasile-apres-plus-de-vingt-mois-de-detention-arbitraire\/"},"modified":"2026-01-06T23:11:09","modified_gmt":"2026-01-06T22:11:09","slug":"tunisie-le-comite-pour-la-justice-se-felicite-de-la-liberation-des-travailleurs-humanitaires-de-lorganisation-terre-dasile-apres-plus-de-vingt-mois-de-detention-arbitraire","status":"publish","type":"post","link":"https:\/\/www.cfjustice.org\/fr\/tunisie-le-comite-pour-la-justice-se-felicite-de-la-liberation-des-travailleurs-humanitaires-de-lorganisation-terre-dasile-apres-plus-de-vingt-mois-de-detention-arbitraire\/","title":{"rendered":"Tunisie : le Comit\u00e9 pour la justice se f\u00e9licite de la lib\u00e9ration des travailleurs humanitaires de l&rsquo;organisation \u00ab Terre d&rsquo;asile \u00bb apr\u00e8s plus de vingt mois de d\u00e9tention arbitraire.\u00a0"},"content":{"rendered":"<p><span data-contrast=\"auto\">Le Comit\u00e9 pour la justice (CFJ) exprime sa\u00a0satisfaction\u00a0suite\u00a0\u00e0\u00a0la lib\u00e9ration, dans la nuit du lundi au mardi 6 janvier 2026, d&rsquo;un certain nombre de travailleurs humanitaires de l&rsquo;organisation Terre d&rsquo;asile (Terre d&rsquo;asile) \u00e0 Tunis, apr\u00e8s plus de vingt mois de d\u00e9tention dans le cadre de poursuites judiciaires li\u00e9es \u00e0 leurs activit\u00e9s d&rsquo;accompagnement des migrants et des demandeurs d&rsquo;asile.<\/span><span data-ccp-props=\"{}\">\u00a0<\/span><\/p>\n<p><span data-contrast=\"auto\">Cette lib\u00e9ration fait suite \u00e0 un jugement rendu par la chambre p\u00e9nale du tribunal de premi\u00e8re instance de Tunis, qui a condamn\u00e9 les accus\u00e9s \u00e0 deux ans de prison avec sursis, ce qui a conduit \u00e0 leur lib\u00e9ration imm\u00e9diate. L&rsquo;affaire concerne\u00a0Ch\u00e9rifa\u00a0Riahi, ancienne pr\u00e9sidente de l&rsquo;association Tunisie Terre d&rsquo;Asile,\u00a0Iyadh\u00a0Boussalmi, pr\u00e9sident actuel de l&rsquo;association depuis 2023, Mohamed Iqbal Khaled, ancien maire de Sousse, Iman\u00a0Wardani, ancienne adjointe au maire de Sousse, et Mohamed\u00a0Jouhou.<\/span><span data-ccp-props=\"{}\">\u00a0<\/span><\/p>\n<p><span data-contrast=\"auto\">Malgr\u00e9 cette \u00e9volution positive, le comit\u00e9\u00a0pour la justice souligne que la d\u00e9tention provisoire dont ont fait l&rsquo;objet les personnes concern\u00e9es, qui a dur\u00e9 pr\u00e8s de vingt mois, constitue une d\u00e9tention arbitraire, en violation flagrante des garanties d&rsquo;un proc\u00e8s \u00e9quitable et du principe de proportionnalit\u00e9, tels qu&rsquo;ils sont consacr\u00e9s par le droit tunisien et les conventions internationales ratifi\u00e9es par l&rsquo;\u00c9tat tunisien, au premier rang desquelles figure le Pacte international relatif aux droits civils et politiques.\u00a0<\/span><span data-ccp-props=\"{}\">\u00a0<\/span><\/p>\n<p><span data-contrast=\"auto\">Le caract\u00e8re arbitraire de cette d\u00e9tention se manifeste par une s\u00e9rie de violations, parmi lesquelles : la dur\u00e9e excessive de la d\u00e9tention provisoire sans justification l\u00e9gale individuelle et motiv\u00e9e, le recours \u00e0 la d\u00e9tention provisoire \u00e0 titre punitif plut\u00f4t que comme une mesure exceptionnelle limit\u00e9e \u00e0 des cas sp\u00e9cifiques, le refus d&rsquo;adopter des alternatives \u00e0 la d\u00e9tention alors que les conditions sont r\u00e9unies, la restriction du droit des personnes concern\u00e9es \u00e0 communiquer r\u00e9guli\u00e8rement avec leur famille et leur avocat, et leur d\u00e9tention dans des conditions mat\u00e9rielles et morales qui ne r\u00e9pondent pas aux normes minimales de traitement des d\u00e9tenus, transformant ainsi cette mesure en une sanction d\u00e9guis\u00e9e en dehors de toute d\u00e9cision d\u00e9finitive.<\/span><span data-ccp-props=\"{}\">\u00a0<\/span><\/p>\n<p><span data-contrast=\"auto\">Cette affaire s&rsquo;inscrit dans un contexte plus large caract\u00e9ris\u00e9 par un durcissement des politiques en mati\u00e8re d&rsquo;immigration et par un discours officiel raciste et incendiaire \u00e0 l&rsquo;encontre des\u00a0migrant.e.s\u00a0, en particulier ceux originaires d&rsquo;Afrique subsaharienne, ainsi que par une r\u00e9pression croissante \u00e0 l&rsquo;encontre des organisations de la soci\u00e9t\u00e9 civile actives dans le domaine humanitaire. Le\u00a0comit\u00e9\u00a0pour la justice estime que ce contexte refl\u00e8te des politiques discriminatoires et\u00a0racistes\u00a0de\u00a0la part de l&rsquo;\u00c9tat, qui ont contribu\u00e9 \u00e0 attiser la violence, les discours de haine et les violations graves des droits des migrants, et qui ont \u00e9galement touch\u00e9 tous ceux qui leur apportent soutien et protection.<\/span><span data-ccp-props=\"{}\">\u00a0<\/span><\/p>\n<p><span data-contrast=\"auto\">La criminalisation du travail humanitaire et la poursuite des travailleurs et travailleuses dans le cadre de proc\u00e9dures judiciaires injustes et interminables, associ\u00e9es \u00e0 des d\u00e9tentions arbitraires, r\u00e9v\u00e8lent une approche s\u00e9curitaire et r\u00e9pressive dans le traitement des questions d&rsquo;immigration, qui consiste \u00e0 faire porter aux organisations de la soci\u00e9t\u00e9 civile la responsabilit\u00e9 de l&rsquo;\u00e9chec des politiques publiques, ainsi que des politiques \u00ab gestion de l&rsquo;immigration \u00bb fond\u00e9es sur des compromis avec l&rsquo;Union europ\u00e9enne, au lieu de s&rsquo;engager \u00e0 trouver des solutions qui respectent la dignit\u00e9 humaine et les droits fondamentaux de tous.<\/span><span data-ccp-props=\"{}\">\u00a0<\/span><\/p>\n<p><span data-ccp-props=\"{}\">\u00a0<\/span><\/p>\n<p><span data-contrast=\"auto\">Le comit\u00e9\u00a0pour la justice rappelle que la solidarit\u00e9 et l&rsquo;action humanitaire ne constituent pas un crime, et que l&rsquo;aide aux migrants et aux demandeurs d&rsquo;asile rel\u00e8ve des obligations l\u00e9gales et morales de l&rsquo;\u00c9tat tunisien, notamment le respect du principe de non-refoulement et les exigences de protection des personnes en danger.<\/span><span data-ccp-props=\"{}\">\u00a0<\/span><\/p>\n<p><span data-contrast=\"auto\">Sur la base de ce qui pr\u00e9c\u00e8de, la Commission pour la justice appelle les autorit\u00e9s tunisiennes \u00e0 :<\/span><span data-ccp-props=\"{}\">\u00a0<\/span><\/p>\n<p><span data-contrast=\"auto\">Mettre imm\u00e9diatement fin \u00e0 la criminalisation de l&rsquo;action humanitaire et au ciblage des d\u00e9fenseurs et d\u00e9fenseuses des droits humains, en particulier ceux qui travaillent sur les questions d&rsquo;immigration et d&rsquo;asile ;<\/span><span data-ccp-props=\"{}\">\u00a0<\/span><\/p>\n<p><span data-contrast=\"auto\">Abandonner\u00a0toutes les poursuites judiciaires \u00e0 caract\u00e8re punitif li\u00e9es aux activit\u00e9s l\u00e9gitimes de soutien et d&rsquo;assistance aux migrants et aux demandeurs d&rsquo;asile ;<\/span><span data-ccp-props=\"{}\">\u00a0<\/span><\/p>\n<p><span data-contrast=\"auto\">Revoir les politiques et pratiques en mati\u00e8re d&rsquo;immigration afin de les mettre en conformit\u00e9 avec les obligations internationales de la Tunisie en mati\u00e8re de droits humains et avec les principes d&rsquo;\u00e9galit\u00e9 et de non-discrimination ;<\/span><span data-ccp-props=\"{}\">\u00a0<\/span><\/p>\n<p><span data-contrast=\"auto\">Garantir que les pratiques de d\u00e9tention arbitraire ne se reproduisent plus et de respecter le droit \u00e0 la libert\u00e9 et \u00e0 un proc\u00e8s \u00e9quitable, afin de pr\u00e9server l&rsquo;\u00c9tat de droit et la dignit\u00e9 humaine pour tous.<\/span><span data-ccp-props=\"{}\">\u00a0<\/span><\/p>\n","protected":false},"excerpt":{"rendered":"<p>Le Comit\u00e9 pour la justice (CFJ) exprime sa\u00a0satisfaction\u00a0suite\u00a0\u00e0\u00a0la lib\u00e9ration, dans la nuit du lundi au mardi 6 janvier 2026, d&rsquo;un certain nombre de travailleurs humanitaires de l&rsquo;organisation Terre d&rsquo;asile (Terre [&hellip;]<\/p>\n","protected":false},"author":962,"featured_media":52405,"comment_status":"closed","ping_status":"closed","sticky":false,"template":"","format":"standard","meta":{"_monsterinsights_skip_tracking":false,"_monsterinsights_sitenote_active":false,"_monsterinsights_sitenote_note":"","_monsterinsights_sitenote_category":0,"_price":"","_stock":"","_tribe_ticket_header":"","_tribe_default_ticket_provider":"","_tribe_ticket_capacity":"0","_ticket_start_date":"","_ticket_end_date":"","_tribe_ticket_show_description":"","_tribe_ticket_show_not_going":false,"_tribe_ticket_use_global_stock":"","_tribe_ticket_global_stock_level":"","_global_stock_mode":"","_global_stock_cap":"","_tribe_rsvp_for_event":"","_tribe_ticket_going_count":"","_tribe_ticket_not_going_count":"","_tribe_tickets_list":"[]","_tribe_ticket_has_attendee_info_fields":false,"footnotes":""},"categories":[1020,1029,1021],"tags":[],"countries":[1000],"cases":[],"writer":[],"coalitions":[],"class_list":["post-52789","post","type-post","status-publish","format-standard","has-post-thumbnail","hentry","category-communiques-de-presse","category-communiques-de-presse-du-projet-justice-pour-les-defenseurs-des-droits-humains","category-justice-pour-les-defenseurs-des-droits-humains","countries-la-tunisie-2","has-post-title","has-post-date","has-post-category","has-post-tag","has-post-comment","has-post-author",""],"yoast_head":"<!-- This site is optimized with the Yoast SEO plugin v27.4 - https:\/\/yoast.com\/product\/yoast-seo-wordpress\/ -->\n<title>Tunisie : le Comit\u00e9 pour la justice se f\u00e9licite de la lib\u00e9ration des travailleurs humanitaires de l&#039;organisation \u00ab Terre d&#039;asile \u00bb apr\u00e8s plus de vingt mois de d\u00e9tention arbitraire.\u00a0 - Committee for Justice<\/title>\n<meta name=\"description\" content=\"Tunisie : le Comit\u00e9 pour la justice se f\u00e9licite de la lib\u00e9ration des travailleurs humanitaires de l&#039;organisation \u00ab Terre d&#039;asile \u00bb apr\u00e8s plus de vingt mois de d\u00e9tention arbitraire.\u00a0\" \/>\n<meta name=\"robots\" content=\"index, follow, max-snippet:-1, max-image-preview:large, max-video-preview:-1\" \/>\n<link rel=\"canonical\" href=\"https:\/\/www.cfjustice.org\/fr\/tunisie-le-comite-pour-la-justice-se-felicite-de-la-liberation-des-travailleurs-humanitaires-de-lorganisation-terre-dasile-apres-plus-de-vingt-mois-de-detention-arbitraire\/\" \/>\n<meta property=\"og:locale\" content=\"fr_FR\" \/>\n<meta property=\"og:type\" content=\"article\" \/>\n<meta property=\"og:title\" content=\"Tunisie : le Comit\u00e9 pour la justice se f\u00e9licite de la lib\u00e9ration des travailleurs humanitaires de l&#039;organisation \u00ab Terre d&#039;asile \u00bb apr\u00e8s plus de vingt mois de d\u00e9tention arbitraire.\u00a0 - Committee for Justice\" \/>\n<meta property=\"og:description\" content=\"Tunisie : le Comit\u00e9 pour la justice se f\u00e9licite de la lib\u00e9ration des travailleurs humanitaires de l&#039;organisation \u00ab Terre d&#039;asile \u00bb apr\u00e8s plus de vingt mois de d\u00e9tention arbitraire.\u00a0\" \/>\n<meta property=\"og:url\" content=\"https:\/\/www.cfjustice.org\/fr\/tunisie-le-comite-pour-la-justice-se-felicite-de-la-liberation-des-travailleurs-humanitaires-de-lorganisation-terre-dasile-apres-plus-de-vingt-mois-de-detention-arbitraire\/\" \/>\n<meta property=\"og:site_name\" content=\"Committee for Justice\" \/>\n<meta property=\"article:publisher\" content=\"https:\/\/www.facebook.com\/cfjusticeorg\" \/>\n<meta property=\"article:published_time\" content=\"2026-01-06T22:11:09+00:00\" \/>\n<meta property=\"og:image\" content=\"https:\/\/www.cfjustice.org\/wp-content\/uploads\/2025\/12\/ChatGPT-Image-Dec-1-2025-01_28_09-PM-e1764595962400.webp\" \/>\n\t<meta property=\"og:image:width\" content=\"1536\" \/>\n\t<meta property=\"og:image:height\" content=\"1024\" \/>\n\t<meta property=\"og:image:type\" content=\"image\/png\" \/>\n<meta name=\"author\" content=\"mmurad\" \/>\n<meta name=\"twitter:card\" content=\"summary_large_image\" \/>\n<meta name=\"twitter:creator\" content=\"@cfjusticeorg\" \/>\n<meta name=\"twitter:site\" content=\"@cfjusticeorg\" \/>\n<meta name=\"twitter:label1\" content=\"\u00c9crit par\" \/>\n\t<meta name=\"twitter:data1\" content=\"mmurad\" \/>\n\t<meta name=\"twitter:label2\" content=\"Dur\u00e9e de lecture estim\u00e9e\" \/>\n\t<meta name=\"twitter:data2\" content=\"4 minutes\" \/>\n<script type=\"application\/ld+json\" class=\"yoast-schema-graph\">{\"@context\":\"https:\\\/\\\/schema.org\",\"@graph\":[{\"@type\":\"Article\",\"@id\":\"https:\\\/\\\/www.cfjustice.org\\\/fr\\\/tunisie-le-comite-pour-la-justice-se-felicite-de-la-liberation-des-travailleurs-humanitaires-de-lorganisation-terre-dasile-apres-plus-de-vingt-mois-de-detention-arbitraire\\\/#article\",\"isPartOf\":{\"@id\":\"https:\\\/\\\/www.cfjustice.org\\\/fr\\\/tunisie-le-comite-pour-la-justice-se-felicite-de-la-liberation-des-travailleurs-humanitaires-de-lorganisation-terre-dasile-apres-plus-de-vingt-mois-de-detention-arbitraire\\\/\"},\"author\":{\"name\":\"mmurad\",\"@id\":\"https:\\\/\\\/www.cfjustice.org\\\/fr\\\/#\\\/schema\\\/person\\\/bb556c12ed41de17b43b26af15865af9\"},\"headline\":\"Tunisie : le Comit\u00e9 pour la justice se f\u00e9licite de la lib\u00e9ration des travailleurs humanitaires de l&rsquo;organisation \u00ab Terre d&rsquo;asile \u00bb apr\u00e8s plus de vingt mois de d\u00e9tention arbitraire.\u00a0\",\"datePublished\":\"2026-01-06T22:11:09+00:00\",\"mainEntityOfPage\":{\"@id\":\"https:\\\/\\\/www.cfjustice.org\\\/fr\\\/tunisie-le-comite-pour-la-justice-se-felicite-de-la-liberation-des-travailleurs-humanitaires-de-lorganisation-terre-dasile-apres-plus-de-vingt-mois-de-detention-arbitraire\\\/\"},\"wordCount\":833,\"publisher\":{\"@id\":\"https:\\\/\\\/www.cfjustice.org\\\/fr\\\/#organization\"},\"image\":{\"@id\":\"https:\\\/\\\/www.cfjustice.org\\\/fr\\\/tunisie-le-comite-pour-la-justice-se-felicite-de-la-liberation-des-travailleurs-humanitaires-de-lorganisation-terre-dasile-apres-plus-de-vingt-mois-de-detention-arbitraire\\\/#primaryimage\"},\"thumbnailUrl\":\"https:\\\/\\\/www.cfjustice.org\\\/wp-content\\\/uploads\\\/2025\\\/12\\\/ChatGPT-Image-Dec-1-2025-01_28_09-PM-e1764595962400.webp\",\"articleSection\":[\"Communiqu\u00e9s de presse\",\"Communiqu\u00e9s de presse du Projet Justice pour les d\u00e9fenseurs des droits humains\",\"Justice pour les d\u00e9fenseurs des droits humains\"],\"inLanguage\":\"fr-FR\"},{\"@type\":\"WebPage\",\"@id\":\"https:\\\/\\\/www.cfjustice.org\\\/fr\\\/tunisie-le-comite-pour-la-justice-se-felicite-de-la-liberation-des-travailleurs-humanitaires-de-lorganisation-terre-dasile-apres-plus-de-vingt-mois-de-detention-arbitraire\\\/\",\"url\":\"https:\\\/\\\/www.cfjustice.org\\\/fr\\\/tunisie-le-comite-pour-la-justice-se-felicite-de-la-liberation-des-travailleurs-humanitaires-de-lorganisation-terre-dasile-apres-plus-de-vingt-mois-de-detention-arbitraire\\\/\",\"name\":\"Tunisie : le Comit\u00e9 pour la justice se f\u00e9licite de la lib\u00e9ration des travailleurs humanitaires de l'organisation \u00ab Terre d'asile \u00bb apr\u00e8s plus de vingt mois de d\u00e9tention arbitraire.\u00a0 - Committee for Justice\",\"isPartOf\":{\"@id\":\"https:\\\/\\\/www.cfjustice.org\\\/fr\\\/#website\"},\"primaryImageOfPage\":{\"@id\":\"https:\\\/\\\/www.cfjustice.org\\\/fr\\\/tunisie-le-comite-pour-la-justice-se-felicite-de-la-liberation-des-travailleurs-humanitaires-de-lorganisation-terre-dasile-apres-plus-de-vingt-mois-de-detention-arbitraire\\\/#primaryimage\"},\"image\":{\"@id\":\"https:\\\/\\\/www.cfjustice.org\\\/fr\\\/tunisie-le-comite-pour-la-justice-se-felicite-de-la-liberation-des-travailleurs-humanitaires-de-lorganisation-terre-dasile-apres-plus-de-vingt-mois-de-detention-arbitraire\\\/#primaryimage\"},\"thumbnailUrl\":\"https:\\\/\\\/www.cfjustice.org\\\/wp-content\\\/uploads\\\/2025\\\/12\\\/ChatGPT-Image-Dec-1-2025-01_28_09-PM-e1764595962400.webp\",\"datePublished\":\"2026-01-06T22:11:09+00:00\",\"description\":\"Tunisie : le Comit\u00e9 pour la justice se f\u00e9licite de la lib\u00e9ration des travailleurs humanitaires de l'organisation \u00ab Terre d'asile \u00bb apr\u00e8s plus de vingt mois de d\u00e9tention arbitraire.\u00a0\",\"breadcrumb\":{\"@id\":\"https:\\\/\\\/www.cfjustice.org\\\/fr\\\/tunisie-le-comite-pour-la-justice-se-felicite-de-la-liberation-des-travailleurs-humanitaires-de-lorganisation-terre-dasile-apres-plus-de-vingt-mois-de-detention-arbitraire\\\/#breadcrumb\"},\"inLanguage\":\"fr-FR\",\"potentialAction\":[{\"@type\":\"ReadAction\",\"target\":[\"https:\\\/\\\/www.cfjustice.org\\\/fr\\\/tunisie-le-comite-pour-la-justice-se-felicite-de-la-liberation-des-travailleurs-humanitaires-de-lorganisation-terre-dasile-apres-plus-de-vingt-mois-de-detention-arbitraire\\\/\"]}]},{\"@type\":\"ImageObject\",\"inLanguage\":\"fr-FR\",\"@id\":\"https:\\\/\\\/www.cfjustice.org\\\/fr\\\/tunisie-le-comite-pour-la-justice-se-felicite-de-la-liberation-des-travailleurs-humanitaires-de-lorganisation-terre-dasile-apres-plus-de-vingt-mois-de-detention-arbitraire\\\/#primaryimage\",\"url\":\"https:\\\/\\\/www.cfjustice.org\\\/wp-content\\\/uploads\\\/2025\\\/12\\\/ChatGPT-Image-Dec-1-2025-01_28_09-PM-e1764595962400.webp\",\"contentUrl\":\"https:\\\/\\\/www.cfjustice.org\\\/wp-content\\\/uploads\\\/2025\\\/12\\\/ChatGPT-Image-Dec-1-2025-01_28_09-PM-e1764595962400.webp\",\"width\":1536,\"height\":1024,\"caption\":\"tunisia\"},{\"@type\":\"BreadcrumbList\",\"@id\":\"https:\\\/\\\/www.cfjustice.org\\\/fr\\\/tunisie-le-comite-pour-la-justice-se-felicite-de-la-liberation-des-travailleurs-humanitaires-de-lorganisation-terre-dasile-apres-plus-de-vingt-mois-de-detention-arbitraire\\\/#breadcrumb\",\"itemListElement\":[{\"@type\":\"ListItem\",\"position\":1,\"name\":\"Home\",\"item\":\"https:\\\/\\\/www.cfjustice.org\\\/fr\\\/\"},{\"@type\":\"ListItem\",\"position\":2,\"name\":\"Tunisie : le Comit\u00e9 pour la justice se f\u00e9licite de la lib\u00e9ration des travailleurs humanitaires de l&#8217;organisation \u00ab Terre d&#8217;asile \u00bb apr\u00e8s plus de vingt mois de d\u00e9tention arbitraire.\u00a0\"}]},{\"@type\":\"WebSite\",\"@id\":\"https:\\\/\\\/www.cfjustice.org\\\/fr\\\/#website\",\"url\":\"https:\\\/\\\/www.cfjustice.org\\\/fr\\\/\",\"name\":\"Committee for Justice\",\"description\":\"We are working to achieve justice\",\"publisher\":{\"@id\":\"https:\\\/\\\/www.cfjustice.org\\\/fr\\\/#organization\"},\"alternateName\":\"CFJ\",\"potentialAction\":[{\"@type\":\"SearchAction\",\"target\":{\"@type\":\"EntryPoint\",\"urlTemplate\":\"https:\\\/\\\/www.cfjustice.org\\\/fr\\\/?s={search_term_string}\"},\"query-input\":{\"@type\":\"PropertyValueSpecification\",\"valueRequired\":true,\"valueName\":\"search_term_string\"}}],\"inLanguage\":\"fr-FR\"},{\"@type\":\"Organization\",\"@id\":\"https:\\\/\\\/www.cfjustice.org\\\/fr\\\/#organization\",\"name\":\"Committee for Justice\",\"url\":\"https:\\\/\\\/www.cfjustice.org\\\/fr\\\/\",\"logo\":{\"@type\":\"ImageObject\",\"inLanguage\":\"fr-FR\",\"@id\":\"https:\\\/\\\/www.cfjustice.org\\\/fr\\\/#\\\/schema\\\/logo\\\/image\\\/\",\"url\":\"https:\\\/\\\/www.cfjustice.org\\\/wp-content\\\/uploads\\\/2023\\\/10\\\/logo-1.svg\",\"contentUrl\":\"https:\\\/\\\/www.cfjustice.org\\\/wp-content\\\/uploads\\\/2023\\\/10\\\/logo-1.svg\",\"width\":1,\"height\":1,\"caption\":\"Committee for Justice\"},\"image\":{\"@id\":\"https:\\\/\\\/www.cfjustice.org\\\/fr\\\/#\\\/schema\\\/logo\\\/image\\\/\"},\"sameAs\":[\"https:\\\/\\\/www.facebook.com\\\/cfjusticeorg\",\"https:\\\/\\\/x.com\\\/cfjusticeorg\",\"https:\\\/\\\/www.linkedin.com\\\/company\\\/cfjustice\\\/\",\"https:\\\/\\\/www.youtube.com\\\/channel\\\/UCQdBw5-F5Z80xtts8UqRRqQ\",\"https:\\\/\\\/www.instagram.com\\\/cfjusticeorg\"]},{\"@type\":\"Person\",\"@id\":\"https:\\\/\\\/www.cfjustice.org\\\/fr\\\/#\\\/schema\\\/person\\\/bb556c12ed41de17b43b26af15865af9\",\"name\":\"mmurad\",\"image\":{\"@type\":\"ImageObject\",\"inLanguage\":\"fr-FR\",\"@id\":\"https:\\\/\\\/secure.gravatar.com\\\/avatar\\\/b01b45168573d27abfd52e48a08122adff6e2dd698a45002db0e5b672be19a34?s=96&d=mm&r=g\",\"url\":\"https:\\\/\\\/secure.gravatar.com\\\/avatar\\\/b01b45168573d27abfd52e48a08122adff6e2dd698a45002db0e5b672be19a34?s=96&d=mm&r=g\",\"contentUrl\":\"https:\\\/\\\/secure.gravatar.com\\\/avatar\\\/b01b45168573d27abfd52e48a08122adff6e2dd698a45002db0e5b672be19a34?s=96&d=mm&r=g\",\"caption\":\"mmurad\"},\"url\":\"https:\\\/\\\/www.cfjustice.org\\\/fr\\\/author\\\/mmurad\\\/\"}]}<\/script>\n<!-- \/ Yoast SEO plugin. -->","yoast_head_json":{"title":"Tunisie : le Comit\u00e9 pour la justice se f\u00e9licite de la lib\u00e9ration des travailleurs humanitaires de l'organisation \u00ab Terre d'asile \u00bb apr\u00e8s plus de vingt mois de d\u00e9tention arbitraire.\u00a0 - Committee for Justice","description":"Tunisie : le Comit\u00e9 pour la justice se f\u00e9licite de la lib\u00e9ration des travailleurs humanitaires de l'organisation \u00ab Terre d'asile \u00bb apr\u00e8s plus de vingt mois de d\u00e9tention arbitraire.\u00a0","robots":{"index":"index","follow":"follow","max-snippet":"max-snippet:-1","max-image-preview":"max-image-preview:large","max-video-preview":"max-video-preview:-1"},"canonical":"https:\/\/www.cfjustice.org\/fr\/tunisie-le-comite-pour-la-justice-se-felicite-de-la-liberation-des-travailleurs-humanitaires-de-lorganisation-terre-dasile-apres-plus-de-vingt-mois-de-detention-arbitraire\/","og_locale":"fr_FR","og_type":"article","og_title":"Tunisie : le Comit\u00e9 pour la justice se f\u00e9licite de la lib\u00e9ration des travailleurs humanitaires de l'organisation \u00ab Terre d'asile \u00bb apr\u00e8s plus de vingt mois de d\u00e9tention arbitraire.\u00a0 - Committee for Justice","og_description":"Tunisie : le Comit\u00e9 pour la justice se f\u00e9licite de la lib\u00e9ration des travailleurs humanitaires de l'organisation \u00ab Terre d'asile \u00bb apr\u00e8s plus de vingt mois de d\u00e9tention arbitraire.\u00a0","og_url":"https:\/\/www.cfjustice.org\/fr\/tunisie-le-comite-pour-la-justice-se-felicite-de-la-liberation-des-travailleurs-humanitaires-de-lorganisation-terre-dasile-apres-plus-de-vingt-mois-de-detention-arbitraire\/","og_site_name":"Committee for Justice","article_publisher":"https:\/\/www.facebook.com\/cfjusticeorg","article_published_time":"2026-01-06T22:11:09+00:00","og_image":[{"width":1536,"height":1024,"url":"https:\/\/www.cfjustice.org\/wp-content\/uploads\/2025\/12\/ChatGPT-Image-Dec-1-2025-01_28_09-PM-e1764595962400.webp","type":"image\/png"}],"author":"mmurad","twitter_card":"summary_large_image","twitter_creator":"@cfjusticeorg","twitter_site":"@cfjusticeorg","twitter_misc":{"\u00c9crit par":"mmurad","Dur\u00e9e de lecture estim\u00e9e":"4 minutes"},"schema":{"@context":"https:\/\/schema.org","@graph":[{"@type":"Article","@id":"https:\/\/www.cfjustice.org\/fr\/tunisie-le-comite-pour-la-justice-se-felicite-de-la-liberation-des-travailleurs-humanitaires-de-lorganisation-terre-dasile-apres-plus-de-vingt-mois-de-detention-arbitraire\/#article","isPartOf":{"@id":"https:\/\/www.cfjustice.org\/fr\/tunisie-le-comite-pour-la-justice-se-felicite-de-la-liberation-des-travailleurs-humanitaires-de-lorganisation-terre-dasile-apres-plus-de-vingt-mois-de-detention-arbitraire\/"},"author":{"name":"mmurad","@id":"https:\/\/www.cfjustice.org\/fr\/#\/schema\/person\/bb556c12ed41de17b43b26af15865af9"},"headline":"Tunisie : le Comit\u00e9 pour la justice se f\u00e9licite de la lib\u00e9ration des travailleurs humanitaires de l&rsquo;organisation \u00ab Terre d&rsquo;asile \u00bb apr\u00e8s plus de vingt mois de d\u00e9tention arbitraire.\u00a0","datePublished":"2026-01-06T22:11:09+00:00","mainEntityOfPage":{"@id":"https:\/\/www.cfjustice.org\/fr\/tunisie-le-comite-pour-la-justice-se-felicite-de-la-liberation-des-travailleurs-humanitaires-de-lorganisation-terre-dasile-apres-plus-de-vingt-mois-de-detention-arbitraire\/"},"wordCount":833,"publisher":{"@id":"https:\/\/www.cfjustice.org\/fr\/#organization"},"image":{"@id":"https:\/\/www.cfjustice.org\/fr\/tunisie-le-comite-pour-la-justice-se-felicite-de-la-liberation-des-travailleurs-humanitaires-de-lorganisation-terre-dasile-apres-plus-de-vingt-mois-de-detention-arbitraire\/#primaryimage"},"thumbnailUrl":"https:\/\/www.cfjustice.org\/wp-content\/uploads\/2025\/12\/ChatGPT-Image-Dec-1-2025-01_28_09-PM-e1764595962400.webp","articleSection":["Communiqu\u00e9s de presse","Communiqu\u00e9s de presse du Projet Justice pour les d\u00e9fenseurs des droits humains","Justice pour les d\u00e9fenseurs des droits humains"],"inLanguage":"fr-FR"},{"@type":"WebPage","@id":"https:\/\/www.cfjustice.org\/fr\/tunisie-le-comite-pour-la-justice-se-felicite-de-la-liberation-des-travailleurs-humanitaires-de-lorganisation-terre-dasile-apres-plus-de-vingt-mois-de-detention-arbitraire\/","url":"https:\/\/www.cfjustice.org\/fr\/tunisie-le-comite-pour-la-justice-se-felicite-de-la-liberation-des-travailleurs-humanitaires-de-lorganisation-terre-dasile-apres-plus-de-vingt-mois-de-detention-arbitraire\/","name":"Tunisie : le Comit\u00e9 pour la justice se f\u00e9licite de la lib\u00e9ration des travailleurs humanitaires de l'organisation \u00ab Terre d'asile \u00bb apr\u00e8s plus de vingt mois de d\u00e9tention arbitraire.\u00a0 - Committee for Justice","isPartOf":{"@id":"https:\/\/www.cfjustice.org\/fr\/#website"},"primaryImageOfPage":{"@id":"https:\/\/www.cfjustice.org\/fr\/tunisie-le-comite-pour-la-justice-se-felicite-de-la-liberation-des-travailleurs-humanitaires-de-lorganisation-terre-dasile-apres-plus-de-vingt-mois-de-detention-arbitraire\/#primaryimage"},"image":{"@id":"https:\/\/www.cfjustice.org\/fr\/tunisie-le-comite-pour-la-justice-se-felicite-de-la-liberation-des-travailleurs-humanitaires-de-lorganisation-terre-dasile-apres-plus-de-vingt-mois-de-detention-arbitraire\/#primaryimage"},"thumbnailUrl":"https:\/\/www.cfjustice.org\/wp-content\/uploads\/2025\/12\/ChatGPT-Image-Dec-1-2025-01_28_09-PM-e1764595962400.webp","datePublished":"2026-01-06T22:11:09+00:00","description":"Tunisie : le Comit\u00e9 pour la justice se f\u00e9licite de la lib\u00e9ration des travailleurs humanitaires de l'organisation \u00ab Terre d'asile \u00bb apr\u00e8s plus de vingt mois de d\u00e9tention arbitraire.\u00a0","breadcrumb":{"@id":"https:\/\/www.cfjustice.org\/fr\/tunisie-le-comite-pour-la-justice-se-felicite-de-la-liberation-des-travailleurs-humanitaires-de-lorganisation-terre-dasile-apres-plus-de-vingt-mois-de-detention-arbitraire\/#breadcrumb"},"inLanguage":"fr-FR","potentialAction":[{"@type":"ReadAction","target":["https:\/\/www.cfjustice.org\/fr\/tunisie-le-comite-pour-la-justice-se-felicite-de-la-liberation-des-travailleurs-humanitaires-de-lorganisation-terre-dasile-apres-plus-de-vingt-mois-de-detention-arbitraire\/"]}]},{"@type":"ImageObject","inLanguage":"fr-FR","@id":"https:\/\/www.cfjustice.org\/fr\/tunisie-le-comite-pour-la-justice-se-felicite-de-la-liberation-des-travailleurs-humanitaires-de-lorganisation-terre-dasile-apres-plus-de-vingt-mois-de-detention-arbitraire\/#primaryimage","url":"https:\/\/www.cfjustice.org\/wp-content\/uploads\/2025\/12\/ChatGPT-Image-Dec-1-2025-01_28_09-PM-e1764595962400.webp","contentUrl":"https:\/\/www.cfjustice.org\/wp-content\/uploads\/2025\/12\/ChatGPT-Image-Dec-1-2025-01_28_09-PM-e1764595962400.webp","width":1536,"height":1024,"caption":"tunisia"},{"@type":"BreadcrumbList","@id":"https:\/\/www.cfjustice.org\/fr\/tunisie-le-comite-pour-la-justice-se-felicite-de-la-liberation-des-travailleurs-humanitaires-de-lorganisation-terre-dasile-apres-plus-de-vingt-mois-de-detention-arbitraire\/#breadcrumb","itemListElement":[{"@type":"ListItem","position":1,"name":"Home","item":"https:\/\/www.cfjustice.org\/fr\/"},{"@type":"ListItem","position":2,"name":"Tunisie : le Comit\u00e9 pour la justice se f\u00e9licite de la lib\u00e9ration des travailleurs humanitaires de l&#8217;organisation \u00ab Terre d&#8217;asile \u00bb apr\u00e8s plus de vingt mois de d\u00e9tention arbitraire.\u00a0"}]},{"@type":"WebSite","@id":"https:\/\/www.cfjustice.org\/fr\/#website","url":"https:\/\/www.cfjustice.org\/fr\/","name":"Committee for Justice","description":"We are working to achieve justice","publisher":{"@id":"https:\/\/www.cfjustice.org\/fr\/#organization"},"alternateName":"CFJ","potentialAction":[{"@type":"SearchAction","target":{"@type":"EntryPoint","urlTemplate":"https:\/\/www.cfjustice.org\/fr\/?s={search_term_string}"},"query-input":{"@type":"PropertyValueSpecification","valueRequired":true,"valueName":"search_term_string"}}],"inLanguage":"fr-FR"},{"@type":"Organization","@id":"https:\/\/www.cfjustice.org\/fr\/#organization","name":"Committee for Justice","url":"https:\/\/www.cfjustice.org\/fr\/","logo":{"@type":"ImageObject","inLanguage":"fr-FR","@id":"https:\/\/www.cfjustice.org\/fr\/#\/schema\/logo\/image\/","url":"https:\/\/www.cfjustice.org\/wp-content\/uploads\/2023\/10\/logo-1.svg","contentUrl":"https:\/\/www.cfjustice.org\/wp-content\/uploads\/2023\/10\/logo-1.svg","width":1,"height":1,"caption":"Committee for Justice"},"image":{"@id":"https:\/\/www.cfjustice.org\/fr\/#\/schema\/logo\/image\/"},"sameAs":["https:\/\/www.facebook.com\/cfjusticeorg","https:\/\/x.com\/cfjusticeorg","https:\/\/www.linkedin.com\/company\/cfjustice\/","https:\/\/www.youtube.com\/channel\/UCQdBw5-F5Z80xtts8UqRRqQ","https:\/\/www.instagram.com\/cfjusticeorg"]},{"@type":"Person","@id":"https:\/\/www.cfjustice.org\/fr\/#\/schema\/person\/bb556c12ed41de17b43b26af15865af9","name":"mmurad","image":{"@type":"ImageObject","inLanguage":"fr-FR","@id":"https:\/\/secure.gravatar.com\/avatar\/b01b45168573d27abfd52e48a08122adff6e2dd698a45002db0e5b672be19a34?s=96&d=mm&r=g","url":"https:\/\/secure.gravatar.com\/avatar\/b01b45168573d27abfd52e48a08122adff6e2dd698a45002db0e5b672be19a34?s=96&d=mm&r=g","contentUrl":"https:\/\/secure.gravatar.com\/avatar\/b01b45168573d27abfd52e48a08122adff6e2dd698a45002db0e5b672be19a34?s=96&d=mm&r=g","caption":"mmurad"},"url":"https:\/\/www.cfjustice.org\/fr\/author\/mmurad\/"}]}},"_links":{"self":[{"href":"https:\/\/www.cfjustice.org\/fr\/wp-json\/wp\/v2\/posts\/52789","targetHints":{"allow":["GET"]}}],"collection":[{"href":"https:\/\/www.cfjustice.org\/fr\/wp-json\/wp\/v2\/posts"}],"about":[{"href":"https:\/\/www.cfjustice.org\/fr\/wp-json\/wp\/v2\/types\/post"}],"author":[{"embeddable":true,"href":"https:\/\/www.cfjustice.org\/fr\/wp-json\/wp\/v2\/users\/962"}],"replies":[{"embeddable":true,"href":"https:\/\/www.cfjustice.org\/fr\/wp-json\/wp\/v2\/comments?post=52789"}],"version-history":[{"count":0,"href":"https:\/\/www.cfjustice.org\/fr\/wp-json\/wp\/v2\/posts\/52789\/revisions"}],"wp:featuredmedia":[{"embeddable":true,"href":"https:\/\/www.cfjustice.org\/fr\/wp-json\/wp\/v2\/media\/52405"}],"wp:attachment":[{"href":"https:\/\/www.cfjustice.org\/fr\/wp-json\/wp\/v2\/media?parent=52789"}],"wp:term":[{"taxonomy":"category","embeddable":true,"href":"https:\/\/www.cfjustice.org\/fr\/wp-json\/wp\/v2\/categories?post=52789"},{"taxonomy":"post_tag","embeddable":true,"href":"https:\/\/www.cfjustice.org\/fr\/wp-json\/wp\/v2\/tags?post=52789"},{"taxonomy":"countries","embeddable":true,"href":"https:\/\/www.cfjustice.org\/fr\/wp-json\/wp\/v2\/countries?post=52789"},{"taxonomy":"cases","embeddable":true,"href":"https:\/\/www.cfjustice.org\/fr\/wp-json\/wp\/v2\/cases?post=52789"},{"taxonomy":"writer","embeddable":true,"href":"https:\/\/www.cfjustice.org\/fr\/wp-json\/wp\/v2\/writer?post=52789"},{"taxonomy":"coalitions","embeddable":true,"href":"https:\/\/www.cfjustice.org\/fr\/wp-json\/wp\/v2\/coalitions?post=52789"}],"curies":[{"name":"wp","href":"https:\/\/api.w.org\/{rel}","templated":true}]}}