{"id":52726,"date":"2025-12-31T15:02:46","date_gmt":"2025-12-31T14:02:46","guid":{"rendered":"https:\/\/www.cfjustice.org\/declaration-sur-les-defis-croissants-auxquels-fait-face-le-committee-for-justice-et-la-restructuration-de-certains-de-ses-programmes\/"},"modified":"2025-12-31T15:02:46","modified_gmt":"2025-12-31T14:02:46","slug":"declaration-sur-les-defis-croissants-auxquels-fait-face-le-committee-for-justice-et-la-restructuration-de-certains-de-ses-programmes","status":"publish","type":"post","link":"https:\/\/www.cfjustice.org\/fr\/declaration-sur-les-defis-croissants-auxquels-fait-face-le-committee-for-justice-et-la-restructuration-de-certains-de-ses-programmes\/","title":{"rendered":"D\u00e9claration sur les d\u00e9fis croissants auxquels fait face le Committee for Justice et la restructuration de certains de ses programmes"},"content":{"rendered":"<div class=\"x_elementToProof\"><i>Committee for Justice (CFJ)<\/i><br \/>\nGen\u00e8ve \u2013 d\u00e9cembre 2025<\/div>\n<div class=\"x_elementToProof\">Dans un contexte de transformations rapides du paysage des droits humains dans la r\u00e9gion \u2013 marqu\u00e9 par la r\u00e9duction de l\u2019espace civique et par des changements constants dans les modalit\u00e9s et les priorit\u00e9s de financement du travail en faveur des droits humains \u2013 le\u00a0Committee for Justice (CFJ), comme de nombreuses organisations ind\u00e9pendantes de d\u00e9fense des droits humains, est confront\u00e9 \u00e0 une s\u00e9rie de d\u00e9fis croissants. Ces d\u00e9fis ont affect\u00e9 sa capacit\u00e9 \u00e0 maintenir certains programmes et projets dans leur format initial, et ont rendu n\u00e9cessaire une r\u00e9\u00e9valuation de ses priorit\u00e9s strat\u00e9giques afin de pr\u00e9server la continuit\u00e9 de son travail central en mati\u00e8re de documentation, de reddition de comptes et de soutien aux victimes.<\/div>\n<div class=\"x_elementToProof\">Dans ce contexte, le CFJ a \u00e9t\u00e9 contraint de\u00a0fermer ou de suspendre plusieurs projets\u00a0men\u00e9s ces derni\u00e8res ann\u00e9es, parmi lesquels son\u00a0projet sur les droits des travailleurs et les conditions de travail en \u00c9gypte. Ce projet a jou\u00e9 un r\u00f4le important dans la documentation des violations commises \u00e0 l\u2019encontre des travailleurs et des travailleuses, en particulier dans des environnements marqu\u00e9s par une forte pr\u00e9carit\u00e9 et un haut niveau de r\u00e9pression. La d\u00e9cision de l\u2019interrompre, dans sa forme pr\u00e9c\u00e9dente, r\u00e9sulte de plusieurs facteurs interd\u00e9pendants, notamment :<\/div>\n<ul>\n<li class=\"x_elementToProof\">le durcissement de l\u2019espace juridique et op\u00e9rationnel pour le travail ind\u00e9pendant de d\u00e9fense des droits humains en \u00c9gypte et dans la r\u00e9gion ;<\/li>\n<li class=\"x_elementToProof\">des pr\u00e9occupations li\u00e9es \u00e0 la s\u00e9curit\u00e9 et \u00e0 la protection des partenaires, des b\u00e9n\u00e9ficiaires et des \u00e9quipes de terrain ;<\/li>\n<li class=\"x_elementToProof\">l\u2019\u00e9volution des priorit\u00e9s de certains bailleurs, qui a entra\u00een\u00e9 des d\u00e9ficits de financement et impos\u00e9 une redistribution difficile de ressources limit\u00e9es ;<\/li>\n<li class=\"x_elementToProof\">la n\u00e9cessit\u00e9 de concentrer les efforts sur d\u2019autres axes strat\u00e9giques, tels que la documentation globale des violations graves et le travail renforc\u00e9 avec les m\u00e9canismes africains et onusiens de reddition de comptes.<\/li>\n<\/ul>\n<div class=\"x_elementToProof\">\u00c0 cet \u00e9gard, le Committee for Justice souhaite souligner les points suivants :<\/div>\n<ol start=\"1\" data-editing-info=\"{&quot;orderedStyleType&quot;:1}\">\n<li class=\"x_elementToProof\">La fermeture ou la suspension d\u2019un projet ne signifie pas l\u2019abandon de la cause qu\u2019il porte.\u00a0Il s\u2019agit d\u2019une r\u00e9organisation des ressources et des capacit\u00e9s. Le CFJ s\u2019efforcera de pr\u00e9server, chaque fois que possible, des composantes essentielles de recherche et de documentation au sein de ses dossiers prioritaires, y compris ceux relatifs aux droits \u00e9conomiques et sociaux et \u00e0 la situation des travailleurs et des formes de travail pr\u00e9caires.<\/li>\n<li class=\"x_elementToProof\">L\u2019ensemble des informations et des donn\u00e9es recueillies dans le cadre du projet sur les droits des travailleurs en \u00c9gypte demeure une partie int\u00e9grante de la base de connaissances du CFJ.\u00a0Ces mat\u00e9riaux continueront d\u2019alimenter les rapports, analyses juridiques, interventions de plaidoyer et soumissions aux m\u00e9canismes internationaux et r\u00e9gionaux, lorsque les conditions le permettent et dans le plein respect de la s\u00e9curit\u00e9 des victimes, des t\u00e9moins et des sources.<\/li>\n<li class=\"x_elementToProof\">Dans les limites impos\u00e9es par les contraintes s\u00e9curitaires et les ressources disponibles, le CFJ continuera d\u2019int\u00e9grer les questions li\u00e9es aux travailleurs et aux droits \u00e9conomiques et sociaux dans son travail plus large, notamment \u00e0 travers :\n<ul>\n<li class=\"x_elementToProof\">le suivi et la documentation continus via ses plateformes et outils ;<\/li>\n<li class=\"x_elementToProof\">des m\u00e9morandums juridiques et rapports adress\u00e9s aux m\u00e9canismes des Nations Unies et aux m\u00e9canismes africains ;<\/li>\n<li class=\"x_elementToProof\">des actions de plaidoyer men\u00e9es avec des partenaires locaux, r\u00e9gionaux et internationaux.<\/li>\n<\/ul>\n<\/li>\n<li class=\"x_elementToProof\">Les pressions financi\u00e8res, administratives et s\u00e9curitaires auxquelles sont confront\u00e9es les organisations ind\u00e9pendantes de d\u00e9fense des droits humains ne sont pas un probl\u00e8me interne isol\u00e9.\u00a0Elles font partie d\u2019une offensive plus large contre les droits humains dans la r\u00e9gion, visant \u00e0 ass\u00e9cher les sources de soutien de la soci\u00e9t\u00e9 civile et \u00e0 affaiblir sa capacit\u00e9 \u00e0 poursuivre son travail \u2013 en particulier dans des domaines sensibles tels que les droits des travailleurs, les droits \u00e9conomiques et les libert\u00e9s publiques.<\/li>\n<\/ol>\n<div class=\"x_elementToProof\">Parall\u00e8lement, le Committee for Justice travaille \u00e0 :<\/div>\n<ul>\n<li class=\"x_elementToProof\">\u00e9laborer une\u00a0strat\u00e9gie \u00e0 moyen terme\u00a0pour restructurer ses programmes de mani\u00e8re \u00e0 pr\u00e9server le c\u0153ur de son action en mati\u00e8re de documentation et de reddition de comptes, tout en maintenant \u2013 autant que possible \u2013 une approche int\u00e9gr\u00e9e liant droits civils et politiques d\u2019une part, et droits \u00e9conomiques et sociaux d\u2019autre part ;<\/li>\n<li class=\"x_elementToProof\">explorer de\u00a0nouveaux partenariats et coalitions\u00a0susceptibles de permettre, \u00e0 l\u2019avenir, la reprise ou le red\u00e9ploiement de certaines composantes affect\u00e9es, dans le respect de l\u2019ind\u00e9pendance, de la transparence et de l\u2019approche fond\u00e9e sur les droits humains du CFJ ;<\/li>\n<li class=\"x_elementToProof\">poursuivre un\u00a0plaidoyer public actif\u00a0sur l\u2019impact de la r\u00e9pression visant les organisations de d\u00e9fense des droits humains, ainsi que sur les effets des changements de priorit\u00e9s de financement sur la protection des victimes et des groupes les plus marginalis\u00e9s.<\/li>\n<\/ul>\n<div class=\"x_elementToProof\">En partageant ces \u00e9l\u00e9ments avec ses partenaires et l\u2019opinion publique, le Committee for Justice :<\/div>\n<ul>\n<li class=\"x_elementToProof\">r\u00e9affirme son engagement de principe envers les victimes et les groupes marginalis\u00e9s, y compris les travailleurs et travailleuses\u00a0qui continuent de subir de graves violations en l\u2019absence de recours nationaux effectifs ;<\/li>\n<li class=\"x_elementToProof\">souligne qu\u2019il continuera, autant que possible dans le cadre des contraintes existantes, \u00e0 maintenir\u00a0les droits des travailleurs et les droits \u00e9conomiques et sociaux\u00a0au c\u0153ur de son agenda de recherche, de documentation et de plaidoyer aupr\u00e8s des m\u00e9canismes internationaux et r\u00e9gionaux ;<\/li>\n<li class=\"x_elementToProof\">et appelle ses partenaires, soutiens et toutes les personnes et institutions concern\u00e9es par la d\u00e9fense des droits humains \u00e0\u00a0poursuivre et approfondir la solidarit\u00e9 et la coop\u00e9ration\u00a0face \u00e0 ces d\u00e9fis structurels, afin que la voix des victimes reste audible et que la lutte pour la justice et contre l\u2019impunit\u00e9 puisse se poursuivre.<\/li>\n<\/ul>\n","protected":false},"excerpt":{"rendered":"<p>Committee for Justice (CFJ) Gen\u00e8ve \u2013 d\u00e9cembre 2025 Dans un contexte de transformations rapides du paysage des droits humains dans la r\u00e9gion \u2013 marqu\u00e9 par la r\u00e9duction de l\u2019espace civique [&hellip;]<\/p>\n","protected":false},"author":962,"featured_media":52721,"comment_status":"closed","ping_status":"closed","sticky":false,"template":"","format":"standard","meta":{"_monsterinsights_skip_tracking":false,"_monsterinsights_sitenote_active":false,"_monsterinsights_sitenote_note":"","_monsterinsights_sitenote_category":0,"_price":"","_stock":"","_tribe_ticket_header":"","_tribe_default_ticket_provider":"","_tribe_ticket_capacity":"0","_ticket_start_date":"","_ticket_end_date":"","_tribe_ticket_show_description":"","_tribe_ticket_show_not_going":false,"_tribe_ticket_use_global_stock":"","_tribe_ticket_global_stock_level":"","_global_stock_mode":"","_global_stock_cap":"","_tribe_rsvp_for_event":"","_tribe_ticket_going_count":"","_tribe_ticket_not_going_count":"","_tribe_tickets_list":"[]","_tribe_ticket_has_attendee_info_fields":false,"footnotes":""},"categories":[1026,1020,1025],"tags":[],"countries":[827],"cases":[],"writer":[],"coalitions":[],"class_list":["post-52726","post","type-post","status-publish","format-standard","has-post-thumbnail","hentry","category-actualites-du-labor-justice-project","category-communiques-de-presse","category-justice-du-travail","countries-egypte","has-post-title","has-post-date","has-post-category","has-post-tag","has-post-comment","has-post-author",""],"yoast_head":"<!-- This site is optimized with the Yoast SEO plugin v27.4 - https:\/\/yoast.com\/product\/yoast-seo-wordpress\/ -->\n<title>D\u00e9claration sur les d\u00e9fis croissants auxquels fait face le Committee for Justice et la restructuration de certains de ses programmes - Committee for Justice<\/title>\n<meta name=\"description\" content=\"D\u00e9claration sur les d\u00e9fis croissants auxquels fait face le Committee for Justice et la restructuration de certains de ses programmes\" \/>\n<meta name=\"robots\" content=\"index, follow, max-snippet:-1, max-image-preview:large, max-video-preview:-1\" \/>\n<link rel=\"canonical\" href=\"https:\/\/www.cfjustice.org\/fr\/declaration-sur-les-defis-croissants-auxquels-fait-face-le-committee-for-justice-et-la-restructuration-de-certains-de-ses-programmes\/\" \/>\n<meta property=\"og:locale\" content=\"fr_FR\" \/>\n<meta property=\"og:type\" content=\"article\" \/>\n<meta property=\"og:title\" content=\"D\u00e9claration sur les d\u00e9fis croissants auxquels fait face le Committee for Justice et la restructuration de certains de ses programmes - Committee for Justice\" \/>\n<meta property=\"og:description\" content=\"D\u00e9claration sur les d\u00e9fis croissants auxquels fait face le Committee for Justice et la restructuration de certains de ses programmes\" \/>\n<meta property=\"og:url\" content=\"https:\/\/www.cfjustice.org\/fr\/declaration-sur-les-defis-croissants-auxquels-fait-face-le-committee-for-justice-et-la-restructuration-de-certains-de-ses-programmes\/\" \/>\n<meta property=\"og:site_name\" content=\"Committee for Justice\" \/>\n<meta property=\"article:publisher\" content=\"https:\/\/www.facebook.com\/cfjusticeorg\" \/>\n<meta property=\"article:published_time\" content=\"2025-12-31T14:02:46+00:00\" \/>\n<meta property=\"og:image\" content=\"https:\/\/www.cfjustice.org\/wp-content\/uploads\/2025\/12\/cfj.webp\" \/>\n\t<meta property=\"og:image:width\" content=\"1200\" \/>\n\t<meta property=\"og:image:height\" content=\"675\" \/>\n\t<meta property=\"og:image:type\" content=\"image\/jpeg\" \/>\n<meta name=\"author\" content=\"mmurad\" \/>\n<meta name=\"twitter:card\" content=\"summary_large_image\" \/>\n<meta name=\"twitter:creator\" content=\"@cfjusticeorg\" \/>\n<meta name=\"twitter:site\" content=\"@cfjusticeorg\" \/>\n<meta name=\"twitter:label1\" content=\"\u00c9crit par\" \/>\n\t<meta name=\"twitter:data1\" content=\"mmurad\" \/>\n\t<meta name=\"twitter:label2\" content=\"Dur\u00e9e de lecture estim\u00e9e\" \/>\n\t<meta name=\"twitter:data2\" content=\"5 minutes\" \/>\n<script type=\"application\/ld+json\" class=\"yoast-schema-graph\">{\"@context\":\"https:\\\/\\\/schema.org\",\"@graph\":[{\"@type\":\"Article\",\"@id\":\"https:\\\/\\\/www.cfjustice.org\\\/fr\\\/declaration-sur-les-defis-croissants-auxquels-fait-face-le-committee-for-justice-et-la-restructuration-de-certains-de-ses-programmes\\\/#article\",\"isPartOf\":{\"@id\":\"https:\\\/\\\/www.cfjustice.org\\\/fr\\\/declaration-sur-les-defis-croissants-auxquels-fait-face-le-committee-for-justice-et-la-restructuration-de-certains-de-ses-programmes\\\/\"},\"author\":{\"name\":\"mmurad\",\"@id\":\"https:\\\/\\\/www.cfjustice.org\\\/fr\\\/#\\\/schema\\\/person\\\/bb556c12ed41de17b43b26af15865af9\"},\"headline\":\"D\u00e9claration sur les d\u00e9fis croissants auxquels fait face le Committee for Justice et la restructuration de certains de ses programmes\",\"datePublished\":\"2025-12-31T14:02:46+00:00\",\"mainEntityOfPage\":{\"@id\":\"https:\\\/\\\/www.cfjustice.org\\\/fr\\\/declaration-sur-les-defis-croissants-auxquels-fait-face-le-committee-for-justice-et-la-restructuration-de-certains-de-ses-programmes\\\/\"},\"wordCount\":1005,\"publisher\":{\"@id\":\"https:\\\/\\\/www.cfjustice.org\\\/fr\\\/#organization\"},\"image\":{\"@id\":\"https:\\\/\\\/www.cfjustice.org\\\/fr\\\/declaration-sur-les-defis-croissants-auxquels-fait-face-le-committee-for-justice-et-la-restructuration-de-certains-de-ses-programmes\\\/#primaryimage\"},\"thumbnailUrl\":\"https:\\\/\\\/www.cfjustice.org\\\/wp-content\\\/uploads\\\/2025\\\/12\\\/cfj.webp\",\"articleSection\":[\"Actualit\u00e9s du Labor Justice Project\",\"Communiqu\u00e9s de presse\",\"Justice du travail\"],\"inLanguage\":\"fr-FR\"},{\"@type\":\"WebPage\",\"@id\":\"https:\\\/\\\/www.cfjustice.org\\\/fr\\\/declaration-sur-les-defis-croissants-auxquels-fait-face-le-committee-for-justice-et-la-restructuration-de-certains-de-ses-programmes\\\/\",\"url\":\"https:\\\/\\\/www.cfjustice.org\\\/fr\\\/declaration-sur-les-defis-croissants-auxquels-fait-face-le-committee-for-justice-et-la-restructuration-de-certains-de-ses-programmes\\\/\",\"name\":\"D\u00e9claration sur les d\u00e9fis croissants auxquels fait face le Committee for Justice et la restructuration de certains de ses programmes - Committee for Justice\",\"isPartOf\":{\"@id\":\"https:\\\/\\\/www.cfjustice.org\\\/fr\\\/#website\"},\"primaryImageOfPage\":{\"@id\":\"https:\\\/\\\/www.cfjustice.org\\\/fr\\\/declaration-sur-les-defis-croissants-auxquels-fait-face-le-committee-for-justice-et-la-restructuration-de-certains-de-ses-programmes\\\/#primaryimage\"},\"image\":{\"@id\":\"https:\\\/\\\/www.cfjustice.org\\\/fr\\\/declaration-sur-les-defis-croissants-auxquels-fait-face-le-committee-for-justice-et-la-restructuration-de-certains-de-ses-programmes\\\/#primaryimage\"},\"thumbnailUrl\":\"https:\\\/\\\/www.cfjustice.org\\\/wp-content\\\/uploads\\\/2025\\\/12\\\/cfj.webp\",\"datePublished\":\"2025-12-31T14:02:46+00:00\",\"description\":\"D\u00e9claration sur les d\u00e9fis croissants auxquels fait face le Committee for Justice et la restructuration de certains de ses programmes\",\"breadcrumb\":{\"@id\":\"https:\\\/\\\/www.cfjustice.org\\\/fr\\\/declaration-sur-les-defis-croissants-auxquels-fait-face-le-committee-for-justice-et-la-restructuration-de-certains-de-ses-programmes\\\/#breadcrumb\"},\"inLanguage\":\"fr-FR\",\"potentialAction\":[{\"@type\":\"ReadAction\",\"target\":[\"https:\\\/\\\/www.cfjustice.org\\\/fr\\\/declaration-sur-les-defis-croissants-auxquels-fait-face-le-committee-for-justice-et-la-restructuration-de-certains-de-ses-programmes\\\/\"]}]},{\"@type\":\"ImageObject\",\"inLanguage\":\"fr-FR\",\"@id\":\"https:\\\/\\\/www.cfjustice.org\\\/fr\\\/declaration-sur-les-defis-croissants-auxquels-fait-face-le-committee-for-justice-et-la-restructuration-de-certains-de-ses-programmes\\\/#primaryimage\",\"url\":\"https:\\\/\\\/www.cfjustice.org\\\/wp-content\\\/uploads\\\/2025\\\/12\\\/cfj.webp\",\"contentUrl\":\"https:\\\/\\\/www.cfjustice.org\\\/wp-content\\\/uploads\\\/2025\\\/12\\\/cfj.webp\",\"width\":1200,\"height\":675},{\"@type\":\"BreadcrumbList\",\"@id\":\"https:\\\/\\\/www.cfjustice.org\\\/fr\\\/declaration-sur-les-defis-croissants-auxquels-fait-face-le-committee-for-justice-et-la-restructuration-de-certains-de-ses-programmes\\\/#breadcrumb\",\"itemListElement\":[{\"@type\":\"ListItem\",\"position\":1,\"name\":\"Home\",\"item\":\"https:\\\/\\\/www.cfjustice.org\\\/fr\\\/\"},{\"@type\":\"ListItem\",\"position\":2,\"name\":\"D\u00e9claration sur les d\u00e9fis croissants auxquels fait face le Committee for Justice et la restructuration de certains de ses programmes\"}]},{\"@type\":\"WebSite\",\"@id\":\"https:\\\/\\\/www.cfjustice.org\\\/fr\\\/#website\",\"url\":\"https:\\\/\\\/www.cfjustice.org\\\/fr\\\/\",\"name\":\"Committee for Justice\",\"description\":\"We are working to achieve justice\",\"publisher\":{\"@id\":\"https:\\\/\\\/www.cfjustice.org\\\/fr\\\/#organization\"},\"alternateName\":\"CFJ\",\"potentialAction\":[{\"@type\":\"SearchAction\",\"target\":{\"@type\":\"EntryPoint\",\"urlTemplate\":\"https:\\\/\\\/www.cfjustice.org\\\/fr\\\/?s={search_term_string}\"},\"query-input\":{\"@type\":\"PropertyValueSpecification\",\"valueRequired\":true,\"valueName\":\"search_term_string\"}}],\"inLanguage\":\"fr-FR\"},{\"@type\":\"Organization\",\"@id\":\"https:\\\/\\\/www.cfjustice.org\\\/fr\\\/#organization\",\"name\":\"Committee for Justice\",\"url\":\"https:\\\/\\\/www.cfjustice.org\\\/fr\\\/\",\"logo\":{\"@type\":\"ImageObject\",\"inLanguage\":\"fr-FR\",\"@id\":\"https:\\\/\\\/www.cfjustice.org\\\/fr\\\/#\\\/schema\\\/logo\\\/image\\\/\",\"url\":\"https:\\\/\\\/www.cfjustice.org\\\/wp-content\\\/uploads\\\/2023\\\/10\\\/logo-1.svg\",\"contentUrl\":\"https:\\\/\\\/www.cfjustice.org\\\/wp-content\\\/uploads\\\/2023\\\/10\\\/logo-1.svg\",\"width\":1,\"height\":1,\"caption\":\"Committee for Justice\"},\"image\":{\"@id\":\"https:\\\/\\\/www.cfjustice.org\\\/fr\\\/#\\\/schema\\\/logo\\\/image\\\/\"},\"sameAs\":[\"https:\\\/\\\/www.facebook.com\\\/cfjusticeorg\",\"https:\\\/\\\/x.com\\\/cfjusticeorg\",\"https:\\\/\\\/www.linkedin.com\\\/company\\\/cfjustice\\\/\",\"https:\\\/\\\/www.youtube.com\\\/channel\\\/UCQdBw5-F5Z80xtts8UqRRqQ\",\"https:\\\/\\\/www.instagram.com\\\/cfjusticeorg\"]},{\"@type\":\"Person\",\"@id\":\"https:\\\/\\\/www.cfjustice.org\\\/fr\\\/#\\\/schema\\\/person\\\/bb556c12ed41de17b43b26af15865af9\",\"name\":\"mmurad\",\"image\":{\"@type\":\"ImageObject\",\"inLanguage\":\"fr-FR\",\"@id\":\"https:\\\/\\\/secure.gravatar.com\\\/avatar\\\/b01b45168573d27abfd52e48a08122adff6e2dd698a45002db0e5b672be19a34?s=96&d=mm&r=g\",\"url\":\"https:\\\/\\\/secure.gravatar.com\\\/avatar\\\/b01b45168573d27abfd52e48a08122adff6e2dd698a45002db0e5b672be19a34?s=96&d=mm&r=g\",\"contentUrl\":\"https:\\\/\\\/secure.gravatar.com\\\/avatar\\\/b01b45168573d27abfd52e48a08122adff6e2dd698a45002db0e5b672be19a34?s=96&d=mm&r=g\",\"caption\":\"mmurad\"},\"url\":\"https:\\\/\\\/www.cfjustice.org\\\/fr\\\/author\\\/mmurad\\\/\"}]}<\/script>\n<!-- \/ Yoast SEO plugin. -->","yoast_head_json":{"title":"D\u00e9claration sur les d\u00e9fis croissants auxquels fait face le Committee for Justice et la restructuration de certains de ses programmes - Committee for Justice","description":"D\u00e9claration sur les d\u00e9fis croissants auxquels fait face le Committee for Justice et la restructuration de certains de ses programmes","robots":{"index":"index","follow":"follow","max-snippet":"max-snippet:-1","max-image-preview":"max-image-preview:large","max-video-preview":"max-video-preview:-1"},"canonical":"https:\/\/www.cfjustice.org\/fr\/declaration-sur-les-defis-croissants-auxquels-fait-face-le-committee-for-justice-et-la-restructuration-de-certains-de-ses-programmes\/","og_locale":"fr_FR","og_type":"article","og_title":"D\u00e9claration sur les d\u00e9fis croissants auxquels fait face le Committee for Justice et la restructuration de certains de ses programmes - Committee for Justice","og_description":"D\u00e9claration sur les d\u00e9fis croissants auxquels fait face le Committee for Justice et la restructuration de certains de ses programmes","og_url":"https:\/\/www.cfjustice.org\/fr\/declaration-sur-les-defis-croissants-auxquels-fait-face-le-committee-for-justice-et-la-restructuration-de-certains-de-ses-programmes\/","og_site_name":"Committee for Justice","article_publisher":"https:\/\/www.facebook.com\/cfjusticeorg","article_published_time":"2025-12-31T14:02:46+00:00","og_image":[{"width":1200,"height":675,"url":"https:\/\/www.cfjustice.org\/wp-content\/uploads\/2025\/12\/cfj.webp","type":"image\/jpeg"}],"author":"mmurad","twitter_card":"summary_large_image","twitter_creator":"@cfjusticeorg","twitter_site":"@cfjusticeorg","twitter_misc":{"\u00c9crit par":"mmurad","Dur\u00e9e de lecture estim\u00e9e":"5 minutes"},"schema":{"@context":"https:\/\/schema.org","@graph":[{"@type":"Article","@id":"https:\/\/www.cfjustice.org\/fr\/declaration-sur-les-defis-croissants-auxquels-fait-face-le-committee-for-justice-et-la-restructuration-de-certains-de-ses-programmes\/#article","isPartOf":{"@id":"https:\/\/www.cfjustice.org\/fr\/declaration-sur-les-defis-croissants-auxquels-fait-face-le-committee-for-justice-et-la-restructuration-de-certains-de-ses-programmes\/"},"author":{"name":"mmurad","@id":"https:\/\/www.cfjustice.org\/fr\/#\/schema\/person\/bb556c12ed41de17b43b26af15865af9"},"headline":"D\u00e9claration sur les d\u00e9fis croissants auxquels fait face le Committee for Justice et la restructuration de certains de ses programmes","datePublished":"2025-12-31T14:02:46+00:00","mainEntityOfPage":{"@id":"https:\/\/www.cfjustice.org\/fr\/declaration-sur-les-defis-croissants-auxquels-fait-face-le-committee-for-justice-et-la-restructuration-de-certains-de-ses-programmes\/"},"wordCount":1005,"publisher":{"@id":"https:\/\/www.cfjustice.org\/fr\/#organization"},"image":{"@id":"https:\/\/www.cfjustice.org\/fr\/declaration-sur-les-defis-croissants-auxquels-fait-face-le-committee-for-justice-et-la-restructuration-de-certains-de-ses-programmes\/#primaryimage"},"thumbnailUrl":"https:\/\/www.cfjustice.org\/wp-content\/uploads\/2025\/12\/cfj.webp","articleSection":["Actualit\u00e9s du Labor Justice Project","Communiqu\u00e9s de presse","Justice du travail"],"inLanguage":"fr-FR"},{"@type":"WebPage","@id":"https:\/\/www.cfjustice.org\/fr\/declaration-sur-les-defis-croissants-auxquels-fait-face-le-committee-for-justice-et-la-restructuration-de-certains-de-ses-programmes\/","url":"https:\/\/www.cfjustice.org\/fr\/declaration-sur-les-defis-croissants-auxquels-fait-face-le-committee-for-justice-et-la-restructuration-de-certains-de-ses-programmes\/","name":"D\u00e9claration sur les d\u00e9fis croissants auxquels fait face le Committee for Justice et la restructuration de certains de ses programmes - Committee for Justice","isPartOf":{"@id":"https:\/\/www.cfjustice.org\/fr\/#website"},"primaryImageOfPage":{"@id":"https:\/\/www.cfjustice.org\/fr\/declaration-sur-les-defis-croissants-auxquels-fait-face-le-committee-for-justice-et-la-restructuration-de-certains-de-ses-programmes\/#primaryimage"},"image":{"@id":"https:\/\/www.cfjustice.org\/fr\/declaration-sur-les-defis-croissants-auxquels-fait-face-le-committee-for-justice-et-la-restructuration-de-certains-de-ses-programmes\/#primaryimage"},"thumbnailUrl":"https:\/\/www.cfjustice.org\/wp-content\/uploads\/2025\/12\/cfj.webp","datePublished":"2025-12-31T14:02:46+00:00","description":"D\u00e9claration sur les d\u00e9fis croissants auxquels fait face le Committee for Justice et la restructuration de certains de ses programmes","breadcrumb":{"@id":"https:\/\/www.cfjustice.org\/fr\/declaration-sur-les-defis-croissants-auxquels-fait-face-le-committee-for-justice-et-la-restructuration-de-certains-de-ses-programmes\/#breadcrumb"},"inLanguage":"fr-FR","potentialAction":[{"@type":"ReadAction","target":["https:\/\/www.cfjustice.org\/fr\/declaration-sur-les-defis-croissants-auxquels-fait-face-le-committee-for-justice-et-la-restructuration-de-certains-de-ses-programmes\/"]}]},{"@type":"ImageObject","inLanguage":"fr-FR","@id":"https:\/\/www.cfjustice.org\/fr\/declaration-sur-les-defis-croissants-auxquels-fait-face-le-committee-for-justice-et-la-restructuration-de-certains-de-ses-programmes\/#primaryimage","url":"https:\/\/www.cfjustice.org\/wp-content\/uploads\/2025\/12\/cfj.webp","contentUrl":"https:\/\/www.cfjustice.org\/wp-content\/uploads\/2025\/12\/cfj.webp","width":1200,"height":675},{"@type":"BreadcrumbList","@id":"https:\/\/www.cfjustice.org\/fr\/declaration-sur-les-defis-croissants-auxquels-fait-face-le-committee-for-justice-et-la-restructuration-de-certains-de-ses-programmes\/#breadcrumb","itemListElement":[{"@type":"ListItem","position":1,"name":"Home","item":"https:\/\/www.cfjustice.org\/fr\/"},{"@type":"ListItem","position":2,"name":"D\u00e9claration sur les d\u00e9fis croissants auxquels fait face le Committee for Justice et la restructuration de certains de ses programmes"}]},{"@type":"WebSite","@id":"https:\/\/www.cfjustice.org\/fr\/#website","url":"https:\/\/www.cfjustice.org\/fr\/","name":"Committee for Justice","description":"We are working to achieve justice","publisher":{"@id":"https:\/\/www.cfjustice.org\/fr\/#organization"},"alternateName":"CFJ","potentialAction":[{"@type":"SearchAction","target":{"@type":"EntryPoint","urlTemplate":"https:\/\/www.cfjustice.org\/fr\/?s={search_term_string}"},"query-input":{"@type":"PropertyValueSpecification","valueRequired":true,"valueName":"search_term_string"}}],"inLanguage":"fr-FR"},{"@type":"Organization","@id":"https:\/\/www.cfjustice.org\/fr\/#organization","name":"Committee for Justice","url":"https:\/\/www.cfjustice.org\/fr\/","logo":{"@type":"ImageObject","inLanguage":"fr-FR","@id":"https:\/\/www.cfjustice.org\/fr\/#\/schema\/logo\/image\/","url":"https:\/\/www.cfjustice.org\/wp-content\/uploads\/2023\/10\/logo-1.svg","contentUrl":"https:\/\/www.cfjustice.org\/wp-content\/uploads\/2023\/10\/logo-1.svg","width":1,"height":1,"caption":"Committee for Justice"},"image":{"@id":"https:\/\/www.cfjustice.org\/fr\/#\/schema\/logo\/image\/"},"sameAs":["https:\/\/www.facebook.com\/cfjusticeorg","https:\/\/x.com\/cfjusticeorg","https:\/\/www.linkedin.com\/company\/cfjustice\/","https:\/\/www.youtube.com\/channel\/UCQdBw5-F5Z80xtts8UqRRqQ","https:\/\/www.instagram.com\/cfjusticeorg"]},{"@type":"Person","@id":"https:\/\/www.cfjustice.org\/fr\/#\/schema\/person\/bb556c12ed41de17b43b26af15865af9","name":"mmurad","image":{"@type":"ImageObject","inLanguage":"fr-FR","@id":"https:\/\/secure.gravatar.com\/avatar\/b01b45168573d27abfd52e48a08122adff6e2dd698a45002db0e5b672be19a34?s=96&d=mm&r=g","url":"https:\/\/secure.gravatar.com\/avatar\/b01b45168573d27abfd52e48a08122adff6e2dd698a45002db0e5b672be19a34?s=96&d=mm&r=g","contentUrl":"https:\/\/secure.gravatar.com\/avatar\/b01b45168573d27abfd52e48a08122adff6e2dd698a45002db0e5b672be19a34?s=96&d=mm&r=g","caption":"mmurad"},"url":"https:\/\/www.cfjustice.org\/fr\/author\/mmurad\/"}]}},"_links":{"self":[{"href":"https:\/\/www.cfjustice.org\/fr\/wp-json\/wp\/v2\/posts\/52726","targetHints":{"allow":["GET"]}}],"collection":[{"href":"https:\/\/www.cfjustice.org\/fr\/wp-json\/wp\/v2\/posts"}],"about":[{"href":"https:\/\/www.cfjustice.org\/fr\/wp-json\/wp\/v2\/types\/post"}],"author":[{"embeddable":true,"href":"https:\/\/www.cfjustice.org\/fr\/wp-json\/wp\/v2\/users\/962"}],"replies":[{"embeddable":true,"href":"https:\/\/www.cfjustice.org\/fr\/wp-json\/wp\/v2\/comments?post=52726"}],"version-history":[{"count":0,"href":"https:\/\/www.cfjustice.org\/fr\/wp-json\/wp\/v2\/posts\/52726\/revisions"}],"wp:featuredmedia":[{"embeddable":true,"href":"https:\/\/www.cfjustice.org\/fr\/wp-json\/wp\/v2\/media\/52721"}],"wp:attachment":[{"href":"https:\/\/www.cfjustice.org\/fr\/wp-json\/wp\/v2\/media?parent=52726"}],"wp:term":[{"taxonomy":"category","embeddable":true,"href":"https:\/\/www.cfjustice.org\/fr\/wp-json\/wp\/v2\/categories?post=52726"},{"taxonomy":"post_tag","embeddable":true,"href":"https:\/\/www.cfjustice.org\/fr\/wp-json\/wp\/v2\/tags?post=52726"},{"taxonomy":"countries","embeddable":true,"href":"https:\/\/www.cfjustice.org\/fr\/wp-json\/wp\/v2\/countries?post=52726"},{"taxonomy":"cases","embeddable":true,"href":"https:\/\/www.cfjustice.org\/fr\/wp-json\/wp\/v2\/cases?post=52726"},{"taxonomy":"writer","embeddable":true,"href":"https:\/\/www.cfjustice.org\/fr\/wp-json\/wp\/v2\/writer?post=52726"},{"taxonomy":"coalitions","embeddable":true,"href":"https:\/\/www.cfjustice.org\/fr\/wp-json\/wp\/v2\/coalitions?post=52726"}],"curies":[{"name":"wp","href":"https:\/\/api.w.org\/{rel}","templated":true}]}}