{"id":52634,"date":"2025-12-18T19:18:03","date_gmt":"2025-12-18T18:18:03","guid":{"rendered":"https:\/\/www.cfjustice.org\/committee-for-justice-cfj-contribue-au-dialogue-sur-la-reddition-de-comptes-et-lavenir-de-la-paix-au-soudan-organise-par-le-cwpar\/"},"modified":"2025-12-18T19:18:07","modified_gmt":"2025-12-18T18:18:07","slug":"committee-for-justice-cfj-contribue-au-dialogue-sur-la-reddition-de-comptes-et-lavenir-de-la-paix-au-soudan-organise-par-le-cwpar","status":"publish","type":"post","link":"https:\/\/www.cfjustice.org\/fr\/committee-for-justice-cfj-contribue-au-dialogue-sur-la-reddition-de-comptes-et-lavenir-de-la-paix-au-soudan-organise-par-le-cwpar\/","title":{"rendered":"Committee for Justice (CFJ)\u00a0contribue au dialogue sur \u00ab la reddition de comptes et l\u2019avenir de la paix au Soudan \u00bb organis\u00e9 par le CWPAR"},"content":{"rendered":"<div class=\"x_elementToProof\"><strong>14 septembre 2025<\/strong><\/div>\n<div class=\"x_elementToProof\">Le&nbsp;Committee for Justice (CFJ)&nbsp;a particip\u00e9 \u00e0 un s\u00e9minaire en ligne important organis\u00e9 par le&nbsp;Caucus of Women in Politics in the Arab Region (CWPAR), intitul\u00e9 :<br \/>\u00ab Session de dialogue sur la reddition de comptes et l\u2019avenir de la paix au Soudan \u00bb.<\/div>\n<div class=\"x_elementToProof\">Cette session s\u2019inscrit dans le cadre du&nbsp;travail de \u201cTrack III\u201d du CWPAR, conduit \u00e0 travers le prisme de l\u2019Agenda&nbsp;Femmes, Paix et S\u00e9curit\u00e9 (WPS), avec un engagement politique clair en faveur de la&nbsp;reddition de comptes fond\u00e9e sur l\u2019\u00e9galit\u00e9 de genre&nbsp;et du&nbsp;gu\u00e9rison collective&nbsp;comme deux piliers essentiels de tout processus de paix durable au Soudan. Cet espace a \u00e9t\u00e9 con\u00e7u d\u00e9lib\u00e9r\u00e9ment pour placer&nbsp;les d\u00e9fenseuses des droits humains, les survivantes et les actrices de la soci\u00e9t\u00e9 civile&nbsp;au centre \u2013 non pas comme simples observatrices des processus de paix, mais comme&nbsp;d\u00e9tentrices de savoir et actrices politiques&nbsp;contribuant \u00e0 tracer les voies de la justice, de la reddition de comptes et de la r\u00e9paration sociale.<\/div>\n<div class=\"x_elementToProof\">Au cours de la session,&nbsp;Ahmed Mefreh, directeur ex\u00e9cutif du Committee for Justice (CFJ), est intervenu pour pr\u00e9senter le travail de la&nbsp;Mission d\u2019\u00e9tablissement des faits des Nations Unies sur le Soudan&nbsp;et de la&nbsp;Mission d\u2019\u00e9tablissement des faits de la Commission africaine des droits de l\u2019homme et des peuples (CADHP). Il a mis l\u2019accent sur les moyens par lesquels les acteurs de la soci\u00e9t\u00e9 civile soudanaise et r\u00e9gionale, ainsi que les d\u00e9fenseur\u00b7e\u00b7s des droits humains, peuvent&nbsp;s\u2019engager de mani\u00e8re strat\u00e9gique avec ces m\u00e9canismes&nbsp;afin de faire progresser la justice et la reddition de comptes pour les&nbsp;crimes de guerre et les crimes contre l\u2019humanit\u00e9&nbsp;commis dans le contexte du conflit en cours.<\/div>\n<div class=\"x_elementToProof\">Son intervention a notamment soulign\u00e9 :<\/div>\n<ul>\n<li class=\"x_elementToProof\">l\u2019importance d\u2019un&nbsp;travail de documentation syst\u00e9matique et coordonn\u00e9&nbsp;des violations des droits humains, en particulier celles qui touchent les civils \u00e0 grande \u00e9chelle ;<\/li>\n<li class=\"x_elementToProof\">la n\u00e9cessit\u00e9 d\u2019adopter des&nbsp;approches centr\u00e9es sur les survivant\u00b7e\u00b7s, pla\u00e7ant la s\u00e9curit\u00e9, les besoins et la dignit\u00e9 des victimes au c\u0153ur du travail de d\u00e9fense des droits ;<\/li>\n<li class=\"x_elementToProof\">l\u2019importance d\u2019un&nbsp;engagement soutenu&nbsp;aupr\u00e8s des m\u00e9canismes de reddition de comptes internationaux et africains \u2013 y compris les missions d\u2019\u00e9tablissement des faits, les proc\u00e9dures sp\u00e9ciales et les juridictions r\u00e9gionales \u2013 afin que la documentation ne reste pas confin\u00e9e aux rapports, mais se traduise en&nbsp;voies concr\u00e8tes vers la justice, la r\u00e9paration et les garanties de non-r\u00e9p\u00e9tition&nbsp;;<\/li>\n<li class=\"x_elementToProof\">la mani\u00e8re dont les&nbsp;cadres f\u00e9ministes de reddition de comptes&nbsp;peuvent contribuer \u00e0 transformer les preuves et la documentation en&nbsp;leviers politiques r\u00e9els et en formes de justice \u00e0 long terme.<\/li>\n<\/ul>\n<div class=\"x_elementToProof\">La session a \u00e9galement \u00e9t\u00e9 marqu\u00e9e par des \u00e9changes interactifs avec des d\u00e9fenseuses soudanaises et arabes des droits humains et des militantes, portant sur les moyens de relier les efforts de documentation sur le terrain au Soudan aux m\u00e9canismes r\u00e9gionaux et internationaux, sur les d\u00e9fis auxquels font face les d\u00e9fenseur\u00b7e\u00b7s dans un contexte de violations continues, ainsi que sur les moyens de placer le r\u00f4le des femmes au c\u0153ur des processus de justice transitionnelle et de la construction d\u2019une paix durable.<\/div>\n<div class=\"x_elementToProof\">Le Committee for Justice a exprim\u00e9 sa profonde appr\u00e9ciation pour le travail du&nbsp;Caucus of Women in Politics in the Arab Region (CWPAR)&nbsp;dans la cr\u00e9ation et l\u2019animation de cet espace de&nbsp;Track III&nbsp;dirig\u00e9 par des d\u00e9fenseuses des droits humains, des survivantes et des actrices de la soci\u00e9t\u00e9 civile \u2013 non comme parties prenantes passives, mais comme&nbsp;actrices politiques centrales&nbsp;dans la d\u00e9finition des voies de la reddition de comptes, de la justice et de la r\u00e9paration sociale au Soudan. Le CFJ partage et soutient la position claire du CWPAR selon laquelle&nbsp;il ne peut y avoir de paix durable au Soudan sans v\u00e9ritable reddition de comptes du point de vue du genre, et pas de reddition de comptes sans gu\u00e9rison collective&nbsp;qui affronte la violence structurelle, les traumatismes et l\u2019exclusion \u2013 et que les trait\u00e9s de paix, \u00e0 eux seuls, ne mettent pas fin aux guerres : ce sont&nbsp;les communaut\u00e9s&nbsp;qui le font, lorsqu\u2019elles disposent des outils de justice, de m\u00e9moire et d\u2019organisation.<\/div>\n<div class=\"x_elementToProof\">Le CFJ r\u00e9affirme son engagement \u00e0 continuer de travailler avec ses partenaires au Soudan, dans la r\u00e9gion et \u00e0 l\u2019\u00e9chelle internationale pour&nbsp;renforcer la reddition de comptes, soutenir les victimes et les survivant\u00b7e\u00b7s, et relier les efforts de documentation aux processus juridiques et de r\u00e9forme&nbsp;susceptibles de jeter les bases d\u2019une paix juste et durable au Soudan \u2013 en gardant le Soudan au centre des priorit\u00e9s.<\/div>\n","protected":false},"excerpt":{"rendered":"<p>14 septembre 2025 Le&nbsp;Committee for Justice (CFJ)&nbsp;a particip\u00e9 \u00e0 un s\u00e9minaire en ligne important organis\u00e9 par le&nbsp;Caucus of Women in Politics in the Arab Region (CWPAR), intitul\u00e9 :\u00ab Session de [&hellip;]<\/p>\n","protected":false},"author":962,"featured_media":52631,"comment_status":"closed","ping_status":"closed","sticky":false,"template":"","format":"standard","meta":{"_monsterinsights_skip_tracking":false,"_monsterinsights_sitenote_active":false,"_monsterinsights_sitenote_note":"","_monsterinsights_sitenote_category":0,"_price":"","_stock":"","_tribe_ticket_header":"","_tribe_default_ticket_provider":"","_tribe_ticket_capacity":"0","_ticket_start_date":"","_ticket_end_date":"","_tribe_ticket_show_description":"","_tribe_ticket_show_not_going":false,"_tribe_ticket_use_global_stock":"","_tribe_ticket_global_stock_level":"","_global_stock_mode":"","_global_stock_cap":"","_tribe_rsvp_for_event":"","_tribe_ticket_going_count":"","_tribe_ticket_not_going_count":"","_tribe_tickets_list":"[]","_tribe_ticket_has_attendee_info_fields":false,"footnotes":""},"categories":[1023,999],"tags":[],"countries":[1028],"cases":[],"writer":[],"coalitions":[],"class_list":["post-52634","post","type-post","status-publish","format-standard","has-post-thumbnail","hentry","category-au-connect","category-nouvelles","countries-soudan","has-post-title","has-post-date","has-post-category","has-post-tag","has-post-comment","has-post-author",""],"yoast_head":"<!-- This site is optimized with the Yoast SEO plugin v27.4 - https:\/\/yoast.com\/product\/yoast-seo-wordpress\/ -->\n<title>Committee for Justice (CFJ)\u00a0contribue au dialogue sur \u00ab la reddition de comptes et l\u2019avenir de la paix au Soudan \u00bb organis\u00e9 par le CWPAR - Committee for Justice<\/title>\n<meta name=\"description\" content=\"Committee for Justice (CFJ)\u00a0contribue au dialogue sur \u00ab la reddition de comptes et l\u2019avenir de la paix au Soudan \u00bb organis\u00e9 par le CWPAR\" \/>\n<meta name=\"robots\" content=\"index, follow, max-snippet:-1, max-image-preview:large, max-video-preview:-1\" \/>\n<link rel=\"canonical\" href=\"https:\/\/www.cfjustice.org\/fr\/committee-for-justice-cfj-contribue-au-dialogue-sur-la-reddition-de-comptes-et-lavenir-de-la-paix-au-soudan-organise-par-le-cwpar\/\" \/>\n<meta property=\"og:locale\" content=\"fr_FR\" \/>\n<meta property=\"og:type\" content=\"article\" \/>\n<meta property=\"og:title\" content=\"Committee for Justice (CFJ)\u00a0contribue au dialogue sur \u00ab la reddition de comptes et l\u2019avenir de la paix au Soudan \u00bb organis\u00e9 par le CWPAR - Committee for Justice\" \/>\n<meta property=\"og:description\" content=\"Committee for Justice (CFJ)\u00a0contribue au dialogue sur \u00ab la reddition de comptes et l\u2019avenir de la paix au Soudan \u00bb organis\u00e9 par le CWPAR\" \/>\n<meta property=\"og:url\" content=\"https:\/\/www.cfjustice.org\/fr\/committee-for-justice-cfj-contribue-au-dialogue-sur-la-reddition-de-comptes-et-lavenir-de-la-paix-au-soudan-organise-par-le-cwpar\/\" \/>\n<meta property=\"og:site_name\" content=\"Committee for Justice\" \/>\n<meta property=\"article:publisher\" content=\"https:\/\/www.facebook.com\/cfjusticeorg\" \/>\n<meta property=\"article:published_time\" content=\"2025-12-18T18:18:03+00:00\" \/>\n<meta property=\"article:modified_time\" content=\"2025-12-18T18:18:07+00:00\" \/>\n<meta property=\"og:image\" content=\"https:\/\/www.cfjustice.org\/wp-content\/uploads\/2025\/12\/CWPAR.webp\" \/>\n\t<meta property=\"og:image:width\" content=\"1200\" \/>\n\t<meta property=\"og:image:height\" content=\"675\" \/>\n\t<meta property=\"og:image:type\" content=\"image\/jpeg\" \/>\n<meta name=\"author\" content=\"mmurad\" \/>\n<meta name=\"twitter:card\" content=\"summary_large_image\" \/>\n<meta name=\"twitter:creator\" content=\"@cfjusticeorg\" \/>\n<meta name=\"twitter:site\" content=\"@cfjusticeorg\" \/>\n<meta name=\"twitter:label1\" content=\"\u00c9crit par\" \/>\n\t<meta name=\"twitter:data1\" content=\"mmurad\" \/>\n\t<meta name=\"twitter:label2\" content=\"Dur\u00e9e de lecture estim\u00e9e\" \/>\n\t<meta name=\"twitter:data2\" content=\"4 minutes\" \/>\n<script type=\"application\/ld+json\" class=\"yoast-schema-graph\">{\"@context\":\"https:\\\/\\\/schema.org\",\"@graph\":[{\"@type\":\"Article\",\"@id\":\"https:\\\/\\\/www.cfjustice.org\\\/fr\\\/committee-for-justice-cfj-contribue-au-dialogue-sur-la-reddition-de-comptes-et-lavenir-de-la-paix-au-soudan-organise-par-le-cwpar\\\/#article\",\"isPartOf\":{\"@id\":\"https:\\\/\\\/www.cfjustice.org\\\/fr\\\/committee-for-justice-cfj-contribue-au-dialogue-sur-la-reddition-de-comptes-et-lavenir-de-la-paix-au-soudan-organise-par-le-cwpar\\\/\"},\"author\":{\"name\":\"mmurad\",\"@id\":\"https:\\\/\\\/www.cfjustice.org\\\/fr\\\/#\\\/schema\\\/person\\\/bb556c12ed41de17b43b26af15865af9\"},\"headline\":\"Committee for Justice (CFJ)\u00a0contribue au dialogue sur \u00ab la reddition de comptes et l\u2019avenir de la paix au Soudan \u00bb organis\u00e9 par le CWPAR\",\"datePublished\":\"2025-12-18T18:18:03+00:00\",\"dateModified\":\"2025-12-18T18:18:07+00:00\",\"mainEntityOfPage\":{\"@id\":\"https:\\\/\\\/www.cfjustice.org\\\/fr\\\/committee-for-justice-cfj-contribue-au-dialogue-sur-la-reddition-de-comptes-et-lavenir-de-la-paix-au-soudan-organise-par-le-cwpar\\\/\"},\"wordCount\":874,\"publisher\":{\"@id\":\"https:\\\/\\\/www.cfjustice.org\\\/fr\\\/#organization\"},\"image\":{\"@id\":\"https:\\\/\\\/www.cfjustice.org\\\/fr\\\/committee-for-justice-cfj-contribue-au-dialogue-sur-la-reddition-de-comptes-et-lavenir-de-la-paix-au-soudan-organise-par-le-cwpar\\\/#primaryimage\"},\"thumbnailUrl\":\"https:\\\/\\\/www.cfjustice.org\\\/wp-content\\\/uploads\\\/2025\\\/12\\\/CWPAR.webp\",\"articleSection\":[\"AU Connect\",\"nouvelles\"],\"inLanguage\":\"fr-FR\"},{\"@type\":\"WebPage\",\"@id\":\"https:\\\/\\\/www.cfjustice.org\\\/fr\\\/committee-for-justice-cfj-contribue-au-dialogue-sur-la-reddition-de-comptes-et-lavenir-de-la-paix-au-soudan-organise-par-le-cwpar\\\/\",\"url\":\"https:\\\/\\\/www.cfjustice.org\\\/fr\\\/committee-for-justice-cfj-contribue-au-dialogue-sur-la-reddition-de-comptes-et-lavenir-de-la-paix-au-soudan-organise-par-le-cwpar\\\/\",\"name\":\"Committee for Justice (CFJ)\u00a0contribue au dialogue sur \u00ab la reddition de comptes et l\u2019avenir de la paix au Soudan \u00bb organis\u00e9 par le CWPAR - Committee for Justice\",\"isPartOf\":{\"@id\":\"https:\\\/\\\/www.cfjustice.org\\\/fr\\\/#website\"},\"primaryImageOfPage\":{\"@id\":\"https:\\\/\\\/www.cfjustice.org\\\/fr\\\/committee-for-justice-cfj-contribue-au-dialogue-sur-la-reddition-de-comptes-et-lavenir-de-la-paix-au-soudan-organise-par-le-cwpar\\\/#primaryimage\"},\"image\":{\"@id\":\"https:\\\/\\\/www.cfjustice.org\\\/fr\\\/committee-for-justice-cfj-contribue-au-dialogue-sur-la-reddition-de-comptes-et-lavenir-de-la-paix-au-soudan-organise-par-le-cwpar\\\/#primaryimage\"},\"thumbnailUrl\":\"https:\\\/\\\/www.cfjustice.org\\\/wp-content\\\/uploads\\\/2025\\\/12\\\/CWPAR.webp\",\"datePublished\":\"2025-12-18T18:18:03+00:00\",\"dateModified\":\"2025-12-18T18:18:07+00:00\",\"description\":\"Committee for Justice (CFJ)\u00a0contribue au dialogue sur \u00ab la reddition de comptes et l\u2019avenir de la paix au Soudan \u00bb organis\u00e9 par le CWPAR\",\"breadcrumb\":{\"@id\":\"https:\\\/\\\/www.cfjustice.org\\\/fr\\\/committee-for-justice-cfj-contribue-au-dialogue-sur-la-reddition-de-comptes-et-lavenir-de-la-paix-au-soudan-organise-par-le-cwpar\\\/#breadcrumb\"},\"inLanguage\":\"fr-FR\",\"potentialAction\":[{\"@type\":\"ReadAction\",\"target\":[\"https:\\\/\\\/www.cfjustice.org\\\/fr\\\/committee-for-justice-cfj-contribue-au-dialogue-sur-la-reddition-de-comptes-et-lavenir-de-la-paix-au-soudan-organise-par-le-cwpar\\\/\"]}]},{\"@type\":\"ImageObject\",\"inLanguage\":\"fr-FR\",\"@id\":\"https:\\\/\\\/www.cfjustice.org\\\/fr\\\/committee-for-justice-cfj-contribue-au-dialogue-sur-la-reddition-de-comptes-et-lavenir-de-la-paix-au-soudan-organise-par-le-cwpar\\\/#primaryimage\",\"url\":\"https:\\\/\\\/www.cfjustice.org\\\/wp-content\\\/uploads\\\/2025\\\/12\\\/CWPAR.webp\",\"contentUrl\":\"https:\\\/\\\/www.cfjustice.org\\\/wp-content\\\/uploads\\\/2025\\\/12\\\/CWPAR.webp\",\"width\":1200,\"height\":675},{\"@type\":\"BreadcrumbList\",\"@id\":\"https:\\\/\\\/www.cfjustice.org\\\/fr\\\/committee-for-justice-cfj-contribue-au-dialogue-sur-la-reddition-de-comptes-et-lavenir-de-la-paix-au-soudan-organise-par-le-cwpar\\\/#breadcrumb\",\"itemListElement\":[{\"@type\":\"ListItem\",\"position\":1,\"name\":\"Home\",\"item\":\"https:\\\/\\\/www.cfjustice.org\\\/fr\\\/\"},{\"@type\":\"ListItem\",\"position\":2,\"name\":\"Committee for Justice (CFJ)\u00a0contribue au dialogue sur \u00ab la reddition de comptes et l\u2019avenir de la paix au Soudan \u00bb organis\u00e9 par le CWPAR\"}]},{\"@type\":\"WebSite\",\"@id\":\"https:\\\/\\\/www.cfjustice.org\\\/fr\\\/#website\",\"url\":\"https:\\\/\\\/www.cfjustice.org\\\/fr\\\/\",\"name\":\"Committee for Justice\",\"description\":\"We are working to achieve justice\",\"publisher\":{\"@id\":\"https:\\\/\\\/www.cfjustice.org\\\/fr\\\/#organization\"},\"alternateName\":\"CFJ\",\"potentialAction\":[{\"@type\":\"SearchAction\",\"target\":{\"@type\":\"EntryPoint\",\"urlTemplate\":\"https:\\\/\\\/www.cfjustice.org\\\/fr\\\/?s={search_term_string}\"},\"query-input\":{\"@type\":\"PropertyValueSpecification\",\"valueRequired\":true,\"valueName\":\"search_term_string\"}}],\"inLanguage\":\"fr-FR\"},{\"@type\":\"Organization\",\"@id\":\"https:\\\/\\\/www.cfjustice.org\\\/fr\\\/#organization\",\"name\":\"Committee for Justice\",\"url\":\"https:\\\/\\\/www.cfjustice.org\\\/fr\\\/\",\"logo\":{\"@type\":\"ImageObject\",\"inLanguage\":\"fr-FR\",\"@id\":\"https:\\\/\\\/www.cfjustice.org\\\/fr\\\/#\\\/schema\\\/logo\\\/image\\\/\",\"url\":\"https:\\\/\\\/www.cfjustice.org\\\/wp-content\\\/uploads\\\/2023\\\/10\\\/logo-1.svg\",\"contentUrl\":\"https:\\\/\\\/www.cfjustice.org\\\/wp-content\\\/uploads\\\/2023\\\/10\\\/logo-1.svg\",\"width\":1,\"height\":1,\"caption\":\"Committee for Justice\"},\"image\":{\"@id\":\"https:\\\/\\\/www.cfjustice.org\\\/fr\\\/#\\\/schema\\\/logo\\\/image\\\/\"},\"sameAs\":[\"https:\\\/\\\/www.facebook.com\\\/cfjusticeorg\",\"https:\\\/\\\/x.com\\\/cfjusticeorg\",\"https:\\\/\\\/www.linkedin.com\\\/company\\\/cfjustice\\\/\",\"https:\\\/\\\/www.youtube.com\\\/channel\\\/UCQdBw5-F5Z80xtts8UqRRqQ\",\"https:\\\/\\\/www.instagram.com\\\/cfjusticeorg\"]},{\"@type\":\"Person\",\"@id\":\"https:\\\/\\\/www.cfjustice.org\\\/fr\\\/#\\\/schema\\\/person\\\/bb556c12ed41de17b43b26af15865af9\",\"name\":\"mmurad\",\"image\":{\"@type\":\"ImageObject\",\"inLanguage\":\"fr-FR\",\"@id\":\"https:\\\/\\\/secure.gravatar.com\\\/avatar\\\/b01b45168573d27abfd52e48a08122adff6e2dd698a45002db0e5b672be19a34?s=96&d=mm&r=g\",\"url\":\"https:\\\/\\\/secure.gravatar.com\\\/avatar\\\/b01b45168573d27abfd52e48a08122adff6e2dd698a45002db0e5b672be19a34?s=96&d=mm&r=g\",\"contentUrl\":\"https:\\\/\\\/secure.gravatar.com\\\/avatar\\\/b01b45168573d27abfd52e48a08122adff6e2dd698a45002db0e5b672be19a34?s=96&d=mm&r=g\",\"caption\":\"mmurad\"},\"url\":\"https:\\\/\\\/www.cfjustice.org\\\/fr\\\/author\\\/mmurad\\\/\"}]}<\/script>\n<!-- \/ Yoast SEO plugin. -->","yoast_head_json":{"title":"Committee for Justice (CFJ)\u00a0contribue au dialogue sur \u00ab la reddition de comptes et l\u2019avenir de la paix au Soudan \u00bb organis\u00e9 par le CWPAR - Committee for Justice","description":"Committee for Justice (CFJ)\u00a0contribue au dialogue sur \u00ab la reddition de comptes et l\u2019avenir de la paix au Soudan \u00bb organis\u00e9 par le CWPAR","robots":{"index":"index","follow":"follow","max-snippet":"max-snippet:-1","max-image-preview":"max-image-preview:large","max-video-preview":"max-video-preview:-1"},"canonical":"https:\/\/www.cfjustice.org\/fr\/committee-for-justice-cfj-contribue-au-dialogue-sur-la-reddition-de-comptes-et-lavenir-de-la-paix-au-soudan-organise-par-le-cwpar\/","og_locale":"fr_FR","og_type":"article","og_title":"Committee for Justice (CFJ)\u00a0contribue au dialogue sur \u00ab la reddition de comptes et l\u2019avenir de la paix au Soudan \u00bb organis\u00e9 par le CWPAR - Committee for Justice","og_description":"Committee for Justice (CFJ)\u00a0contribue au dialogue sur \u00ab la reddition de comptes et l\u2019avenir de la paix au Soudan \u00bb organis\u00e9 par le CWPAR","og_url":"https:\/\/www.cfjustice.org\/fr\/committee-for-justice-cfj-contribue-au-dialogue-sur-la-reddition-de-comptes-et-lavenir-de-la-paix-au-soudan-organise-par-le-cwpar\/","og_site_name":"Committee for Justice","article_publisher":"https:\/\/www.facebook.com\/cfjusticeorg","article_published_time":"2025-12-18T18:18:03+00:00","article_modified_time":"2025-12-18T18:18:07+00:00","og_image":[{"width":1200,"height":675,"url":"https:\/\/www.cfjustice.org\/wp-content\/uploads\/2025\/12\/CWPAR.webp","type":"image\/jpeg"}],"author":"mmurad","twitter_card":"summary_large_image","twitter_creator":"@cfjusticeorg","twitter_site":"@cfjusticeorg","twitter_misc":{"\u00c9crit par":"mmurad","Dur\u00e9e de lecture estim\u00e9e":"4 minutes"},"schema":{"@context":"https:\/\/schema.org","@graph":[{"@type":"Article","@id":"https:\/\/www.cfjustice.org\/fr\/committee-for-justice-cfj-contribue-au-dialogue-sur-la-reddition-de-comptes-et-lavenir-de-la-paix-au-soudan-organise-par-le-cwpar\/#article","isPartOf":{"@id":"https:\/\/www.cfjustice.org\/fr\/committee-for-justice-cfj-contribue-au-dialogue-sur-la-reddition-de-comptes-et-lavenir-de-la-paix-au-soudan-organise-par-le-cwpar\/"},"author":{"name":"mmurad","@id":"https:\/\/www.cfjustice.org\/fr\/#\/schema\/person\/bb556c12ed41de17b43b26af15865af9"},"headline":"Committee for Justice (CFJ)\u00a0contribue au dialogue sur \u00ab la reddition de comptes et l\u2019avenir de la paix au Soudan \u00bb organis\u00e9 par le CWPAR","datePublished":"2025-12-18T18:18:03+00:00","dateModified":"2025-12-18T18:18:07+00:00","mainEntityOfPage":{"@id":"https:\/\/www.cfjustice.org\/fr\/committee-for-justice-cfj-contribue-au-dialogue-sur-la-reddition-de-comptes-et-lavenir-de-la-paix-au-soudan-organise-par-le-cwpar\/"},"wordCount":874,"publisher":{"@id":"https:\/\/www.cfjustice.org\/fr\/#organization"},"image":{"@id":"https:\/\/www.cfjustice.org\/fr\/committee-for-justice-cfj-contribue-au-dialogue-sur-la-reddition-de-comptes-et-lavenir-de-la-paix-au-soudan-organise-par-le-cwpar\/#primaryimage"},"thumbnailUrl":"https:\/\/www.cfjustice.org\/wp-content\/uploads\/2025\/12\/CWPAR.webp","articleSection":["AU Connect","nouvelles"],"inLanguage":"fr-FR"},{"@type":"WebPage","@id":"https:\/\/www.cfjustice.org\/fr\/committee-for-justice-cfj-contribue-au-dialogue-sur-la-reddition-de-comptes-et-lavenir-de-la-paix-au-soudan-organise-par-le-cwpar\/","url":"https:\/\/www.cfjustice.org\/fr\/committee-for-justice-cfj-contribue-au-dialogue-sur-la-reddition-de-comptes-et-lavenir-de-la-paix-au-soudan-organise-par-le-cwpar\/","name":"Committee for Justice (CFJ)\u00a0contribue au dialogue sur \u00ab la reddition de comptes et l\u2019avenir de la paix au Soudan \u00bb organis\u00e9 par le CWPAR - Committee for Justice","isPartOf":{"@id":"https:\/\/www.cfjustice.org\/fr\/#website"},"primaryImageOfPage":{"@id":"https:\/\/www.cfjustice.org\/fr\/committee-for-justice-cfj-contribue-au-dialogue-sur-la-reddition-de-comptes-et-lavenir-de-la-paix-au-soudan-organise-par-le-cwpar\/#primaryimage"},"image":{"@id":"https:\/\/www.cfjustice.org\/fr\/committee-for-justice-cfj-contribue-au-dialogue-sur-la-reddition-de-comptes-et-lavenir-de-la-paix-au-soudan-organise-par-le-cwpar\/#primaryimage"},"thumbnailUrl":"https:\/\/www.cfjustice.org\/wp-content\/uploads\/2025\/12\/CWPAR.webp","datePublished":"2025-12-18T18:18:03+00:00","dateModified":"2025-12-18T18:18:07+00:00","description":"Committee for Justice (CFJ)\u00a0contribue au dialogue sur \u00ab la reddition de comptes et l\u2019avenir de la paix au Soudan \u00bb organis\u00e9 par le CWPAR","breadcrumb":{"@id":"https:\/\/www.cfjustice.org\/fr\/committee-for-justice-cfj-contribue-au-dialogue-sur-la-reddition-de-comptes-et-lavenir-de-la-paix-au-soudan-organise-par-le-cwpar\/#breadcrumb"},"inLanguage":"fr-FR","potentialAction":[{"@type":"ReadAction","target":["https:\/\/www.cfjustice.org\/fr\/committee-for-justice-cfj-contribue-au-dialogue-sur-la-reddition-de-comptes-et-lavenir-de-la-paix-au-soudan-organise-par-le-cwpar\/"]}]},{"@type":"ImageObject","inLanguage":"fr-FR","@id":"https:\/\/www.cfjustice.org\/fr\/committee-for-justice-cfj-contribue-au-dialogue-sur-la-reddition-de-comptes-et-lavenir-de-la-paix-au-soudan-organise-par-le-cwpar\/#primaryimage","url":"https:\/\/www.cfjustice.org\/wp-content\/uploads\/2025\/12\/CWPAR.webp","contentUrl":"https:\/\/www.cfjustice.org\/wp-content\/uploads\/2025\/12\/CWPAR.webp","width":1200,"height":675},{"@type":"BreadcrumbList","@id":"https:\/\/www.cfjustice.org\/fr\/committee-for-justice-cfj-contribue-au-dialogue-sur-la-reddition-de-comptes-et-lavenir-de-la-paix-au-soudan-organise-par-le-cwpar\/#breadcrumb","itemListElement":[{"@type":"ListItem","position":1,"name":"Home","item":"https:\/\/www.cfjustice.org\/fr\/"},{"@type":"ListItem","position":2,"name":"Committee for Justice (CFJ)\u00a0contribue au dialogue sur \u00ab la reddition de comptes et l\u2019avenir de la paix au Soudan \u00bb organis\u00e9 par le CWPAR"}]},{"@type":"WebSite","@id":"https:\/\/www.cfjustice.org\/fr\/#website","url":"https:\/\/www.cfjustice.org\/fr\/","name":"Committee for Justice","description":"We are working to achieve justice","publisher":{"@id":"https:\/\/www.cfjustice.org\/fr\/#organization"},"alternateName":"CFJ","potentialAction":[{"@type":"SearchAction","target":{"@type":"EntryPoint","urlTemplate":"https:\/\/www.cfjustice.org\/fr\/?s={search_term_string}"},"query-input":{"@type":"PropertyValueSpecification","valueRequired":true,"valueName":"search_term_string"}}],"inLanguage":"fr-FR"},{"@type":"Organization","@id":"https:\/\/www.cfjustice.org\/fr\/#organization","name":"Committee for Justice","url":"https:\/\/www.cfjustice.org\/fr\/","logo":{"@type":"ImageObject","inLanguage":"fr-FR","@id":"https:\/\/www.cfjustice.org\/fr\/#\/schema\/logo\/image\/","url":"https:\/\/www.cfjustice.org\/wp-content\/uploads\/2023\/10\/logo-1.svg","contentUrl":"https:\/\/www.cfjustice.org\/wp-content\/uploads\/2023\/10\/logo-1.svg","width":1,"height":1,"caption":"Committee for Justice"},"image":{"@id":"https:\/\/www.cfjustice.org\/fr\/#\/schema\/logo\/image\/"},"sameAs":["https:\/\/www.facebook.com\/cfjusticeorg","https:\/\/x.com\/cfjusticeorg","https:\/\/www.linkedin.com\/company\/cfjustice\/","https:\/\/www.youtube.com\/channel\/UCQdBw5-F5Z80xtts8UqRRqQ","https:\/\/www.instagram.com\/cfjusticeorg"]},{"@type":"Person","@id":"https:\/\/www.cfjustice.org\/fr\/#\/schema\/person\/bb556c12ed41de17b43b26af15865af9","name":"mmurad","image":{"@type":"ImageObject","inLanguage":"fr-FR","@id":"https:\/\/secure.gravatar.com\/avatar\/b01b45168573d27abfd52e48a08122adff6e2dd698a45002db0e5b672be19a34?s=96&d=mm&r=g","url":"https:\/\/secure.gravatar.com\/avatar\/b01b45168573d27abfd52e48a08122adff6e2dd698a45002db0e5b672be19a34?s=96&d=mm&r=g","contentUrl":"https:\/\/secure.gravatar.com\/avatar\/b01b45168573d27abfd52e48a08122adff6e2dd698a45002db0e5b672be19a34?s=96&d=mm&r=g","caption":"mmurad"},"url":"https:\/\/www.cfjustice.org\/fr\/author\/mmurad\/"}]}},"_links":{"self":[{"href":"https:\/\/www.cfjustice.org\/fr\/wp-json\/wp\/v2\/posts\/52634","targetHints":{"allow":["GET"]}}],"collection":[{"href":"https:\/\/www.cfjustice.org\/fr\/wp-json\/wp\/v2\/posts"}],"about":[{"href":"https:\/\/www.cfjustice.org\/fr\/wp-json\/wp\/v2\/types\/post"}],"author":[{"embeddable":true,"href":"https:\/\/www.cfjustice.org\/fr\/wp-json\/wp\/v2\/users\/962"}],"replies":[{"embeddable":true,"href":"https:\/\/www.cfjustice.org\/fr\/wp-json\/wp\/v2\/comments?post=52634"}],"version-history":[{"count":1,"href":"https:\/\/www.cfjustice.org\/fr\/wp-json\/wp\/v2\/posts\/52634\/revisions"}],"predecessor-version":[{"id":52635,"href":"https:\/\/www.cfjustice.org\/fr\/wp-json\/wp\/v2\/posts\/52634\/revisions\/52635"}],"wp:featuredmedia":[{"embeddable":true,"href":"https:\/\/www.cfjustice.org\/fr\/wp-json\/wp\/v2\/media\/52631"}],"wp:attachment":[{"href":"https:\/\/www.cfjustice.org\/fr\/wp-json\/wp\/v2\/media?parent=52634"}],"wp:term":[{"taxonomy":"category","embeddable":true,"href":"https:\/\/www.cfjustice.org\/fr\/wp-json\/wp\/v2\/categories?post=52634"},{"taxonomy":"post_tag","embeddable":true,"href":"https:\/\/www.cfjustice.org\/fr\/wp-json\/wp\/v2\/tags?post=52634"},{"taxonomy":"countries","embeddable":true,"href":"https:\/\/www.cfjustice.org\/fr\/wp-json\/wp\/v2\/countries?post=52634"},{"taxonomy":"cases","embeddable":true,"href":"https:\/\/www.cfjustice.org\/fr\/wp-json\/wp\/v2\/cases?post=52634"},{"taxonomy":"writer","embeddable":true,"href":"https:\/\/www.cfjustice.org\/fr\/wp-json\/wp\/v2\/writer?post=52634"},{"taxonomy":"coalitions","embeddable":true,"href":"https:\/\/www.cfjustice.org\/fr\/wp-json\/wp\/v2\/coalitions?post=52634"}],"curies":[{"name":"wp","href":"https:\/\/api.w.org\/{rel}","templated":true}]}}