{"id":52360,"date":"2025-11-29T20:12:56","date_gmt":"2025-11-29T19:12:56","guid":{"rendered":"https:\/\/www.cfjustice.org\/la-commission-africaine-interpelle-le-gouvernement-tunisien-sur-lerosion-de-letat-de-droit-lindependance-de-la-justice-et-la-non-execution-de-larret-belguith\/"},"modified":"2025-11-29T20:12:56","modified_gmt":"2025-11-29T19:12:56","slug":"la-commission-africaine-interpelle-le-gouvernement-tunisien-sur-lerosion-de-letat-de-droit-lindependance-de-la-justice-et-la-non-execution-de-larret-belguith","status":"publish","type":"post","link":"https:\/\/www.cfjustice.org\/fr\/la-commission-africaine-interpelle-le-gouvernement-tunisien-sur-lerosion-de-letat-de-droit-lindependance-de-la-justice-et-la-non-execution-de-larret-belguith\/","title":{"rendered":"La Commission Africaine interpelle le gouvernement tunisien sur l\u2019\u00e9rosion de l\u2019\u00c9tat de droit, l\u2019ind\u00e9pendance de la justice et la non-ex\u00e9cution de l\u2019arr\u00eat Belguith"},"content":{"rendered":"<p>Banjul, 25\/11\/2025<\/p>\n<p>Lors de l\u2019examen du rapport combin\u00e9 de la Tunisie (10\u1d49\u201318\u1d49 rapports p\u00e9riodiques), soumis au titre de l\u2019Article 62 de la Charte Africaine, les Commissaires de la Commission Africaine des Droits de l\u2019Homme et des Peuples ont adress\u00e9 au gouvernement tunisien une s\u00e9rie de questions majeures concernant la d\u00e9t\u00e9rioration de l\u2019\u00c9tat de droit, le fonctionnement des institutions d\u00e9mocratiques et le respect des obligations internationales.<\/p>\n<p>Bien que la d\u00e9l\u00e9gation officielle ait pr\u00e9sent\u00e9 ce rapport comme celui d\u2019une \u201cp\u00e9riode pivot\u201d marqu\u00e9e par des transformations politiques depuis 2011, les Commissaires ont exprim\u00e9 de profondes pr\u00e9occupations quant au d\u00e9calage entre ce narratif institutionnel et la r\u00e9alit\u00e9 constat\u00e9e sur le terrain.<\/p>\n<p>Par ailleurs, le processus d\u2019examen a \u00e9t\u00e9 nourri par la contribution active de la soci\u00e9t\u00e9 civile tunisienne. Une coalition d\u2019organisations \u2014 coordonn\u00e9e par la Ligue Tunisienne des Droits de l\u2019Homme et le Comit\u00e9 pour la Justice, avec la participation d\u2019Intersection, Beity, le Forum Tunisien pour les Droits \u00c9conomiques et Sociaux, Al Bawsala, Damj, Ifriquiya, l\u2019Organisation Mondiale Contre la Torture et Avocats Sans Fronti\u00e8res \u2014 a soumis un rapport alternatif fond\u00e9 sur une documentation approfondie. Ce rapport a permis d\u2019\u00e9clairer le d\u00e9bat et d\u2019enrichir les questions formul\u00e9es par les Commissaires lors du dialogue.<\/p>\n<h3><strong>Questions soulev\u00e9es par la Commission Africaine<\/strong><\/h3>\n<ol>\n<li>L\u2019\u00e9rosion de l\u2019\u00c9tat de droit<br \/>\nLes Commissaires ont relev\u00e9 une contradiction entre la pr\u00e9sentation officielle d\u2019un renforcement institutionnel et les \u00e9volutions observ\u00e9es depuis juillet 2021 : concentration des pouvoirs ex\u00e9cutifs, gouvernance par d\u00e9crets, marginalisation des contre-pouvoirs et absence de m\u00e9canismes de contr\u00f4le ind\u00e9pendants.<\/li>\n<li>L\u2019absence persistante d\u2019une Cour constitutionnelle<br \/>\nLa Commission a rappel\u00e9 que, malgr\u00e9 les r\u00e9f\u00e9rences historiques contenues dans le rapport \u00e9tatique, la Tunisie demeure, en 2024, d\u00e9pourvue de Cour constitutionnelle op\u00e9rationnelle. Ce vide fragilise la protection des droits fondamentaux et remet en cause l\u2019\u00e9quilibre des pouvoirs.<\/li>\n<li>Le Conseil des droits de l\u2019Homme et les m\u00e9canismes nationaux<br \/>\nDes clarifications ont \u00e9t\u00e9 demand\u00e9es quant au fonctionnement, \u00e0 l\u2019ind\u00e9pendance et \u00e0 l\u2019efficacit\u00e9 du Conseil des droits de l\u2019Homme en Tunisie, ainsi qu\u2019au r\u00f4le r\u00e9el du m\u00e9canisme national charg\u00e9 du suivi des recommandations internationales.<\/li>\n<li>L\u2019ind\u00e9pendance de la justice<br \/>\nLes Commissaires ont exprim\u00e9 leurs inqui\u00e9tudes concernant la dissolution du Conseil sup\u00e9rieur de la magistrature en 2022, la mise en place d\u2019un Conseil provisoire sous contr\u00f4le ex\u00e9cutif, ainsi que les nombreux t\u00e9moignages d\u2019ing\u00e9rences dans les affaires judiciaires.<\/li>\n<li>La situation des d\u00e9fenseurs des droits humains<br \/>\nLa Commission a interrog\u00e9 la d\u00e9l\u00e9gation sur les arrestations, poursuites et campagnes de stigmatisation visant avocats, journalistes, militantes f\u00e9ministes, syndicalistes et membres d\u2019ONG, en contradiction avec les obligations de protection pr\u00e9vues par la Charte.<\/li>\n<li>Les d\u00e9tenus d\u2019opinion et d\u00e9tenus politiques<br \/>\nLes Commissaires ont demand\u00e9 des explications concernant les d\u00e9tentions prolong\u00e9es, les poursuites abusives fond\u00e9es notamment sur le d\u00e9cret-loi 54, ainsi que les violations du droit \u00e0 un proc\u00e8s \u00e9quitable et de la garantie d\u2019un recours effectif.<\/li>\n<\/ol>\n<h3><strong>L\u2019arr\u00eat Belguith et la non-ex\u00e9cution des d\u00e9cisions de la Cour Africaine<\/strong><\/h3>\n<p>Une attention particuli\u00e8re a \u00e9t\u00e9 consacr\u00e9e \u00e0 l\u2019affaire n\u00b0017\/2021 \u2013 <em>Ibrahim Ben Mohamed Ben Ibrahim Belguith c. R\u00e9publique tunisienne<\/em>. Dans son arr\u00eat du 22 septembre 2022, la Cour Africaine a jug\u00e9 que la Tunisie avait viol\u00e9 la Charte et ordonn\u00e9 :<\/p>\n<ul>\n<li>l\u2019abrogation des d\u00e9crets pr\u00e9sidentiels n\u00b0117 (septembre 2021) et n\u00b0137 et 138 (octobre 2021),<\/li>\n<li>le r\u00e9tablissement de la d\u00e9mocratie constitutionnelle dans un d\u00e9lai de deux ans,<\/li>\n<li>la mise en place d\u2019une Cour constitutionnelle,<\/li>\n<li>la transmission d\u2019un rapport de suivi tous les six mois jusqu\u2019\u00e0 ex\u00e9cution compl\u00e8te.<\/li>\n<\/ul>\n<p>Les Commissaires ont demand\u00e9 au gouvernement d\u2019expliquer pourquoi aucune de ces mesures n\u2019a \u00e9t\u00e9 ex\u00e9cut\u00e9e.<\/p>\n<h3>Une \u00e9valuation rigoureuse au c\u0153ur d\u2019une p\u00e9riode critique<\/h3>\n<p>Alors que le rapport \u00e9tatique insiste sur les acquis institutionnels depuis 2011, la Commission africaine a rappel\u00e9 que la situation actuelle soul\u00e8ve des inqui\u00e9tudes graves et urgentes. La Tunisie est appel\u00e9e \u00e0 prendre des mesures concr\u00e8tes pour restaurer un cadre conforme aux normes r\u00e9gionales en mati\u00e8re d\u2019\u00c9tat de droit.<\/p>\n<p>Le CFJ appelle le gouvernement \u00e0 r\u00e9pondre pleinement aux questions de la Commission, \u00e0 respecter les d\u00e9cisions de la Cour Africaine, et \u00e0 restaurer un environnement garantissant la protection des droits humains pour toutes et tous.<\/p>\n","protected":false},"excerpt":{"rendered":"<p>Banjul, 25\/11\/2025 Lors de l\u2019examen du rapport combin\u00e9 de la Tunisie (10\u1d49\u201318\u1d49 rapports p\u00e9riodiques), soumis au titre de l\u2019Article 62 de la Charte Africaine, les Commissaires de la Commission Africaine [&hellip;]<\/p>\n","protected":false},"author":962,"featured_media":52166,"comment_status":"closed","ping_status":"closed","sticky":false,"template":"","format":"standard","meta":{"_monsterinsights_skip_tracking":false,"_monsterinsights_sitenote_active":false,"_monsterinsights_sitenote_note":"","_monsterinsights_sitenote_category":0,"_price":"","_stock":"","_tribe_ticket_header":"","_tribe_default_ticket_provider":"","_tribe_ticket_capacity":"0","_ticket_start_date":"","_ticket_end_date":"","_tribe_ticket_show_description":"","_tribe_ticket_show_not_going":false,"_tribe_ticket_use_global_stock":"","_tribe_ticket_global_stock_level":"","_global_stock_mode":"","_global_stock_cap":"","_tribe_rsvp_for_event":"","_tribe_ticket_going_count":"","_tribe_ticket_not_going_count":"","_tribe_tickets_list":"[]","_tribe_ticket_has_attendee_info_fields":false,"footnotes":""},"categories":[1023,1020],"tags":[],"countries":[1000],"cases":[],"writer":[],"coalitions":[],"class_list":["post-52360","post","type-post","status-publish","format-standard","has-post-thumbnail","hentry","category-au-connect","category-communiques-de-presse","countries-la-tunisie-2","has-post-title","has-post-date","has-post-category","has-post-tag","has-post-comment","has-post-author",""],"yoast_head":"<!-- This site is optimized with the Yoast SEO plugin v27.4 - https:\/\/yoast.com\/product\/yoast-seo-wordpress\/ -->\n<title>La Commission Africaine interpelle le gouvernement tunisien sur l\u2019\u00e9rosion de l\u2019\u00c9tat de droit, l\u2019ind\u00e9pendance de la justice et la non-ex\u00e9cution de l\u2019arr\u00eat Belguith - Committee for Justice<\/title>\n<meta name=\"description\" content=\"La Commission Africaine interpelle le gouvernement tunisien sur l\u2019\u00e9rosion de l\u2019\u00c9tat de droit, l\u2019ind\u00e9pendance de la justice et la non-ex\u00e9cution de l\u2019arr\u00eat Belguith\" \/>\n<meta name=\"robots\" content=\"index, follow, max-snippet:-1, max-image-preview:large, max-video-preview:-1\" \/>\n<link rel=\"canonical\" href=\"https:\/\/www.cfjustice.org\/fr\/la-commission-africaine-interpelle-le-gouvernement-tunisien-sur-lerosion-de-letat-de-droit-lindependance-de-la-justice-et-la-non-execution-de-larret-belguith\/\" \/>\n<meta property=\"og:locale\" content=\"fr_FR\" \/>\n<meta property=\"og:type\" content=\"article\" \/>\n<meta property=\"og:title\" content=\"La Commission Africaine interpelle le gouvernement tunisien sur l\u2019\u00e9rosion de l\u2019\u00c9tat de droit, l\u2019ind\u00e9pendance de la justice et la non-ex\u00e9cution de l\u2019arr\u00eat Belguith - Committee for Justice\" \/>\n<meta property=\"og:description\" content=\"La Commission Africaine interpelle le gouvernement tunisien sur l\u2019\u00e9rosion de l\u2019\u00c9tat de droit, l\u2019ind\u00e9pendance de la justice et la non-ex\u00e9cution de l\u2019arr\u00eat Belguith\" \/>\n<meta property=\"og:url\" content=\"https:\/\/www.cfjustice.org\/fr\/la-commission-africaine-interpelle-le-gouvernement-tunisien-sur-lerosion-de-letat-de-droit-lindependance-de-la-justice-et-la-non-execution-de-larret-belguith\/\" \/>\n<meta property=\"og:site_name\" content=\"Committee for Justice\" \/>\n<meta property=\"article:publisher\" content=\"https:\/\/www.facebook.com\/cfjusticeorg\" \/>\n<meta property=\"article:published_time\" content=\"2025-11-29T19:12:56+00:00\" \/>\n<meta property=\"og:image\" content=\"https:\/\/www.cfjustice.org\/wp-content\/uploads\/2025\/11\/ACHPRPlaceholder_Green.webp\" \/>\n\t<meta property=\"og:image:width\" content=\"847\" \/>\n\t<meta property=\"og:image:height\" content=\"407\" \/>\n\t<meta property=\"og:image:type\" content=\"image\/png\" \/>\n<meta name=\"author\" content=\"mmurad\" \/>\n<meta name=\"twitter:card\" content=\"summary_large_image\" \/>\n<meta name=\"twitter:creator\" content=\"@cfjusticeorg\" \/>\n<meta name=\"twitter:site\" content=\"@cfjusticeorg\" \/>\n<meta name=\"twitter:label1\" content=\"\u00c9crit par\" \/>\n\t<meta name=\"twitter:data1\" content=\"mmurad\" \/>\n\t<meta name=\"twitter:label2\" content=\"Dur\u00e9e de lecture estim\u00e9e\" \/>\n\t<meta name=\"twitter:data2\" content=\"4 minutes\" \/>\n<script type=\"application\/ld+json\" class=\"yoast-schema-graph\">{\"@context\":\"https:\\\/\\\/schema.org\",\"@graph\":[{\"@type\":\"Article\",\"@id\":\"https:\\\/\\\/www.cfjustice.org\\\/fr\\\/la-commission-africaine-interpelle-le-gouvernement-tunisien-sur-lerosion-de-letat-de-droit-lindependance-de-la-justice-et-la-non-execution-de-larret-belguith\\\/#article\",\"isPartOf\":{\"@id\":\"https:\\\/\\\/www.cfjustice.org\\\/fr\\\/la-commission-africaine-interpelle-le-gouvernement-tunisien-sur-lerosion-de-letat-de-droit-lindependance-de-la-justice-et-la-non-execution-de-larret-belguith\\\/\"},\"author\":{\"name\":\"mmurad\",\"@id\":\"https:\\\/\\\/www.cfjustice.org\\\/fr\\\/#\\\/schema\\\/person\\\/bb556c12ed41de17b43b26af15865af9\"},\"headline\":\"La Commission Africaine interpelle le gouvernement tunisien sur l\u2019\u00e9rosion de l\u2019\u00c9tat de droit, l\u2019ind\u00e9pendance de la justice et la non-ex\u00e9cution de l\u2019arr\u00eat Belguith\",\"datePublished\":\"2025-11-29T19:12:56+00:00\",\"mainEntityOfPage\":{\"@id\":\"https:\\\/\\\/www.cfjustice.org\\\/fr\\\/la-commission-africaine-interpelle-le-gouvernement-tunisien-sur-lerosion-de-letat-de-droit-lindependance-de-la-justice-et-la-non-execution-de-larret-belguith\\\/\"},\"wordCount\":788,\"publisher\":{\"@id\":\"https:\\\/\\\/www.cfjustice.org\\\/fr\\\/#organization\"},\"image\":{\"@id\":\"https:\\\/\\\/www.cfjustice.org\\\/fr\\\/la-commission-africaine-interpelle-le-gouvernement-tunisien-sur-lerosion-de-letat-de-droit-lindependance-de-la-justice-et-la-non-execution-de-larret-belguith\\\/#primaryimage\"},\"thumbnailUrl\":\"https:\\\/\\\/www.cfjustice.org\\\/wp-content\\\/uploads\\\/2025\\\/11\\\/ACHPRPlaceholder_Green.webp\",\"articleSection\":[\"AU Connect\",\"Communiqu\u00e9s de presse\"],\"inLanguage\":\"fr-FR\"},{\"@type\":\"WebPage\",\"@id\":\"https:\\\/\\\/www.cfjustice.org\\\/fr\\\/la-commission-africaine-interpelle-le-gouvernement-tunisien-sur-lerosion-de-letat-de-droit-lindependance-de-la-justice-et-la-non-execution-de-larret-belguith\\\/\",\"url\":\"https:\\\/\\\/www.cfjustice.org\\\/fr\\\/la-commission-africaine-interpelle-le-gouvernement-tunisien-sur-lerosion-de-letat-de-droit-lindependance-de-la-justice-et-la-non-execution-de-larret-belguith\\\/\",\"name\":\"La Commission Africaine interpelle le gouvernement tunisien sur l\u2019\u00e9rosion de l\u2019\u00c9tat de droit, l\u2019ind\u00e9pendance de la justice et la non-ex\u00e9cution de l\u2019arr\u00eat Belguith - Committee for Justice\",\"isPartOf\":{\"@id\":\"https:\\\/\\\/www.cfjustice.org\\\/fr\\\/#website\"},\"primaryImageOfPage\":{\"@id\":\"https:\\\/\\\/www.cfjustice.org\\\/fr\\\/la-commission-africaine-interpelle-le-gouvernement-tunisien-sur-lerosion-de-letat-de-droit-lindependance-de-la-justice-et-la-non-execution-de-larret-belguith\\\/#primaryimage\"},\"image\":{\"@id\":\"https:\\\/\\\/www.cfjustice.org\\\/fr\\\/la-commission-africaine-interpelle-le-gouvernement-tunisien-sur-lerosion-de-letat-de-droit-lindependance-de-la-justice-et-la-non-execution-de-larret-belguith\\\/#primaryimage\"},\"thumbnailUrl\":\"https:\\\/\\\/www.cfjustice.org\\\/wp-content\\\/uploads\\\/2025\\\/11\\\/ACHPRPlaceholder_Green.webp\",\"datePublished\":\"2025-11-29T19:12:56+00:00\",\"description\":\"La Commission Africaine interpelle le gouvernement tunisien sur l\u2019\u00e9rosion de l\u2019\u00c9tat de droit, l\u2019ind\u00e9pendance de la justice et la non-ex\u00e9cution de l\u2019arr\u00eat Belguith\",\"breadcrumb\":{\"@id\":\"https:\\\/\\\/www.cfjustice.org\\\/fr\\\/la-commission-africaine-interpelle-le-gouvernement-tunisien-sur-lerosion-de-letat-de-droit-lindependance-de-la-justice-et-la-non-execution-de-larret-belguith\\\/#breadcrumb\"},\"inLanguage\":\"fr-FR\",\"potentialAction\":[{\"@type\":\"ReadAction\",\"target\":[\"https:\\\/\\\/www.cfjustice.org\\\/fr\\\/la-commission-africaine-interpelle-le-gouvernement-tunisien-sur-lerosion-de-letat-de-droit-lindependance-de-la-justice-et-la-non-execution-de-larret-belguith\\\/\"]}]},{\"@type\":\"ImageObject\",\"inLanguage\":\"fr-FR\",\"@id\":\"https:\\\/\\\/www.cfjustice.org\\\/fr\\\/la-commission-africaine-interpelle-le-gouvernement-tunisien-sur-lerosion-de-letat-de-droit-lindependance-de-la-justice-et-la-non-execution-de-larret-belguith\\\/#primaryimage\",\"url\":\"https:\\\/\\\/www.cfjustice.org\\\/wp-content\\\/uploads\\\/2025\\\/11\\\/ACHPRPlaceholder_Green.webp\",\"contentUrl\":\"https:\\\/\\\/www.cfjustice.org\\\/wp-content\\\/uploads\\\/2025\\\/11\\\/ACHPRPlaceholder_Green.webp\",\"width\":847,\"height\":407,\"caption\":\"ACHPR\"},{\"@type\":\"BreadcrumbList\",\"@id\":\"https:\\\/\\\/www.cfjustice.org\\\/fr\\\/la-commission-africaine-interpelle-le-gouvernement-tunisien-sur-lerosion-de-letat-de-droit-lindependance-de-la-justice-et-la-non-execution-de-larret-belguith\\\/#breadcrumb\",\"itemListElement\":[{\"@type\":\"ListItem\",\"position\":1,\"name\":\"Home\",\"item\":\"https:\\\/\\\/www.cfjustice.org\\\/fr\\\/\"},{\"@type\":\"ListItem\",\"position\":2,\"name\":\"La Commission Africaine interpelle le gouvernement tunisien sur l\u2019\u00e9rosion de l\u2019\u00c9tat de droit, l\u2019ind\u00e9pendance de la justice et la non-ex\u00e9cution de l\u2019arr\u00eat Belguith\"}]},{\"@type\":\"WebSite\",\"@id\":\"https:\\\/\\\/www.cfjustice.org\\\/fr\\\/#website\",\"url\":\"https:\\\/\\\/www.cfjustice.org\\\/fr\\\/\",\"name\":\"Committee for Justice\",\"description\":\"We are working to achieve justice\",\"publisher\":{\"@id\":\"https:\\\/\\\/www.cfjustice.org\\\/fr\\\/#organization\"},\"alternateName\":\"CFJ\",\"potentialAction\":[{\"@type\":\"SearchAction\",\"target\":{\"@type\":\"EntryPoint\",\"urlTemplate\":\"https:\\\/\\\/www.cfjustice.org\\\/fr\\\/?s={search_term_string}\"},\"query-input\":{\"@type\":\"PropertyValueSpecification\",\"valueRequired\":true,\"valueName\":\"search_term_string\"}}],\"inLanguage\":\"fr-FR\"},{\"@type\":\"Organization\",\"@id\":\"https:\\\/\\\/www.cfjustice.org\\\/fr\\\/#organization\",\"name\":\"Committee for Justice\",\"url\":\"https:\\\/\\\/www.cfjustice.org\\\/fr\\\/\",\"logo\":{\"@type\":\"ImageObject\",\"inLanguage\":\"fr-FR\",\"@id\":\"https:\\\/\\\/www.cfjustice.org\\\/fr\\\/#\\\/schema\\\/logo\\\/image\\\/\",\"url\":\"https:\\\/\\\/www.cfjustice.org\\\/wp-content\\\/uploads\\\/2023\\\/10\\\/logo-1.svg\",\"contentUrl\":\"https:\\\/\\\/www.cfjustice.org\\\/wp-content\\\/uploads\\\/2023\\\/10\\\/logo-1.svg\",\"width\":1,\"height\":1,\"caption\":\"Committee for Justice\"},\"image\":{\"@id\":\"https:\\\/\\\/www.cfjustice.org\\\/fr\\\/#\\\/schema\\\/logo\\\/image\\\/\"},\"sameAs\":[\"https:\\\/\\\/www.facebook.com\\\/cfjusticeorg\",\"https:\\\/\\\/x.com\\\/cfjusticeorg\",\"https:\\\/\\\/www.linkedin.com\\\/company\\\/cfjustice\\\/\",\"https:\\\/\\\/www.youtube.com\\\/channel\\\/UCQdBw5-F5Z80xtts8UqRRqQ\",\"https:\\\/\\\/www.instagram.com\\\/cfjusticeorg\"]},{\"@type\":\"Person\",\"@id\":\"https:\\\/\\\/www.cfjustice.org\\\/fr\\\/#\\\/schema\\\/person\\\/bb556c12ed41de17b43b26af15865af9\",\"name\":\"mmurad\",\"image\":{\"@type\":\"ImageObject\",\"inLanguage\":\"fr-FR\",\"@id\":\"https:\\\/\\\/secure.gravatar.com\\\/avatar\\\/b01b45168573d27abfd52e48a08122adff6e2dd698a45002db0e5b672be19a34?s=96&d=mm&r=g\",\"url\":\"https:\\\/\\\/secure.gravatar.com\\\/avatar\\\/b01b45168573d27abfd52e48a08122adff6e2dd698a45002db0e5b672be19a34?s=96&d=mm&r=g\",\"contentUrl\":\"https:\\\/\\\/secure.gravatar.com\\\/avatar\\\/b01b45168573d27abfd52e48a08122adff6e2dd698a45002db0e5b672be19a34?s=96&d=mm&r=g\",\"caption\":\"mmurad\"},\"url\":\"https:\\\/\\\/www.cfjustice.org\\\/fr\\\/author\\\/mmurad\\\/\"}]}<\/script>\n<!-- \/ Yoast SEO plugin. -->","yoast_head_json":{"title":"La Commission Africaine interpelle le gouvernement tunisien sur l\u2019\u00e9rosion de l\u2019\u00c9tat de droit, l\u2019ind\u00e9pendance de la justice et la non-ex\u00e9cution de l\u2019arr\u00eat Belguith - Committee for Justice","description":"La Commission Africaine interpelle le gouvernement tunisien sur l\u2019\u00e9rosion de l\u2019\u00c9tat de droit, l\u2019ind\u00e9pendance de la justice et la non-ex\u00e9cution de l\u2019arr\u00eat Belguith","robots":{"index":"index","follow":"follow","max-snippet":"max-snippet:-1","max-image-preview":"max-image-preview:large","max-video-preview":"max-video-preview:-1"},"canonical":"https:\/\/www.cfjustice.org\/fr\/la-commission-africaine-interpelle-le-gouvernement-tunisien-sur-lerosion-de-letat-de-droit-lindependance-de-la-justice-et-la-non-execution-de-larret-belguith\/","og_locale":"fr_FR","og_type":"article","og_title":"La Commission Africaine interpelle le gouvernement tunisien sur l\u2019\u00e9rosion de l\u2019\u00c9tat de droit, l\u2019ind\u00e9pendance de la justice et la non-ex\u00e9cution de l\u2019arr\u00eat Belguith - Committee for Justice","og_description":"La Commission Africaine interpelle le gouvernement tunisien sur l\u2019\u00e9rosion de l\u2019\u00c9tat de droit, l\u2019ind\u00e9pendance de la justice et la non-ex\u00e9cution de l\u2019arr\u00eat Belguith","og_url":"https:\/\/www.cfjustice.org\/fr\/la-commission-africaine-interpelle-le-gouvernement-tunisien-sur-lerosion-de-letat-de-droit-lindependance-de-la-justice-et-la-non-execution-de-larret-belguith\/","og_site_name":"Committee for Justice","article_publisher":"https:\/\/www.facebook.com\/cfjusticeorg","article_published_time":"2025-11-29T19:12:56+00:00","og_image":[{"width":847,"height":407,"url":"https:\/\/www.cfjustice.org\/wp-content\/uploads\/2025\/11\/ACHPRPlaceholder_Green.webp","type":"image\/png"}],"author":"mmurad","twitter_card":"summary_large_image","twitter_creator":"@cfjusticeorg","twitter_site":"@cfjusticeorg","twitter_misc":{"\u00c9crit par":"mmurad","Dur\u00e9e de lecture estim\u00e9e":"4 minutes"},"schema":{"@context":"https:\/\/schema.org","@graph":[{"@type":"Article","@id":"https:\/\/www.cfjustice.org\/fr\/la-commission-africaine-interpelle-le-gouvernement-tunisien-sur-lerosion-de-letat-de-droit-lindependance-de-la-justice-et-la-non-execution-de-larret-belguith\/#article","isPartOf":{"@id":"https:\/\/www.cfjustice.org\/fr\/la-commission-africaine-interpelle-le-gouvernement-tunisien-sur-lerosion-de-letat-de-droit-lindependance-de-la-justice-et-la-non-execution-de-larret-belguith\/"},"author":{"name":"mmurad","@id":"https:\/\/www.cfjustice.org\/fr\/#\/schema\/person\/bb556c12ed41de17b43b26af15865af9"},"headline":"La Commission Africaine interpelle le gouvernement tunisien sur l\u2019\u00e9rosion de l\u2019\u00c9tat de droit, l\u2019ind\u00e9pendance de la justice et la non-ex\u00e9cution de l\u2019arr\u00eat Belguith","datePublished":"2025-11-29T19:12:56+00:00","mainEntityOfPage":{"@id":"https:\/\/www.cfjustice.org\/fr\/la-commission-africaine-interpelle-le-gouvernement-tunisien-sur-lerosion-de-letat-de-droit-lindependance-de-la-justice-et-la-non-execution-de-larret-belguith\/"},"wordCount":788,"publisher":{"@id":"https:\/\/www.cfjustice.org\/fr\/#organization"},"image":{"@id":"https:\/\/www.cfjustice.org\/fr\/la-commission-africaine-interpelle-le-gouvernement-tunisien-sur-lerosion-de-letat-de-droit-lindependance-de-la-justice-et-la-non-execution-de-larret-belguith\/#primaryimage"},"thumbnailUrl":"https:\/\/www.cfjustice.org\/wp-content\/uploads\/2025\/11\/ACHPRPlaceholder_Green.webp","articleSection":["AU Connect","Communiqu\u00e9s de presse"],"inLanguage":"fr-FR"},{"@type":"WebPage","@id":"https:\/\/www.cfjustice.org\/fr\/la-commission-africaine-interpelle-le-gouvernement-tunisien-sur-lerosion-de-letat-de-droit-lindependance-de-la-justice-et-la-non-execution-de-larret-belguith\/","url":"https:\/\/www.cfjustice.org\/fr\/la-commission-africaine-interpelle-le-gouvernement-tunisien-sur-lerosion-de-letat-de-droit-lindependance-de-la-justice-et-la-non-execution-de-larret-belguith\/","name":"La Commission Africaine interpelle le gouvernement tunisien sur l\u2019\u00e9rosion de l\u2019\u00c9tat de droit, l\u2019ind\u00e9pendance de la justice et la non-ex\u00e9cution de l\u2019arr\u00eat Belguith - Committee for Justice","isPartOf":{"@id":"https:\/\/www.cfjustice.org\/fr\/#website"},"primaryImageOfPage":{"@id":"https:\/\/www.cfjustice.org\/fr\/la-commission-africaine-interpelle-le-gouvernement-tunisien-sur-lerosion-de-letat-de-droit-lindependance-de-la-justice-et-la-non-execution-de-larret-belguith\/#primaryimage"},"image":{"@id":"https:\/\/www.cfjustice.org\/fr\/la-commission-africaine-interpelle-le-gouvernement-tunisien-sur-lerosion-de-letat-de-droit-lindependance-de-la-justice-et-la-non-execution-de-larret-belguith\/#primaryimage"},"thumbnailUrl":"https:\/\/www.cfjustice.org\/wp-content\/uploads\/2025\/11\/ACHPRPlaceholder_Green.webp","datePublished":"2025-11-29T19:12:56+00:00","description":"La Commission Africaine interpelle le gouvernement tunisien sur l\u2019\u00e9rosion de l\u2019\u00c9tat de droit, l\u2019ind\u00e9pendance de la justice et la non-ex\u00e9cution de l\u2019arr\u00eat Belguith","breadcrumb":{"@id":"https:\/\/www.cfjustice.org\/fr\/la-commission-africaine-interpelle-le-gouvernement-tunisien-sur-lerosion-de-letat-de-droit-lindependance-de-la-justice-et-la-non-execution-de-larret-belguith\/#breadcrumb"},"inLanguage":"fr-FR","potentialAction":[{"@type":"ReadAction","target":["https:\/\/www.cfjustice.org\/fr\/la-commission-africaine-interpelle-le-gouvernement-tunisien-sur-lerosion-de-letat-de-droit-lindependance-de-la-justice-et-la-non-execution-de-larret-belguith\/"]}]},{"@type":"ImageObject","inLanguage":"fr-FR","@id":"https:\/\/www.cfjustice.org\/fr\/la-commission-africaine-interpelle-le-gouvernement-tunisien-sur-lerosion-de-letat-de-droit-lindependance-de-la-justice-et-la-non-execution-de-larret-belguith\/#primaryimage","url":"https:\/\/www.cfjustice.org\/wp-content\/uploads\/2025\/11\/ACHPRPlaceholder_Green.webp","contentUrl":"https:\/\/www.cfjustice.org\/wp-content\/uploads\/2025\/11\/ACHPRPlaceholder_Green.webp","width":847,"height":407,"caption":"ACHPR"},{"@type":"BreadcrumbList","@id":"https:\/\/www.cfjustice.org\/fr\/la-commission-africaine-interpelle-le-gouvernement-tunisien-sur-lerosion-de-letat-de-droit-lindependance-de-la-justice-et-la-non-execution-de-larret-belguith\/#breadcrumb","itemListElement":[{"@type":"ListItem","position":1,"name":"Home","item":"https:\/\/www.cfjustice.org\/fr\/"},{"@type":"ListItem","position":2,"name":"La Commission Africaine interpelle le gouvernement tunisien sur l\u2019\u00e9rosion de l\u2019\u00c9tat de droit, l\u2019ind\u00e9pendance de la justice et la non-ex\u00e9cution de l\u2019arr\u00eat Belguith"}]},{"@type":"WebSite","@id":"https:\/\/www.cfjustice.org\/fr\/#website","url":"https:\/\/www.cfjustice.org\/fr\/","name":"Committee for Justice","description":"We are working to achieve justice","publisher":{"@id":"https:\/\/www.cfjustice.org\/fr\/#organization"},"alternateName":"CFJ","potentialAction":[{"@type":"SearchAction","target":{"@type":"EntryPoint","urlTemplate":"https:\/\/www.cfjustice.org\/fr\/?s={search_term_string}"},"query-input":{"@type":"PropertyValueSpecification","valueRequired":true,"valueName":"search_term_string"}}],"inLanguage":"fr-FR"},{"@type":"Organization","@id":"https:\/\/www.cfjustice.org\/fr\/#organization","name":"Committee for Justice","url":"https:\/\/www.cfjustice.org\/fr\/","logo":{"@type":"ImageObject","inLanguage":"fr-FR","@id":"https:\/\/www.cfjustice.org\/fr\/#\/schema\/logo\/image\/","url":"https:\/\/www.cfjustice.org\/wp-content\/uploads\/2023\/10\/logo-1.svg","contentUrl":"https:\/\/www.cfjustice.org\/wp-content\/uploads\/2023\/10\/logo-1.svg","width":1,"height":1,"caption":"Committee for Justice"},"image":{"@id":"https:\/\/www.cfjustice.org\/fr\/#\/schema\/logo\/image\/"},"sameAs":["https:\/\/www.facebook.com\/cfjusticeorg","https:\/\/x.com\/cfjusticeorg","https:\/\/www.linkedin.com\/company\/cfjustice\/","https:\/\/www.youtube.com\/channel\/UCQdBw5-F5Z80xtts8UqRRqQ","https:\/\/www.instagram.com\/cfjusticeorg"]},{"@type":"Person","@id":"https:\/\/www.cfjustice.org\/fr\/#\/schema\/person\/bb556c12ed41de17b43b26af15865af9","name":"mmurad","image":{"@type":"ImageObject","inLanguage":"fr-FR","@id":"https:\/\/secure.gravatar.com\/avatar\/b01b45168573d27abfd52e48a08122adff6e2dd698a45002db0e5b672be19a34?s=96&d=mm&r=g","url":"https:\/\/secure.gravatar.com\/avatar\/b01b45168573d27abfd52e48a08122adff6e2dd698a45002db0e5b672be19a34?s=96&d=mm&r=g","contentUrl":"https:\/\/secure.gravatar.com\/avatar\/b01b45168573d27abfd52e48a08122adff6e2dd698a45002db0e5b672be19a34?s=96&d=mm&r=g","caption":"mmurad"},"url":"https:\/\/www.cfjustice.org\/fr\/author\/mmurad\/"}]}},"_links":{"self":[{"href":"https:\/\/www.cfjustice.org\/fr\/wp-json\/wp\/v2\/posts\/52360","targetHints":{"allow":["GET"]}}],"collection":[{"href":"https:\/\/www.cfjustice.org\/fr\/wp-json\/wp\/v2\/posts"}],"about":[{"href":"https:\/\/www.cfjustice.org\/fr\/wp-json\/wp\/v2\/types\/post"}],"author":[{"embeddable":true,"href":"https:\/\/www.cfjustice.org\/fr\/wp-json\/wp\/v2\/users\/962"}],"replies":[{"embeddable":true,"href":"https:\/\/www.cfjustice.org\/fr\/wp-json\/wp\/v2\/comments?post=52360"}],"version-history":[{"count":0,"href":"https:\/\/www.cfjustice.org\/fr\/wp-json\/wp\/v2\/posts\/52360\/revisions"}],"wp:featuredmedia":[{"embeddable":true,"href":"https:\/\/www.cfjustice.org\/fr\/wp-json\/wp\/v2\/media\/52166"}],"wp:attachment":[{"href":"https:\/\/www.cfjustice.org\/fr\/wp-json\/wp\/v2\/media?parent=52360"}],"wp:term":[{"taxonomy":"category","embeddable":true,"href":"https:\/\/www.cfjustice.org\/fr\/wp-json\/wp\/v2\/categories?post=52360"},{"taxonomy":"post_tag","embeddable":true,"href":"https:\/\/www.cfjustice.org\/fr\/wp-json\/wp\/v2\/tags?post=52360"},{"taxonomy":"countries","embeddable":true,"href":"https:\/\/www.cfjustice.org\/fr\/wp-json\/wp\/v2\/countries?post=52360"},{"taxonomy":"cases","embeddable":true,"href":"https:\/\/www.cfjustice.org\/fr\/wp-json\/wp\/v2\/cases?post=52360"},{"taxonomy":"writer","embeddable":true,"href":"https:\/\/www.cfjustice.org\/fr\/wp-json\/wp\/v2\/writer?post=52360"},{"taxonomy":"coalitions","embeddable":true,"href":"https:\/\/www.cfjustice.org\/fr\/wp-json\/wp\/v2\/coalitions?post=52360"}],"curies":[{"name":"wp","href":"https:\/\/api.w.org\/{rel}","templated":true}]}}