{"id":51847,"date":"2025-10-24T17:33:46","date_gmt":"2025-10-24T15:33:46","guid":{"rendered":"https:\/\/www.cfjustice.org\/gabes-etouffe-le-pouvoir-detourne-le-regard\/"},"modified":"2025-10-24T17:33:46","modified_gmt":"2025-10-24T15:33:46","slug":"gabes-etouffe-le-pouvoir-detourne-le-regard","status":"publish","type":"post","link":"https:\/\/www.cfjustice.org\/fr\/gabes-etouffe-le-pouvoir-detourne-le-regard\/","title":{"rendered":"Gab\u00e8s \u00e9touffe, le pouvoir d\u00e9tourne le regard"},"content":{"rendered":"<p>Gab\u00e8s \u00e9touffe. Depuis des d\u00e9cennies, ses habitants subissent les effets d\u00e9vastateurs de la pollution industrielle provoqu\u00e9e par le Groupe chimique tunisien (GCT), install\u00e9 au c\u0153ur d\u2019une oasis jadis verdoyante et prosp\u00e8re. Les \u00e9manations toxiques, les eaux noircies et les terres st\u00e9rilis\u00e9es ont transform\u00e9 cette r\u00e9gion en zone de sacrifice, o\u00f9 respirer est devenu un acte dangereux.<\/p>\n<p>Les r\u00e9centes hospitalisations de dizaines de citoyens, victimes d\u2019asphyxie \u00e0 cause des \u00e9manations du complexe chimique, viennent rappeler l\u2019ampleur de cette trag\u00e9die environnementale. Derri\u00e8re ces sympt\u00f4mes se cache une politique d\u2019\u00c9tat qui, au lieu de prot\u00e9ger la vie, choisit de la mettre en p\u00e9ril.<\/p>\n<h3><strong>Une trahison des engagements publics<\/strong><\/h3>\n<p>Depuis l\u2019an 2000, le phosphogypse \u2013 r\u00e9sidu canc\u00e9rig\u00e8ne issu de la production d\u2019engrais \u2013 est class\u00e9 parmi les <strong>mati\u00e8res dangereuses<\/strong> selon la r\u00e9glementation tunisienne. En 2017, apr\u00e8s des ann\u00e9es de luttes citoyennes, un d\u00e9cret gouvernemental a enfin ordonn\u00e9 l\u2019arr\u00eat du d\u00e9versement du phosphogypse dans la mer et le d\u00e9mant\u00e8lement progressif des unit\u00e9s polluantes du complexe chimique. Selon le calendrier officiel, la derni\u00e8re unit\u00e9 devait \u00eatre ferm\u00e9e fin 2024.<br \/>\nMais huit ans plus tard, aucune mesure n\u2019a \u00e9t\u00e9 appliqu\u00e9e. Pire encore, en mars 2025, le pr\u00e9sident Ka\u00efs Sa\u00efed a tenu une r\u00e9union avec la ministre de l\u2019Industrie, suivie d\u2019un conseil minist\u00e9riel qui a retir\u00e9 le phosphogypse de la liste des substances dangereuses \u2014 une d\u00e9cision incompr\u00e9hensible, contraire \u00e0 toute logique scientifique, juridique et humaine.<\/p>\n<h3><strong>Une d\u00e9rive autoritaire face \u00e0 la col\u00e8re citoyenne<\/strong><\/h3>\n<p>Face \u00e0 cette injustice, les habitants de Gab\u00e8s ont repris la rue. Leurs manifestations pacifiques pour le droit \u00e0 un environnement sain ont \u00e9t\u00e9 violemment r\u00e9prim\u00e9es. Les forces de s\u00e9curit\u00e9 ont fait usage d\u2019un niveau disproportionn\u00e9 de violence, allant jusqu\u2019\u00e0 viser directement un jeune manifestant \u00e0 l\u2019\u0153il avec une cartouche de gaz lacrymog\u00e8ne, le mutilant \u00e0 vie.<br \/>\nCette approche s\u00e9curitaire traduit la panique d\u2019un pouvoir incapable d\u2019entendre la douleur d\u2019un peuple, et qui r\u00e9pond \u00e0 la l\u00e9gitime revendication du droit \u00e0 la vie par des tirs et des mensonges.<\/p>\n<h3><strong>Une catastrophe \u00e9cologique et humaine<\/strong><\/h3>\n<p>Le cas de Gab\u00e8s illustre le co\u00fbt mortel de la politique industrielle actuelle : produire toujours plus d\u2019engrais, au prix du sacrifice des corps et des \u00e9cosyst\u00e8mes. Les rapports scientifiques sont sans appel : \u00e9missions toxiques de dioxyde de soufre et d\u2019ammoniac, contamination des sols et des nappes phr\u00e9atiques par le plomb et l\u2019arsenic, hausse alarmante des cancers et malformations cong\u00e9nitales.<br \/>\nCe d\u00e9sastre, loin d\u2019\u00eatre une fatalit\u00e9, est le r\u00e9sultat d\u2019un choix politique d\u00e9lib\u00e9r\u00e9 \u2013 celui de faire primer le profit et le silence et l\u2019impunit\u00e9 sur la sant\u00e9 et la dignit\u00e9 humaines.<\/p>\n<h3><strong>Un avertissement pour toute la r\u00e9gion<\/strong><\/h3>\n<p>Gab\u00e8s est aujourd\u2019hui le symbole d\u2019un double effondrement : \u00e9cologique et d\u00e9mocratique.<br \/>\nEn sacrifiant la v\u00e9rit\u00e9, la vie et la justice sur l\u2019autel du silence et de la peur, le pouvoir tunisien envoie un message alarmant \u00e0 toute la r\u00e9gion MENA : prot\u00e9ger l\u2019environnement est devenu un acte de r\u00e9sistance.<\/p>\n<h3><strong>Appel \u00e0 la communaut\u00e9 internationale<\/strong><\/h3>\n<p>Le Comit\u00e9 pour la Justice (CFJ) appelle la communaut\u00e9 internationale, les m\u00e9canismes onusiens des droits humains, et les organisations environnementales mondiales \u00e0 agir d\u2019urgence.<br \/>\nIl est imp\u00e9ratif d\u2019ouvrir une enqu\u00eate internationale ind\u00e9pendante sur les atteintes graves au droit \u00e0 la sant\u00e9, \u00e0 l\u2019environnement et \u00e0 la libert\u00e9 de manifestation \u00e0 Gab\u00e8s.<br \/>\nLe silence des institutions internationales face \u00e0 cette situation constituerait une complicit\u00e9 tacite dans une crise qui m\u00eale \u00e9cocide et r\u00e9pression d\u2019\u00c9tat.<\/p>\n<p>\u201cL\u2019environnement n\u2019est pas un luxe ni un slogan politique. C\u2019est un droit fondamental.<br \/>\nLa r\u00e9pression des militants de Gab\u00e8s est la r\u00e9pression de tout un peuple qui refuse d\u2019\u00eatre empoisonn\u00e9.\u201d<br \/>\n\u2014 <strong>Comit\u00e9 pour la Justice (CFJ)<\/strong><\/p>\n","protected":false},"excerpt":{"rendered":"<p>Gab\u00e8s \u00e9touffe. Depuis des d\u00e9cennies, ses habitants subissent les effets d\u00e9vastateurs de la pollution industrielle provoqu\u00e9e par le Groupe chimique tunisien (GCT), install\u00e9 au c\u0153ur d\u2019une oasis jadis verdoyante et [&hellip;]<\/p>\n","protected":false},"author":962,"featured_media":51822,"comment_status":"closed","ping_status":"closed","sticky":false,"template":"","format":"standard","meta":{"_monsterinsights_skip_tracking":false,"_monsterinsights_sitenote_active":false,"_monsterinsights_sitenote_note":"","_monsterinsights_sitenote_category":0,"_price":"","_stock":"","_tribe_ticket_header":"","_tribe_default_ticket_provider":"","_tribe_ticket_capacity":"0","_ticket_start_date":"","_ticket_end_date":"","_tribe_ticket_show_description":"","_tribe_ticket_show_not_going":false,"_tribe_ticket_use_global_stock":"","_tribe_ticket_global_stock_level":"","_global_stock_mode":"","_global_stock_cap":"","_tribe_rsvp_for_event":"","_tribe_ticket_going_count":"","_tribe_ticket_not_going_count":"","_tribe_tickets_list":"[]","_tribe_ticket_has_attendee_info_fields":false,"footnotes":""},"categories":[999],"tags":[],"countries":[1000],"cases":[],"writer":[],"coalitions":[],"class_list":["post-51847","post","type-post","status-publish","format-standard","has-post-thumbnail","hentry","category-nouvelles","countries-la-tunisie-2","has-post-title","has-post-date","has-post-category","has-post-tag","has-post-comment","has-post-author",""],"yoast_head":"<!-- This site is optimized with the Yoast SEO plugin v27.4 - https:\/\/yoast.com\/product\/yoast-seo-wordpress\/ -->\n<title>Gab\u00e8s \u00e9touffe, le pouvoir d\u00e9tourne le regard - Committee for Justice<\/title>\n<meta name=\"description\" content=\"Gab\u00e8s \u00e9touffe, le pouvoir d\u00e9tourne le regard\" \/>\n<meta name=\"robots\" content=\"index, follow, max-snippet:-1, max-image-preview:large, max-video-preview:-1\" \/>\n<link rel=\"canonical\" href=\"https:\/\/www.cfjustice.org\/fr\/gabes-etouffe-le-pouvoir-detourne-le-regard\/\" \/>\n<meta property=\"og:locale\" content=\"fr_FR\" \/>\n<meta property=\"og:type\" content=\"article\" \/>\n<meta property=\"og:title\" content=\"Gab\u00e8s \u00e9touffe, le pouvoir d\u00e9tourne le regard - Committee for Justice\" \/>\n<meta property=\"og:description\" content=\"Gab\u00e8s \u00e9touffe, le pouvoir d\u00e9tourne le regard\" \/>\n<meta property=\"og:url\" content=\"https:\/\/www.cfjustice.org\/fr\/gabes-etouffe-le-pouvoir-detourne-le-regard\/\" \/>\n<meta property=\"og:site_name\" content=\"Committee for Justice\" \/>\n<meta property=\"article:publisher\" content=\"https:\/\/www.facebook.com\/cfjusticeorg\" \/>\n<meta property=\"article:published_time\" content=\"2025-10-24T15:33:46+00:00\" \/>\n<meta property=\"og:image\" content=\"https:\/\/www.cfjustice.org\/wp-content\/uploads\/2025\/10\/Screenshot-2025-10-21-at-10.42.12-e1761040073161.webp\" \/>\n\t<meta property=\"og:image:width\" content=\"2556\" \/>\n\t<meta property=\"og:image:height\" content=\"1548\" \/>\n\t<meta property=\"og:image:type\" content=\"image\/png\" \/>\n<meta name=\"author\" content=\"mmurad\" \/>\n<meta name=\"twitter:card\" content=\"summary_large_image\" \/>\n<meta name=\"twitter:creator\" content=\"@cfjusticeorg\" \/>\n<meta name=\"twitter:site\" content=\"@cfjusticeorg\" \/>\n<meta name=\"twitter:label1\" content=\"\u00c9crit par\" \/>\n\t<meta name=\"twitter:data1\" content=\"mmurad\" \/>\n\t<meta name=\"twitter:label2\" content=\"Dur\u00e9e de lecture estim\u00e9e\" \/>\n\t<meta name=\"twitter:data2\" content=\"3 minutes\" \/>\n<script type=\"application\/ld+json\" class=\"yoast-schema-graph\">{\"@context\":\"https:\\\/\\\/schema.org\",\"@graph\":[{\"@type\":\"Article\",\"@id\":\"https:\\\/\\\/www.cfjustice.org\\\/fr\\\/gabes-etouffe-le-pouvoir-detourne-le-regard\\\/#article\",\"isPartOf\":{\"@id\":\"https:\\\/\\\/www.cfjustice.org\\\/fr\\\/gabes-etouffe-le-pouvoir-detourne-le-regard\\\/\"},\"author\":{\"name\":\"mmurad\",\"@id\":\"https:\\\/\\\/www.cfjustice.org\\\/fr\\\/#\\\/schema\\\/person\\\/bb556c12ed41de17b43b26af15865af9\"},\"headline\":\"Gab\u00e8s \u00e9touffe, le pouvoir d\u00e9tourne le regard\",\"datePublished\":\"2025-10-24T15:33:46+00:00\",\"mainEntityOfPage\":{\"@id\":\"https:\\\/\\\/www.cfjustice.org\\\/fr\\\/gabes-etouffe-le-pouvoir-detourne-le-regard\\\/\"},\"wordCount\":679,\"publisher\":{\"@id\":\"https:\\\/\\\/www.cfjustice.org\\\/fr\\\/#organization\"},\"image\":{\"@id\":\"https:\\\/\\\/www.cfjustice.org\\\/fr\\\/gabes-etouffe-le-pouvoir-detourne-le-regard\\\/#primaryimage\"},\"thumbnailUrl\":\"https:\\\/\\\/www.cfjustice.org\\\/wp-content\\\/uploads\\\/2025\\\/10\\\/Screenshot-2025-10-21-at-10.42.12-e1761040073161.webp\",\"articleSection\":[\"nouvelles\"],\"inLanguage\":\"fr-FR\"},{\"@type\":\"WebPage\",\"@id\":\"https:\\\/\\\/www.cfjustice.org\\\/fr\\\/gabes-etouffe-le-pouvoir-detourne-le-regard\\\/\",\"url\":\"https:\\\/\\\/www.cfjustice.org\\\/fr\\\/gabes-etouffe-le-pouvoir-detourne-le-regard\\\/\",\"name\":\"Gab\u00e8s \u00e9touffe, le pouvoir d\u00e9tourne le regard - Committee for Justice\",\"isPartOf\":{\"@id\":\"https:\\\/\\\/www.cfjustice.org\\\/fr\\\/#website\"},\"primaryImageOfPage\":{\"@id\":\"https:\\\/\\\/www.cfjustice.org\\\/fr\\\/gabes-etouffe-le-pouvoir-detourne-le-regard\\\/#primaryimage\"},\"image\":{\"@id\":\"https:\\\/\\\/www.cfjustice.org\\\/fr\\\/gabes-etouffe-le-pouvoir-detourne-le-regard\\\/#primaryimage\"},\"thumbnailUrl\":\"https:\\\/\\\/www.cfjustice.org\\\/wp-content\\\/uploads\\\/2025\\\/10\\\/Screenshot-2025-10-21-at-10.42.12-e1761040073161.webp\",\"datePublished\":\"2025-10-24T15:33:46+00:00\",\"description\":\"Gab\u00e8s \u00e9touffe, le pouvoir d\u00e9tourne le regard\",\"breadcrumb\":{\"@id\":\"https:\\\/\\\/www.cfjustice.org\\\/fr\\\/gabes-etouffe-le-pouvoir-detourne-le-regard\\\/#breadcrumb\"},\"inLanguage\":\"fr-FR\",\"potentialAction\":[{\"@type\":\"ReadAction\",\"target\":[\"https:\\\/\\\/www.cfjustice.org\\\/fr\\\/gabes-etouffe-le-pouvoir-detourne-le-regard\\\/\"]}]},{\"@type\":\"ImageObject\",\"inLanguage\":\"fr-FR\",\"@id\":\"https:\\\/\\\/www.cfjustice.org\\\/fr\\\/gabes-etouffe-le-pouvoir-detourne-le-regard\\\/#primaryimage\",\"url\":\"https:\\\/\\\/www.cfjustice.org\\\/wp-content\\\/uploads\\\/2025\\\/10\\\/Screenshot-2025-10-21-at-10.42.12-e1761040073161.webp\",\"contentUrl\":\"https:\\\/\\\/www.cfjustice.org\\\/wp-content\\\/uploads\\\/2025\\\/10\\\/Screenshot-2025-10-21-at-10.42.12-e1761040073161.webp\",\"width\":2556,\"height\":1548,\"caption\":\"\u0645\u0638\u0627\u0647\u0631\u0647 \u0641\u064a\"},{\"@type\":\"BreadcrumbList\",\"@id\":\"https:\\\/\\\/www.cfjustice.org\\\/fr\\\/gabes-etouffe-le-pouvoir-detourne-le-regard\\\/#breadcrumb\",\"itemListElement\":[{\"@type\":\"ListItem\",\"position\":1,\"name\":\"Home\",\"item\":\"https:\\\/\\\/www.cfjustice.org\\\/fr\\\/\"},{\"@type\":\"ListItem\",\"position\":2,\"name\":\"Gab\u00e8s \u00e9touffe, le pouvoir d\u00e9tourne le regard\"}]},{\"@type\":\"WebSite\",\"@id\":\"https:\\\/\\\/www.cfjustice.org\\\/fr\\\/#website\",\"url\":\"https:\\\/\\\/www.cfjustice.org\\\/fr\\\/\",\"name\":\"Committee for Justice\",\"description\":\"We are working to achieve justice\",\"publisher\":{\"@id\":\"https:\\\/\\\/www.cfjustice.org\\\/fr\\\/#organization\"},\"alternateName\":\"CFJ\",\"potentialAction\":[{\"@type\":\"SearchAction\",\"target\":{\"@type\":\"EntryPoint\",\"urlTemplate\":\"https:\\\/\\\/www.cfjustice.org\\\/fr\\\/?s={search_term_string}\"},\"query-input\":{\"@type\":\"PropertyValueSpecification\",\"valueRequired\":true,\"valueName\":\"search_term_string\"}}],\"inLanguage\":\"fr-FR\"},{\"@type\":\"Organization\",\"@id\":\"https:\\\/\\\/www.cfjustice.org\\\/fr\\\/#organization\",\"name\":\"Committee for Justice\",\"url\":\"https:\\\/\\\/www.cfjustice.org\\\/fr\\\/\",\"logo\":{\"@type\":\"ImageObject\",\"inLanguage\":\"fr-FR\",\"@id\":\"https:\\\/\\\/www.cfjustice.org\\\/fr\\\/#\\\/schema\\\/logo\\\/image\\\/\",\"url\":\"https:\\\/\\\/www.cfjustice.org\\\/wp-content\\\/uploads\\\/2023\\\/10\\\/logo-1.svg\",\"contentUrl\":\"https:\\\/\\\/www.cfjustice.org\\\/wp-content\\\/uploads\\\/2023\\\/10\\\/logo-1.svg\",\"width\":1,\"height\":1,\"caption\":\"Committee for Justice\"},\"image\":{\"@id\":\"https:\\\/\\\/www.cfjustice.org\\\/fr\\\/#\\\/schema\\\/logo\\\/image\\\/\"},\"sameAs\":[\"https:\\\/\\\/www.facebook.com\\\/cfjusticeorg\",\"https:\\\/\\\/x.com\\\/cfjusticeorg\",\"https:\\\/\\\/www.linkedin.com\\\/company\\\/cfjustice\\\/\",\"https:\\\/\\\/www.youtube.com\\\/channel\\\/UCQdBw5-F5Z80xtts8UqRRqQ\",\"https:\\\/\\\/www.instagram.com\\\/cfjusticeorg\"]},{\"@type\":\"Person\",\"@id\":\"https:\\\/\\\/www.cfjustice.org\\\/fr\\\/#\\\/schema\\\/person\\\/bb556c12ed41de17b43b26af15865af9\",\"name\":\"mmurad\",\"image\":{\"@type\":\"ImageObject\",\"inLanguage\":\"fr-FR\",\"@id\":\"https:\\\/\\\/secure.gravatar.com\\\/avatar\\\/b01b45168573d27abfd52e48a08122adff6e2dd698a45002db0e5b672be19a34?s=96&d=mm&r=g\",\"url\":\"https:\\\/\\\/secure.gravatar.com\\\/avatar\\\/b01b45168573d27abfd52e48a08122adff6e2dd698a45002db0e5b672be19a34?s=96&d=mm&r=g\",\"contentUrl\":\"https:\\\/\\\/secure.gravatar.com\\\/avatar\\\/b01b45168573d27abfd52e48a08122adff6e2dd698a45002db0e5b672be19a34?s=96&d=mm&r=g\",\"caption\":\"mmurad\"},\"url\":\"https:\\\/\\\/www.cfjustice.org\\\/fr\\\/author\\\/mmurad\\\/\"}]}<\/script>\n<!-- \/ Yoast SEO plugin. -->","yoast_head_json":{"title":"Gab\u00e8s \u00e9touffe, le pouvoir d\u00e9tourne le regard - Committee for Justice","description":"Gab\u00e8s \u00e9touffe, le pouvoir d\u00e9tourne le regard","robots":{"index":"index","follow":"follow","max-snippet":"max-snippet:-1","max-image-preview":"max-image-preview:large","max-video-preview":"max-video-preview:-1"},"canonical":"https:\/\/www.cfjustice.org\/fr\/gabes-etouffe-le-pouvoir-detourne-le-regard\/","og_locale":"fr_FR","og_type":"article","og_title":"Gab\u00e8s \u00e9touffe, le pouvoir d\u00e9tourne le regard - Committee for Justice","og_description":"Gab\u00e8s \u00e9touffe, le pouvoir d\u00e9tourne le regard","og_url":"https:\/\/www.cfjustice.org\/fr\/gabes-etouffe-le-pouvoir-detourne-le-regard\/","og_site_name":"Committee for Justice","article_publisher":"https:\/\/www.facebook.com\/cfjusticeorg","article_published_time":"2025-10-24T15:33:46+00:00","og_image":[{"width":2556,"height":1548,"url":"https:\/\/www.cfjustice.org\/wp-content\/uploads\/2025\/10\/Screenshot-2025-10-21-at-10.42.12-e1761040073161.webp","type":"image\/png"}],"author":"mmurad","twitter_card":"summary_large_image","twitter_creator":"@cfjusticeorg","twitter_site":"@cfjusticeorg","twitter_misc":{"\u00c9crit par":"mmurad","Dur\u00e9e de lecture estim\u00e9e":"3 minutes"},"schema":{"@context":"https:\/\/schema.org","@graph":[{"@type":"Article","@id":"https:\/\/www.cfjustice.org\/fr\/gabes-etouffe-le-pouvoir-detourne-le-regard\/#article","isPartOf":{"@id":"https:\/\/www.cfjustice.org\/fr\/gabes-etouffe-le-pouvoir-detourne-le-regard\/"},"author":{"name":"mmurad","@id":"https:\/\/www.cfjustice.org\/fr\/#\/schema\/person\/bb556c12ed41de17b43b26af15865af9"},"headline":"Gab\u00e8s \u00e9touffe, le pouvoir d\u00e9tourne le regard","datePublished":"2025-10-24T15:33:46+00:00","mainEntityOfPage":{"@id":"https:\/\/www.cfjustice.org\/fr\/gabes-etouffe-le-pouvoir-detourne-le-regard\/"},"wordCount":679,"publisher":{"@id":"https:\/\/www.cfjustice.org\/fr\/#organization"},"image":{"@id":"https:\/\/www.cfjustice.org\/fr\/gabes-etouffe-le-pouvoir-detourne-le-regard\/#primaryimage"},"thumbnailUrl":"https:\/\/www.cfjustice.org\/wp-content\/uploads\/2025\/10\/Screenshot-2025-10-21-at-10.42.12-e1761040073161.webp","articleSection":["nouvelles"],"inLanguage":"fr-FR"},{"@type":"WebPage","@id":"https:\/\/www.cfjustice.org\/fr\/gabes-etouffe-le-pouvoir-detourne-le-regard\/","url":"https:\/\/www.cfjustice.org\/fr\/gabes-etouffe-le-pouvoir-detourne-le-regard\/","name":"Gab\u00e8s \u00e9touffe, le pouvoir d\u00e9tourne le regard - Committee for Justice","isPartOf":{"@id":"https:\/\/www.cfjustice.org\/fr\/#website"},"primaryImageOfPage":{"@id":"https:\/\/www.cfjustice.org\/fr\/gabes-etouffe-le-pouvoir-detourne-le-regard\/#primaryimage"},"image":{"@id":"https:\/\/www.cfjustice.org\/fr\/gabes-etouffe-le-pouvoir-detourne-le-regard\/#primaryimage"},"thumbnailUrl":"https:\/\/www.cfjustice.org\/wp-content\/uploads\/2025\/10\/Screenshot-2025-10-21-at-10.42.12-e1761040073161.webp","datePublished":"2025-10-24T15:33:46+00:00","description":"Gab\u00e8s \u00e9touffe, le pouvoir d\u00e9tourne le regard","breadcrumb":{"@id":"https:\/\/www.cfjustice.org\/fr\/gabes-etouffe-le-pouvoir-detourne-le-regard\/#breadcrumb"},"inLanguage":"fr-FR","potentialAction":[{"@type":"ReadAction","target":["https:\/\/www.cfjustice.org\/fr\/gabes-etouffe-le-pouvoir-detourne-le-regard\/"]}]},{"@type":"ImageObject","inLanguage":"fr-FR","@id":"https:\/\/www.cfjustice.org\/fr\/gabes-etouffe-le-pouvoir-detourne-le-regard\/#primaryimage","url":"https:\/\/www.cfjustice.org\/wp-content\/uploads\/2025\/10\/Screenshot-2025-10-21-at-10.42.12-e1761040073161.webp","contentUrl":"https:\/\/www.cfjustice.org\/wp-content\/uploads\/2025\/10\/Screenshot-2025-10-21-at-10.42.12-e1761040073161.webp","width":2556,"height":1548,"caption":"\u0645\u0638\u0627\u0647\u0631\u0647 \u0641\u064a"},{"@type":"BreadcrumbList","@id":"https:\/\/www.cfjustice.org\/fr\/gabes-etouffe-le-pouvoir-detourne-le-regard\/#breadcrumb","itemListElement":[{"@type":"ListItem","position":1,"name":"Home","item":"https:\/\/www.cfjustice.org\/fr\/"},{"@type":"ListItem","position":2,"name":"Gab\u00e8s \u00e9touffe, le pouvoir d\u00e9tourne le regard"}]},{"@type":"WebSite","@id":"https:\/\/www.cfjustice.org\/fr\/#website","url":"https:\/\/www.cfjustice.org\/fr\/","name":"Committee for Justice","description":"We are working to achieve justice","publisher":{"@id":"https:\/\/www.cfjustice.org\/fr\/#organization"},"alternateName":"CFJ","potentialAction":[{"@type":"SearchAction","target":{"@type":"EntryPoint","urlTemplate":"https:\/\/www.cfjustice.org\/fr\/?s={search_term_string}"},"query-input":{"@type":"PropertyValueSpecification","valueRequired":true,"valueName":"search_term_string"}}],"inLanguage":"fr-FR"},{"@type":"Organization","@id":"https:\/\/www.cfjustice.org\/fr\/#organization","name":"Committee for Justice","url":"https:\/\/www.cfjustice.org\/fr\/","logo":{"@type":"ImageObject","inLanguage":"fr-FR","@id":"https:\/\/www.cfjustice.org\/fr\/#\/schema\/logo\/image\/","url":"https:\/\/www.cfjustice.org\/wp-content\/uploads\/2023\/10\/logo-1.svg","contentUrl":"https:\/\/www.cfjustice.org\/wp-content\/uploads\/2023\/10\/logo-1.svg","width":1,"height":1,"caption":"Committee for Justice"},"image":{"@id":"https:\/\/www.cfjustice.org\/fr\/#\/schema\/logo\/image\/"},"sameAs":["https:\/\/www.facebook.com\/cfjusticeorg","https:\/\/x.com\/cfjusticeorg","https:\/\/www.linkedin.com\/company\/cfjustice\/","https:\/\/www.youtube.com\/channel\/UCQdBw5-F5Z80xtts8UqRRqQ","https:\/\/www.instagram.com\/cfjusticeorg"]},{"@type":"Person","@id":"https:\/\/www.cfjustice.org\/fr\/#\/schema\/person\/bb556c12ed41de17b43b26af15865af9","name":"mmurad","image":{"@type":"ImageObject","inLanguage":"fr-FR","@id":"https:\/\/secure.gravatar.com\/avatar\/b01b45168573d27abfd52e48a08122adff6e2dd698a45002db0e5b672be19a34?s=96&d=mm&r=g","url":"https:\/\/secure.gravatar.com\/avatar\/b01b45168573d27abfd52e48a08122adff6e2dd698a45002db0e5b672be19a34?s=96&d=mm&r=g","contentUrl":"https:\/\/secure.gravatar.com\/avatar\/b01b45168573d27abfd52e48a08122adff6e2dd698a45002db0e5b672be19a34?s=96&d=mm&r=g","caption":"mmurad"},"url":"https:\/\/www.cfjustice.org\/fr\/author\/mmurad\/"}]}},"_links":{"self":[{"href":"https:\/\/www.cfjustice.org\/fr\/wp-json\/wp\/v2\/posts\/51847","targetHints":{"allow":["GET"]}}],"collection":[{"href":"https:\/\/www.cfjustice.org\/fr\/wp-json\/wp\/v2\/posts"}],"about":[{"href":"https:\/\/www.cfjustice.org\/fr\/wp-json\/wp\/v2\/types\/post"}],"author":[{"embeddable":true,"href":"https:\/\/www.cfjustice.org\/fr\/wp-json\/wp\/v2\/users\/962"}],"replies":[{"embeddable":true,"href":"https:\/\/www.cfjustice.org\/fr\/wp-json\/wp\/v2\/comments?post=51847"}],"version-history":[{"count":0,"href":"https:\/\/www.cfjustice.org\/fr\/wp-json\/wp\/v2\/posts\/51847\/revisions"}],"wp:featuredmedia":[{"embeddable":true,"href":"https:\/\/www.cfjustice.org\/fr\/wp-json\/wp\/v2\/media\/51822"}],"wp:attachment":[{"href":"https:\/\/www.cfjustice.org\/fr\/wp-json\/wp\/v2\/media?parent=51847"}],"wp:term":[{"taxonomy":"category","embeddable":true,"href":"https:\/\/www.cfjustice.org\/fr\/wp-json\/wp\/v2\/categories?post=51847"},{"taxonomy":"post_tag","embeddable":true,"href":"https:\/\/www.cfjustice.org\/fr\/wp-json\/wp\/v2\/tags?post=51847"},{"taxonomy":"countries","embeddable":true,"href":"https:\/\/www.cfjustice.org\/fr\/wp-json\/wp\/v2\/countries?post=51847"},{"taxonomy":"cases","embeddable":true,"href":"https:\/\/www.cfjustice.org\/fr\/wp-json\/wp\/v2\/cases?post=51847"},{"taxonomy":"writer","embeddable":true,"href":"https:\/\/www.cfjustice.org\/fr\/wp-json\/wp\/v2\/writer?post=51847"},{"taxonomy":"coalitions","embeddable":true,"href":"https:\/\/www.cfjustice.org\/fr\/wp-json\/wp\/v2\/coalitions?post=51847"}],"curies":[{"name":"wp","href":"https:\/\/api.w.org\/{rel}","templated":true}]}}