{"id":49219,"date":"2025-06-04T17:12:28","date_gmt":"2025-06-04T15:12:28","guid":{"rendered":"https:\/\/www.cfjustice.org\/?p=49219"},"modified":"2025-06-04T17:12:28","modified_gmt":"2025-06-04T15:12:28","slug":"tunisie-le-cfj-condamne-les-violations-graves-contre-les-prisonniers-politiques-dans-laffaire-dite-du-complot-et-demande-la-cessation-immediate-de-ces-abus-ainsi-que-la-protection-des-d","status":"publish","type":"post","link":"https:\/\/www.cfjustice.org\/fr\/tunisie-le-cfj-condamne-les-violations-graves-contre-les-prisonniers-politiques-dans-laffaire-dite-du-complot-et-demande-la-cessation-immediate-de-ces-abus-ainsi-que-la-protection-des-d\/","title":{"rendered":"Tunisie: Le CFJ condamne les violations graves contre les prisonniers politiques dans l&rsquo;affaire dite du \u00abcomplot\u00bb et demande la cessation imm\u00e9diate de ces abus ainsi que la protection des d\u00e9tenus"},"content":{"rendered":"<p>Le Comit\u00e9 pour la Justice (CFJ) a indiqu\u00e9 que le r\u00e9gime actuel en Tunisie n&rsquo;a pas seulement prononc\u00e9 des condamnations s\u00e9v\u00e8res par l&rsquo;interm\u00e9diaire de ses institutions judiciaires \u00e0 l&rsquo;encontre d&rsquo;activistes, de politiques et de d\u00e9fenseurs des droits humains dans ce qu&rsquo;on appelle l&rsquo;affaire du \u00ab complot \u00bb, mais il a aussi cherch\u00e9 \u00e0 briser leur volont\u00e9 en perp\u00e9trant des violations graves et inhumaines \u00e0 leur encontre dans les centres de d\u00e9tention, visant \u00e0 les isoler, \u00e0 les intimider et \u00e0 les terroriser.<\/p>\n<p>Ces violations ne se limitent pas seulement \u00e0 priver les d\u00e9tenus de leur droit \u00e0 un proc\u00e8s \u00e9quitable ; elles incluent \u00e9galement un traitement arbitraire et cruel \u00e0 l&rsquo;int\u00e9rieur des prisons, notamment apr\u00e8s des transferts violents et arbitraires vers des prisons \u00e9loign\u00e9es et r\u00e9put\u00e9es difficiles, effectu\u00e9s sans informer leurs familles ou leurs avocats, ni sur la base d\u2019un fondement juridique clair. Certains d\u00e9tenus ont \u00e9t\u00e9 arr\u00eat\u00e9s violemment par des agents masqu\u00e9s avant d&rsquo;\u00eatre transf\u00e9r\u00e9s secr\u00e8tement.<\/p>\n<p>Parmi les cas les plus marquants document\u00e9s par le comit\u00e9 figure celui de l&rsquo;avocat et ancien ministre Ghazi Al-Shawashi, qui a \u00e9t\u00e9 emmen\u00e9 dans la soir\u00e9e du 29 mai 2025 depuis la prison de Maroungia par huit agents masqu\u00e9s. Il a \u00e9t\u00e9 ligot\u00e9 et battu jusqu&rsquo;\u00e0 perdre connaissance, puis transf\u00e9r\u00e9 de force vers la prison d\u2019El-Nadhour, dans le gouvernorat de Bizerte, sans que sa famille ou son avocat en soient inform\u00e9s \u2014 une d\u00e9marche assimilable \u00e0 une disparition forc\u00e9e temporaire, constituant une violation flagrante des droits juridiques et humains les plus \u00e9l\u00e9mentaires.<\/p>\n<p>\u00c0 son arriv\u00e9e \u00e0 la prison d\u2019El-Nadhour, Al-Shawashi a \u00e9t\u00e9 plac\u00e9 dans une cellule surpeupl\u00e9e avec plus de vingt autres d\u00e9tenus purgeant des peines lourdes, dans des conditions ne respectant m\u00eame pas les normes minimales en mati\u00e8re de sant\u00e9 et de s\u00e9curit\u00e9. Cela illustre clairement le caract\u00e8re r\u00e9pressif de ces mesures et constitue une violation directe des normes internationales relatives au traitement des prisonniers.<\/p>\n<p>D&rsquo;autres figures de l&rsquo;opposition d\u00e9tenues dans le m\u00eame dossier ont \u00e9galement \u00e9t\u00e9 soumises \u00e0 des transferts arbitraires similaires, notamment Essam Al-Chaabi et Reda Belhaj, qui ont \u00e9t\u00e9 envoy\u00e9s vers des prisons recul\u00e9es telles que Borj El-Roumi, Siliana, Borj El-Amri et El-Kef, sans explication ni coordination avec les autorit\u00e9s juridiques comp\u00e9tentes, soulevant de s\u00e9rieuses interrogations quant aux v\u00e9ritables motifs de cette escalade.<\/p>\n<p>Le CFJ consid\u00e8re ces transferts comme une violation grave de la loi tunisienne, selon laquelle un d\u00e9tenu ne peut \u00eatre transf\u00e9r\u00e9 vers un autre \u00e9tablissement p\u00e9nitentiaire qu&rsquo;apr\u00e8s la d\u00e9cision finale et ex\u00e9cutoire d&rsquo;un tribunal. \u00c9tant donn\u00e9 que les sentences prononc\u00e9es contre ces personnes ne sont pas d\u00e9finitives \u2013 elles ont \u00e9t\u00e9 rendues uniquement par des tribunaux de premi\u00e8re instance \u2013 les autorit\u00e9s les traitent comme si elles \u00e9taient irr\u00e9vocablement condamn\u00e9es, ce qui t\u00e9moigne d\u2019un m\u00e9pris total pour les proc\u00e9dures l\u00e9gales requises.<\/p>\n<p>Le comit\u00e9 condamne \u00e9galement ces mesures pour avoir viol\u00e9 plusieurs trait\u00e9s internationaux ratifi\u00e9s par la Tunisie, notamment l&rsquo;article 7 du Pacte international relatif aux droits civils et politiques interdisant la torture ainsi que les traitements cruels, inhumains ou d\u00e9gradants, et l&rsquo;article 14 garantissant le droit \u00e0 un proc\u00e8s \u00e9quitable, bafou\u00e9 par l&rsquo;obstruction apport\u00e9e \u00e0 la communication avec les avocats. Ces actions violent \u00e9galement la r\u00e8gle 59 des R\u00e8gles Nelson Mandela relatives au traitement des d\u00e9tenus, selon laquelle les prisonniers doivent \u00eatre incarc\u00e9r\u00e9s dans un lieu aussi proche que possible de leur domicile, ainsi que la D\u00e9claration relative \u00e0 la protection de toutes les personnes contre les disparitions forc\u00e9es.<\/p>\n<p>Le CFJ alerte sur les risques de mauvais traitements et de repr\u00e9sailles intentionnelles, particuli\u00e8rement contre les d\u00e9tenus \u00e2g\u00e9s ou souffrant de maladies chroniques. Le comit\u00e9 souligne que cette politique punitive vise \u00e0 alt\u00e9rer leur sant\u00e9 physique et mentale, \u00e0 les isoler du soutien familial et juridique, et finalement \u00e0 briser leur r\u00e9sistance psychologique, ce qui contredit enti\u00e8rement les principes d&rsquo;humanit\u00e9 et les normes internationales des droits humains.<\/p>\n<p>Le CFJ insiste \u00e9galement sur le fait que ces transferts s\u2019op\u00e8rent en l\u2019absence totale de surveillance ind\u00e9pendante des prisons, et sans permettre aux avocats de rencontrer leurs clients ou d\u2019avoir acc\u00e8s aux conditions de d\u00e9tention, ce qui augmente encore le risque d\u2019autres violations impunies et confirme que cet environnement non contr\u00f4l\u00e9 encourage la poursuite des abus contre les d\u00e9tenus politiques sans crainte de sanctions.<\/p>\n<p>Ainsi, le CFJ appelle la communaut\u00e9 internationale et les organismes sp\u00e9cialis\u00e9s des Nations Unies \u2013 en particulier le Haut-Commissariat des Nations Unies aux droits de l\u2019homme, le Rapporteur sp\u00e9cial sur la torture et le Groupe de travail sur la d\u00e9tention arbitraire \u2013 \u00e0 intervenir imm\u00e9diatement pour mettre un terme \u00e0 ces violations graves et exercer des pressions sur les autorit\u00e9s tunisiennes afin qu\u2019elles respectent leurs engagements internationaux et lancent des enqu\u00eates ind\u00e9pendantes et impartiales sur les abus signal\u00e9s dans les prisons.<\/p>\n<p>En m\u00eame temps, le CFJ tient pleinement responsable les autorit\u00e9s tunisiennes \u2013 et en particulier le Directeur g\u00e9n\u00e9ral de l&rsquo;administration des prisons et de la r\u00e9forme \u2013 de la s\u00e9curit\u00e9 physique et mentale des d\u00e9tenus. Le comit\u00e9 exige des garanties r\u00e9elles pour la protection de leurs droits fondamentaux, notamment le droit aux visites familiales et des avocats, des soins m\u00e9dicaux appropri\u00e9s, des conditions de d\u00e9tention dignes, ainsi que l\u2019arr\u00eat imm\u00e9diat des politiques de transferts arbitraires.<\/p>\n","protected":false},"excerpt":{"rendered":"<p>Le Comit\u00e9 pour la Justice (CFJ) a indiqu\u00e9 que le r\u00e9gime actuel en Tunisie n&rsquo;a pas seulement prononc\u00e9 des condamnations s\u00e9v\u00e8res par l&rsquo;interm\u00e9diaire de ses institutions judiciaires \u00e0 l&rsquo;encontre d&rsquo;activistes, [&hellip;]<\/p>\n","protected":false},"author":967,"featured_media":49216,"comment_status":"closed","ping_status":"closed","sticky":false,"template":"","format":"standard","meta":{"_monsterinsights_skip_tracking":false,"_monsterinsights_sitenote_active":false,"_monsterinsights_sitenote_note":"","_monsterinsights_sitenote_category":0,"_price":"","_stock":"","_tribe_ticket_header":"","_tribe_default_ticket_provider":"","_tribe_ticket_capacity":"0","_ticket_start_date":"","_ticket_end_date":"","_tribe_ticket_show_description":"","_tribe_ticket_show_not_going":false,"_tribe_ticket_use_global_stock":"","_tribe_ticket_global_stock_level":"","_global_stock_mode":"","_global_stock_cap":"","_tribe_rsvp_for_event":"","_tribe_ticket_going_count":"","_tribe_ticket_not_going_count":"","_tribe_tickets_list":"[]","_tribe_ticket_has_attendee_info_fields":false,"footnotes":""},"categories":[816],"tags":[],"countries":[820],"cases":[],"writer":[],"coalitions":[],"class_list":["post-49219","post","type-post","status-publish","format-standard","has-post-thumbnail","hentry","category-non-classifiee","countries-la-tunisie","has-post-title","has-post-date","has-post-category","has-post-tag","has-post-comment","has-post-author",""],"yoast_head":"<!-- This site is optimized with the Yoast SEO plugin v27.4 - https:\/\/yoast.com\/product\/yoast-seo-wordpress\/ -->\n<title>Tunisie: Le CFJ condamne les violations graves contre les prisonniers politiques dans l&#039;affaire dite du \u00abcomplot\u00bb et demande la cessation imm\u00e9diate de ces abus ainsi que la protection des d\u00e9tenus - Committee for Justice<\/title>\n<meta name=\"description\" content=\"Tunisie: Le CFJ condamne les violations graves contre les prisonniers politiques dans l&#039;affaire dite du \u00abcomplot\u00bb et demande la cessation imm\u00e9diate de ces abus ainsi que la protection des d\u00e9tenus Le Comit\u00e9 pour la Justice (CFJ) a indiqu\u00e9 que le r\u00e9gime actuel en Tunisie n&#039;a pas seulement prononc\u00e9 des condamnations s\u00e9v\u00e8res par l&#039;interm\u00e9diaire de ses institutions judiciaires \u00e0 l&#039;encontre d&#039;activistes, de politiques et de d\u00e9fenseurs des droits humains dans ce qu&#039;on appelle l&#039;affaire du \u00ab complot \u00bb, mais il a aussi cherch\u00e9 \u00e0 briser leur volont\u00e9 en perp\u00e9trant des violations graves et inhumaines \u00e0 leur encontre dans les centres de d\u00e9tention, visant \u00e0 les isoler, \u00e0 les intimider et \u00e0 les terroriser.\" \/>\n<meta name=\"robots\" content=\"index, follow, max-snippet:-1, max-image-preview:large, max-video-preview:-1\" \/>\n<link rel=\"canonical\" href=\"https:\/\/www.cfjustice.org\/fr\/tunisie-le-cfj-condamne-les-violations-graves-contre-les-prisonniers-politiques-dans-laffaire-dite-du-complot-et-demande-la-cessation-immediate-de-ces-abus-ainsi-que-la-protection-des-d\/\" \/>\n<meta property=\"og:locale\" content=\"fr_FR\" \/>\n<meta property=\"og:type\" content=\"article\" \/>\n<meta property=\"og:title\" content=\"Tunisie: Le CFJ condamne les violations graves contre les prisonniers politiques dans l&#039;affaire dite du \u00abcomplot\u00bb et demande la cessation imm\u00e9diate de ces abus ainsi que la protection des d\u00e9tenus - Committee for Justice\" \/>\n<meta property=\"og:description\" content=\"Tunisie: Le CFJ condamne les violations graves contre les prisonniers politiques dans l&#039;affaire dite du \u00abcomplot\u00bb et demande la cessation imm\u00e9diate de ces abus ainsi que la protection des d\u00e9tenus Le Comit\u00e9 pour la Justice (CFJ) a indiqu\u00e9 que le r\u00e9gime actuel en Tunisie n&#039;a pas seulement prononc\u00e9 des condamnations s\u00e9v\u00e8res par l&#039;interm\u00e9diaire de ses institutions judiciaires \u00e0 l&#039;encontre d&#039;activistes, de politiques et de d\u00e9fenseurs des droits humains dans ce qu&#039;on appelle l&#039;affaire du \u00ab complot \u00bb, mais il a aussi cherch\u00e9 \u00e0 briser leur volont\u00e9 en perp\u00e9trant des violations graves et inhumaines \u00e0 leur encontre dans les centres de d\u00e9tention, visant \u00e0 les isoler, \u00e0 les intimider et \u00e0 les terroriser.\" \/>\n<meta property=\"og:url\" content=\"https:\/\/www.cfjustice.org\/fr\/tunisie-le-cfj-condamne-les-violations-graves-contre-les-prisonniers-politiques-dans-laffaire-dite-du-complot-et-demande-la-cessation-immediate-de-ces-abus-ainsi-que-la-protection-des-d\/\" \/>\n<meta property=\"og:site_name\" content=\"Committee for Justice\" \/>\n<meta property=\"article:publisher\" content=\"https:\/\/www.facebook.com\/cfjusticeorg\" \/>\n<meta property=\"article:published_time\" content=\"2025-06-04T15:12:28+00:00\" \/>\n<meta property=\"og:image\" content=\"https:\/\/www.cfjustice.org\/wp-content\/uploads\/2025\/06\/Untitled-1.jpg3_.webp\" \/>\n\t<meta property=\"og:image:width\" content=\"1600\" \/>\n\t<meta property=\"og:image:height\" content=\"800\" \/>\n\t<meta property=\"og:image:type\" content=\"image\/jpeg\" \/>\n<meta name=\"author\" content=\"aturan\" \/>\n<meta name=\"twitter:card\" content=\"summary_large_image\" \/>\n<meta name=\"twitter:creator\" content=\"@cfjusticeorg\" \/>\n<meta name=\"twitter:site\" content=\"@cfjusticeorg\" \/>\n<meta name=\"twitter:label1\" content=\"\u00c9crit par\" \/>\n\t<meta name=\"twitter:data1\" content=\"aturan\" \/>\n\t<meta name=\"twitter:label2\" content=\"Dur\u00e9e de lecture estim\u00e9e\" \/>\n\t<meta name=\"twitter:data2\" content=\"4 minutes\" \/>\n<script type=\"application\/ld+json\" class=\"yoast-schema-graph\">{\"@context\":\"https:\\\/\\\/schema.org\",\"@graph\":[{\"@type\":\"Article\",\"@id\":\"https:\\\/\\\/www.cfjustice.org\\\/fr\\\/tunisie-le-cfj-condamne-les-violations-graves-contre-les-prisonniers-politiques-dans-laffaire-dite-du-complot-et-demande-la-cessation-immediate-de-ces-abus-ainsi-que-la-protection-des-d\\\/#article\",\"isPartOf\":{\"@id\":\"https:\\\/\\\/www.cfjustice.org\\\/fr\\\/tunisie-le-cfj-condamne-les-violations-graves-contre-les-prisonniers-politiques-dans-laffaire-dite-du-complot-et-demande-la-cessation-immediate-de-ces-abus-ainsi-que-la-protection-des-d\\\/\"},\"author\":{\"name\":\"aturan\",\"@id\":\"https:\\\/\\\/www.cfjustice.org\\\/fr\\\/#\\\/schema\\\/person\\\/ea0f4b79a4e1ae43a10612a61fbc1d16\"},\"headline\":\"Tunisie: Le CFJ condamne les violations graves contre les prisonniers politiques dans l&rsquo;affaire dite du \u00abcomplot\u00bb et demande la cessation imm\u00e9diate de ces abus ainsi que la protection des d\u00e9tenus\",\"datePublished\":\"2025-06-04T15:12:28+00:00\",\"mainEntityOfPage\":{\"@id\":\"https:\\\/\\\/www.cfjustice.org\\\/fr\\\/tunisie-le-cfj-condamne-les-violations-graves-contre-les-prisonniers-politiques-dans-laffaire-dite-du-complot-et-demande-la-cessation-immediate-de-ces-abus-ainsi-que-la-protection-des-d\\\/\"},\"wordCount\":986,\"publisher\":{\"@id\":\"https:\\\/\\\/www.cfjustice.org\\\/fr\\\/#organization\"},\"image\":{\"@id\":\"https:\\\/\\\/www.cfjustice.org\\\/fr\\\/tunisie-le-cfj-condamne-les-violations-graves-contre-les-prisonniers-politiques-dans-laffaire-dite-du-complot-et-demande-la-cessation-immediate-de-ces-abus-ainsi-que-la-protection-des-d\\\/#primaryimage\"},\"thumbnailUrl\":\"https:\\\/\\\/www.cfjustice.org\\\/wp-content\\\/uploads\\\/2025\\\/06\\\/Untitled-1.jpg3_.webp\",\"articleSection\":[\"Non classifi\u00e9(e)\"],\"inLanguage\":\"fr-FR\"},{\"@type\":\"WebPage\",\"@id\":\"https:\\\/\\\/www.cfjustice.org\\\/fr\\\/tunisie-le-cfj-condamne-les-violations-graves-contre-les-prisonniers-politiques-dans-laffaire-dite-du-complot-et-demande-la-cessation-immediate-de-ces-abus-ainsi-que-la-protection-des-d\\\/\",\"url\":\"https:\\\/\\\/www.cfjustice.org\\\/fr\\\/tunisie-le-cfj-condamne-les-violations-graves-contre-les-prisonniers-politiques-dans-laffaire-dite-du-complot-et-demande-la-cessation-immediate-de-ces-abus-ainsi-que-la-protection-des-d\\\/\",\"name\":\"Tunisie: Le CFJ condamne les violations graves contre les prisonniers politiques dans l'affaire dite du \u00abcomplot\u00bb et demande la cessation imm\u00e9diate de ces abus ainsi que la protection des d\u00e9tenus - Committee for Justice\",\"isPartOf\":{\"@id\":\"https:\\\/\\\/www.cfjustice.org\\\/fr\\\/#website\"},\"primaryImageOfPage\":{\"@id\":\"https:\\\/\\\/www.cfjustice.org\\\/fr\\\/tunisie-le-cfj-condamne-les-violations-graves-contre-les-prisonniers-politiques-dans-laffaire-dite-du-complot-et-demande-la-cessation-immediate-de-ces-abus-ainsi-que-la-protection-des-d\\\/#primaryimage\"},\"image\":{\"@id\":\"https:\\\/\\\/www.cfjustice.org\\\/fr\\\/tunisie-le-cfj-condamne-les-violations-graves-contre-les-prisonniers-politiques-dans-laffaire-dite-du-complot-et-demande-la-cessation-immediate-de-ces-abus-ainsi-que-la-protection-des-d\\\/#primaryimage\"},\"thumbnailUrl\":\"https:\\\/\\\/www.cfjustice.org\\\/wp-content\\\/uploads\\\/2025\\\/06\\\/Untitled-1.jpg3_.webp\",\"datePublished\":\"2025-06-04T15:12:28+00:00\",\"description\":\"Tunisie: Le CFJ condamne les violations graves contre les prisonniers politiques dans l'affaire dite du \u00abcomplot\u00bb et demande la cessation imm\u00e9diate de ces abus ainsi que la protection des d\u00e9tenus Le Comit\u00e9 pour la Justice (CFJ) a indiqu\u00e9 que le r\u00e9gime actuel en Tunisie n'a pas seulement prononc\u00e9 des condamnations s\u00e9v\u00e8res par l'interm\u00e9diaire de ses institutions judiciaires \u00e0 l'encontre d'activistes, de politiques et de d\u00e9fenseurs des droits humains dans ce qu'on appelle l'affaire du \u00ab complot \u00bb, mais il a aussi cherch\u00e9 \u00e0 briser leur volont\u00e9 en perp\u00e9trant des violations graves et inhumaines \u00e0 leur encontre dans les centres de d\u00e9tention, visant \u00e0 les isoler, \u00e0 les intimider et \u00e0 les terroriser.\",\"breadcrumb\":{\"@id\":\"https:\\\/\\\/www.cfjustice.org\\\/fr\\\/tunisie-le-cfj-condamne-les-violations-graves-contre-les-prisonniers-politiques-dans-laffaire-dite-du-complot-et-demande-la-cessation-immediate-de-ces-abus-ainsi-que-la-protection-des-d\\\/#breadcrumb\"},\"inLanguage\":\"fr-FR\",\"potentialAction\":[{\"@type\":\"ReadAction\",\"target\":[\"https:\\\/\\\/www.cfjustice.org\\\/fr\\\/tunisie-le-cfj-condamne-les-violations-graves-contre-les-prisonniers-politiques-dans-laffaire-dite-du-complot-et-demande-la-cessation-immediate-de-ces-abus-ainsi-que-la-protection-des-d\\\/\"]}]},{\"@type\":\"ImageObject\",\"inLanguage\":\"fr-FR\",\"@id\":\"https:\\\/\\\/www.cfjustice.org\\\/fr\\\/tunisie-le-cfj-condamne-les-violations-graves-contre-les-prisonniers-politiques-dans-laffaire-dite-du-complot-et-demande-la-cessation-immediate-de-ces-abus-ainsi-que-la-protection-des-d\\\/#primaryimage\",\"url\":\"https:\\\/\\\/www.cfjustice.org\\\/wp-content\\\/uploads\\\/2025\\\/06\\\/Untitled-1.jpg3_.webp\",\"contentUrl\":\"https:\\\/\\\/www.cfjustice.org\\\/wp-content\\\/uploads\\\/2025\\\/06\\\/Untitled-1.jpg3_.webp\",\"width\":1600,\"height\":800},{\"@type\":\"BreadcrumbList\",\"@id\":\"https:\\\/\\\/www.cfjustice.org\\\/fr\\\/tunisie-le-cfj-condamne-les-violations-graves-contre-les-prisonniers-politiques-dans-laffaire-dite-du-complot-et-demande-la-cessation-immediate-de-ces-abus-ainsi-que-la-protection-des-d\\\/#breadcrumb\",\"itemListElement\":[{\"@type\":\"ListItem\",\"position\":1,\"name\":\"Home\",\"item\":\"https:\\\/\\\/www.cfjustice.org\\\/fr\\\/\"},{\"@type\":\"ListItem\",\"position\":2,\"name\":\"Tunisie: Le CFJ condamne les violations graves contre les prisonniers politiques dans l&#8217;affaire dite du \u00abcomplot\u00bb et demande la cessation imm\u00e9diate de ces abus ainsi que la protection des d\u00e9tenus\"}]},{\"@type\":\"WebSite\",\"@id\":\"https:\\\/\\\/www.cfjustice.org\\\/fr\\\/#website\",\"url\":\"https:\\\/\\\/www.cfjustice.org\\\/fr\\\/\",\"name\":\"Committee for Justice\",\"description\":\"We are working to achieve justice\",\"publisher\":{\"@id\":\"https:\\\/\\\/www.cfjustice.org\\\/fr\\\/#organization\"},\"alternateName\":\"CFJ\",\"potentialAction\":[{\"@type\":\"SearchAction\",\"target\":{\"@type\":\"EntryPoint\",\"urlTemplate\":\"https:\\\/\\\/www.cfjustice.org\\\/fr\\\/?s={search_term_string}\"},\"query-input\":{\"@type\":\"PropertyValueSpecification\",\"valueRequired\":true,\"valueName\":\"search_term_string\"}}],\"inLanguage\":\"fr-FR\"},{\"@type\":\"Organization\",\"@id\":\"https:\\\/\\\/www.cfjustice.org\\\/fr\\\/#organization\",\"name\":\"Committee for Justice\",\"url\":\"https:\\\/\\\/www.cfjustice.org\\\/fr\\\/\",\"logo\":{\"@type\":\"ImageObject\",\"inLanguage\":\"fr-FR\",\"@id\":\"https:\\\/\\\/www.cfjustice.org\\\/fr\\\/#\\\/schema\\\/logo\\\/image\\\/\",\"url\":\"https:\\\/\\\/www.cfjustice.org\\\/wp-content\\\/uploads\\\/2023\\\/10\\\/logo-1.svg\",\"contentUrl\":\"https:\\\/\\\/www.cfjustice.org\\\/wp-content\\\/uploads\\\/2023\\\/10\\\/logo-1.svg\",\"width\":1,\"height\":1,\"caption\":\"Committee for Justice\"},\"image\":{\"@id\":\"https:\\\/\\\/www.cfjustice.org\\\/fr\\\/#\\\/schema\\\/logo\\\/image\\\/\"},\"sameAs\":[\"https:\\\/\\\/www.facebook.com\\\/cfjusticeorg\",\"https:\\\/\\\/x.com\\\/cfjusticeorg\",\"https:\\\/\\\/www.linkedin.com\\\/company\\\/cfjustice\\\/\",\"https:\\\/\\\/www.youtube.com\\\/channel\\\/UCQdBw5-F5Z80xtts8UqRRqQ\",\"https:\\\/\\\/www.instagram.com\\\/cfjusticeorg\"]},{\"@type\":\"Person\",\"@id\":\"https:\\\/\\\/www.cfjustice.org\\\/fr\\\/#\\\/schema\\\/person\\\/ea0f4b79a4e1ae43a10612a61fbc1d16\",\"name\":\"aturan\",\"image\":{\"@type\":\"ImageObject\",\"inLanguage\":\"fr-FR\",\"@id\":\"https:\\\/\\\/secure.gravatar.com\\\/avatar\\\/01a90824e35ac37e0638814cd919b87906467a82599625eceaf0f1c5b9e8343d?s=96&d=mm&r=g\",\"url\":\"https:\\\/\\\/secure.gravatar.com\\\/avatar\\\/01a90824e35ac37e0638814cd919b87906467a82599625eceaf0f1c5b9e8343d?s=96&d=mm&r=g\",\"contentUrl\":\"https:\\\/\\\/secure.gravatar.com\\\/avatar\\\/01a90824e35ac37e0638814cd919b87906467a82599625eceaf0f1c5b9e8343d?s=96&d=mm&r=g\",\"caption\":\"aturan\"},\"url\":\"https:\\\/\\\/www.cfjustice.org\\\/fr\\\/author\\\/aturan\\\/\"}]}<\/script>\n<!-- \/ Yoast SEO plugin. -->","yoast_head_json":{"title":"Tunisie: Le CFJ condamne les violations graves contre les prisonniers politiques dans l'affaire dite du \u00abcomplot\u00bb et demande la cessation imm\u00e9diate de ces abus ainsi que la protection des d\u00e9tenus - Committee for Justice","description":"Tunisie: Le CFJ condamne les violations graves contre les prisonniers politiques dans l'affaire dite du \u00abcomplot\u00bb et demande la cessation imm\u00e9diate de ces abus ainsi que la protection des d\u00e9tenus Le Comit\u00e9 pour la Justice (CFJ) a indiqu\u00e9 que le r\u00e9gime actuel en Tunisie n'a pas seulement prononc\u00e9 des condamnations s\u00e9v\u00e8res par l'interm\u00e9diaire de ses institutions judiciaires \u00e0 l'encontre d'activistes, de politiques et de d\u00e9fenseurs des droits humains dans ce qu'on appelle l'affaire du \u00ab complot \u00bb, mais il a aussi cherch\u00e9 \u00e0 briser leur volont\u00e9 en perp\u00e9trant des violations graves et inhumaines \u00e0 leur encontre dans les centres de d\u00e9tention, visant \u00e0 les isoler, \u00e0 les intimider et \u00e0 les terroriser.","robots":{"index":"index","follow":"follow","max-snippet":"max-snippet:-1","max-image-preview":"max-image-preview:large","max-video-preview":"max-video-preview:-1"},"canonical":"https:\/\/www.cfjustice.org\/fr\/tunisie-le-cfj-condamne-les-violations-graves-contre-les-prisonniers-politiques-dans-laffaire-dite-du-complot-et-demande-la-cessation-immediate-de-ces-abus-ainsi-que-la-protection-des-d\/","og_locale":"fr_FR","og_type":"article","og_title":"Tunisie: Le CFJ condamne les violations graves contre les prisonniers politiques dans l'affaire dite du \u00abcomplot\u00bb et demande la cessation imm\u00e9diate de ces abus ainsi que la protection des d\u00e9tenus - Committee for Justice","og_description":"Tunisie: Le CFJ condamne les violations graves contre les prisonniers politiques dans l'affaire dite du \u00abcomplot\u00bb et demande la cessation imm\u00e9diate de ces abus ainsi que la protection des d\u00e9tenus Le Comit\u00e9 pour la Justice (CFJ) a indiqu\u00e9 que le r\u00e9gime actuel en Tunisie n'a pas seulement prononc\u00e9 des condamnations s\u00e9v\u00e8res par l'interm\u00e9diaire de ses institutions judiciaires \u00e0 l'encontre d'activistes, de politiques et de d\u00e9fenseurs des droits humains dans ce qu'on appelle l'affaire du \u00ab complot \u00bb, mais il a aussi cherch\u00e9 \u00e0 briser leur volont\u00e9 en perp\u00e9trant des violations graves et inhumaines \u00e0 leur encontre dans les centres de d\u00e9tention, visant \u00e0 les isoler, \u00e0 les intimider et \u00e0 les terroriser.","og_url":"https:\/\/www.cfjustice.org\/fr\/tunisie-le-cfj-condamne-les-violations-graves-contre-les-prisonniers-politiques-dans-laffaire-dite-du-complot-et-demande-la-cessation-immediate-de-ces-abus-ainsi-que-la-protection-des-d\/","og_site_name":"Committee for Justice","article_publisher":"https:\/\/www.facebook.com\/cfjusticeorg","article_published_time":"2025-06-04T15:12:28+00:00","og_image":[{"width":1600,"height":800,"url":"https:\/\/www.cfjustice.org\/wp-content\/uploads\/2025\/06\/Untitled-1.jpg3_.webp","type":"image\/jpeg"}],"author":"aturan","twitter_card":"summary_large_image","twitter_creator":"@cfjusticeorg","twitter_site":"@cfjusticeorg","twitter_misc":{"\u00c9crit par":"aturan","Dur\u00e9e de lecture estim\u00e9e":"4 minutes"},"schema":{"@context":"https:\/\/schema.org","@graph":[{"@type":"Article","@id":"https:\/\/www.cfjustice.org\/fr\/tunisie-le-cfj-condamne-les-violations-graves-contre-les-prisonniers-politiques-dans-laffaire-dite-du-complot-et-demande-la-cessation-immediate-de-ces-abus-ainsi-que-la-protection-des-d\/#article","isPartOf":{"@id":"https:\/\/www.cfjustice.org\/fr\/tunisie-le-cfj-condamne-les-violations-graves-contre-les-prisonniers-politiques-dans-laffaire-dite-du-complot-et-demande-la-cessation-immediate-de-ces-abus-ainsi-que-la-protection-des-d\/"},"author":{"name":"aturan","@id":"https:\/\/www.cfjustice.org\/fr\/#\/schema\/person\/ea0f4b79a4e1ae43a10612a61fbc1d16"},"headline":"Tunisie: Le CFJ condamne les violations graves contre les prisonniers politiques dans l&rsquo;affaire dite du \u00abcomplot\u00bb et demande la cessation imm\u00e9diate de ces abus ainsi que la protection des d\u00e9tenus","datePublished":"2025-06-04T15:12:28+00:00","mainEntityOfPage":{"@id":"https:\/\/www.cfjustice.org\/fr\/tunisie-le-cfj-condamne-les-violations-graves-contre-les-prisonniers-politiques-dans-laffaire-dite-du-complot-et-demande-la-cessation-immediate-de-ces-abus-ainsi-que-la-protection-des-d\/"},"wordCount":986,"publisher":{"@id":"https:\/\/www.cfjustice.org\/fr\/#organization"},"image":{"@id":"https:\/\/www.cfjustice.org\/fr\/tunisie-le-cfj-condamne-les-violations-graves-contre-les-prisonniers-politiques-dans-laffaire-dite-du-complot-et-demande-la-cessation-immediate-de-ces-abus-ainsi-que-la-protection-des-d\/#primaryimage"},"thumbnailUrl":"https:\/\/www.cfjustice.org\/wp-content\/uploads\/2025\/06\/Untitled-1.jpg3_.webp","articleSection":["Non classifi\u00e9(e)"],"inLanguage":"fr-FR"},{"@type":"WebPage","@id":"https:\/\/www.cfjustice.org\/fr\/tunisie-le-cfj-condamne-les-violations-graves-contre-les-prisonniers-politiques-dans-laffaire-dite-du-complot-et-demande-la-cessation-immediate-de-ces-abus-ainsi-que-la-protection-des-d\/","url":"https:\/\/www.cfjustice.org\/fr\/tunisie-le-cfj-condamne-les-violations-graves-contre-les-prisonniers-politiques-dans-laffaire-dite-du-complot-et-demande-la-cessation-immediate-de-ces-abus-ainsi-que-la-protection-des-d\/","name":"Tunisie: Le CFJ condamne les violations graves contre les prisonniers politiques dans l'affaire dite du \u00abcomplot\u00bb et demande la cessation imm\u00e9diate de ces abus ainsi que la protection des d\u00e9tenus - Committee for Justice","isPartOf":{"@id":"https:\/\/www.cfjustice.org\/fr\/#website"},"primaryImageOfPage":{"@id":"https:\/\/www.cfjustice.org\/fr\/tunisie-le-cfj-condamne-les-violations-graves-contre-les-prisonniers-politiques-dans-laffaire-dite-du-complot-et-demande-la-cessation-immediate-de-ces-abus-ainsi-que-la-protection-des-d\/#primaryimage"},"image":{"@id":"https:\/\/www.cfjustice.org\/fr\/tunisie-le-cfj-condamne-les-violations-graves-contre-les-prisonniers-politiques-dans-laffaire-dite-du-complot-et-demande-la-cessation-immediate-de-ces-abus-ainsi-que-la-protection-des-d\/#primaryimage"},"thumbnailUrl":"https:\/\/www.cfjustice.org\/wp-content\/uploads\/2025\/06\/Untitled-1.jpg3_.webp","datePublished":"2025-06-04T15:12:28+00:00","description":"Tunisie: Le CFJ condamne les violations graves contre les prisonniers politiques dans l'affaire dite du \u00abcomplot\u00bb et demande la cessation imm\u00e9diate de ces abus ainsi que la protection des d\u00e9tenus Le Comit\u00e9 pour la Justice (CFJ) a indiqu\u00e9 que le r\u00e9gime actuel en Tunisie n'a pas seulement prononc\u00e9 des condamnations s\u00e9v\u00e8res par l'interm\u00e9diaire de ses institutions judiciaires \u00e0 l'encontre d'activistes, de politiques et de d\u00e9fenseurs des droits humains dans ce qu'on appelle l'affaire du \u00ab complot \u00bb, mais il a aussi cherch\u00e9 \u00e0 briser leur volont\u00e9 en perp\u00e9trant des violations graves et inhumaines \u00e0 leur encontre dans les centres de d\u00e9tention, visant \u00e0 les isoler, \u00e0 les intimider et \u00e0 les terroriser.","breadcrumb":{"@id":"https:\/\/www.cfjustice.org\/fr\/tunisie-le-cfj-condamne-les-violations-graves-contre-les-prisonniers-politiques-dans-laffaire-dite-du-complot-et-demande-la-cessation-immediate-de-ces-abus-ainsi-que-la-protection-des-d\/#breadcrumb"},"inLanguage":"fr-FR","potentialAction":[{"@type":"ReadAction","target":["https:\/\/www.cfjustice.org\/fr\/tunisie-le-cfj-condamne-les-violations-graves-contre-les-prisonniers-politiques-dans-laffaire-dite-du-complot-et-demande-la-cessation-immediate-de-ces-abus-ainsi-que-la-protection-des-d\/"]}]},{"@type":"ImageObject","inLanguage":"fr-FR","@id":"https:\/\/www.cfjustice.org\/fr\/tunisie-le-cfj-condamne-les-violations-graves-contre-les-prisonniers-politiques-dans-laffaire-dite-du-complot-et-demande-la-cessation-immediate-de-ces-abus-ainsi-que-la-protection-des-d\/#primaryimage","url":"https:\/\/www.cfjustice.org\/wp-content\/uploads\/2025\/06\/Untitled-1.jpg3_.webp","contentUrl":"https:\/\/www.cfjustice.org\/wp-content\/uploads\/2025\/06\/Untitled-1.jpg3_.webp","width":1600,"height":800},{"@type":"BreadcrumbList","@id":"https:\/\/www.cfjustice.org\/fr\/tunisie-le-cfj-condamne-les-violations-graves-contre-les-prisonniers-politiques-dans-laffaire-dite-du-complot-et-demande-la-cessation-immediate-de-ces-abus-ainsi-que-la-protection-des-d\/#breadcrumb","itemListElement":[{"@type":"ListItem","position":1,"name":"Home","item":"https:\/\/www.cfjustice.org\/fr\/"},{"@type":"ListItem","position":2,"name":"Tunisie: Le CFJ condamne les violations graves contre les prisonniers politiques dans l&#8217;affaire dite du \u00abcomplot\u00bb et demande la cessation imm\u00e9diate de ces abus ainsi que la protection des d\u00e9tenus"}]},{"@type":"WebSite","@id":"https:\/\/www.cfjustice.org\/fr\/#website","url":"https:\/\/www.cfjustice.org\/fr\/","name":"Committee for Justice","description":"We are working to achieve justice","publisher":{"@id":"https:\/\/www.cfjustice.org\/fr\/#organization"},"alternateName":"CFJ","potentialAction":[{"@type":"SearchAction","target":{"@type":"EntryPoint","urlTemplate":"https:\/\/www.cfjustice.org\/fr\/?s={search_term_string}"},"query-input":{"@type":"PropertyValueSpecification","valueRequired":true,"valueName":"search_term_string"}}],"inLanguage":"fr-FR"},{"@type":"Organization","@id":"https:\/\/www.cfjustice.org\/fr\/#organization","name":"Committee for Justice","url":"https:\/\/www.cfjustice.org\/fr\/","logo":{"@type":"ImageObject","inLanguage":"fr-FR","@id":"https:\/\/www.cfjustice.org\/fr\/#\/schema\/logo\/image\/","url":"https:\/\/www.cfjustice.org\/wp-content\/uploads\/2023\/10\/logo-1.svg","contentUrl":"https:\/\/www.cfjustice.org\/wp-content\/uploads\/2023\/10\/logo-1.svg","width":1,"height":1,"caption":"Committee for Justice"},"image":{"@id":"https:\/\/www.cfjustice.org\/fr\/#\/schema\/logo\/image\/"},"sameAs":["https:\/\/www.facebook.com\/cfjusticeorg","https:\/\/x.com\/cfjusticeorg","https:\/\/www.linkedin.com\/company\/cfjustice\/","https:\/\/www.youtube.com\/channel\/UCQdBw5-F5Z80xtts8UqRRqQ","https:\/\/www.instagram.com\/cfjusticeorg"]},{"@type":"Person","@id":"https:\/\/www.cfjustice.org\/fr\/#\/schema\/person\/ea0f4b79a4e1ae43a10612a61fbc1d16","name":"aturan","image":{"@type":"ImageObject","inLanguage":"fr-FR","@id":"https:\/\/secure.gravatar.com\/avatar\/01a90824e35ac37e0638814cd919b87906467a82599625eceaf0f1c5b9e8343d?s=96&d=mm&r=g","url":"https:\/\/secure.gravatar.com\/avatar\/01a90824e35ac37e0638814cd919b87906467a82599625eceaf0f1c5b9e8343d?s=96&d=mm&r=g","contentUrl":"https:\/\/secure.gravatar.com\/avatar\/01a90824e35ac37e0638814cd919b87906467a82599625eceaf0f1c5b9e8343d?s=96&d=mm&r=g","caption":"aturan"},"url":"https:\/\/www.cfjustice.org\/fr\/author\/aturan\/"}]}},"_links":{"self":[{"href":"https:\/\/www.cfjustice.org\/fr\/wp-json\/wp\/v2\/posts\/49219","targetHints":{"allow":["GET"]}}],"collection":[{"href":"https:\/\/www.cfjustice.org\/fr\/wp-json\/wp\/v2\/posts"}],"about":[{"href":"https:\/\/www.cfjustice.org\/fr\/wp-json\/wp\/v2\/types\/post"}],"author":[{"embeddable":true,"href":"https:\/\/www.cfjustice.org\/fr\/wp-json\/wp\/v2\/users\/967"}],"replies":[{"embeddable":true,"href":"https:\/\/www.cfjustice.org\/fr\/wp-json\/wp\/v2\/comments?post=49219"}],"version-history":[{"count":2,"href":"https:\/\/www.cfjustice.org\/fr\/wp-json\/wp\/v2\/posts\/49219\/revisions"}],"predecessor-version":[{"id":49221,"href":"https:\/\/www.cfjustice.org\/fr\/wp-json\/wp\/v2\/posts\/49219\/revisions\/49221"}],"wp:featuredmedia":[{"embeddable":true,"href":"https:\/\/www.cfjustice.org\/fr\/wp-json\/wp\/v2\/media\/49216"}],"wp:attachment":[{"href":"https:\/\/www.cfjustice.org\/fr\/wp-json\/wp\/v2\/media?parent=49219"}],"wp:term":[{"taxonomy":"category","embeddable":true,"href":"https:\/\/www.cfjustice.org\/fr\/wp-json\/wp\/v2\/categories?post=49219"},{"taxonomy":"post_tag","embeddable":true,"href":"https:\/\/www.cfjustice.org\/fr\/wp-json\/wp\/v2\/tags?post=49219"},{"taxonomy":"countries","embeddable":true,"href":"https:\/\/www.cfjustice.org\/fr\/wp-json\/wp\/v2\/countries?post=49219"},{"taxonomy":"cases","embeddable":true,"href":"https:\/\/www.cfjustice.org\/fr\/wp-json\/wp\/v2\/cases?post=49219"},{"taxonomy":"writer","embeddable":true,"href":"https:\/\/www.cfjustice.org\/fr\/wp-json\/wp\/v2\/writer?post=49219"},{"taxonomy":"coalitions","embeddable":true,"href":"https:\/\/www.cfjustice.org\/fr\/wp-json\/wp\/v2\/coalitions?post=49219"}],"curies":[{"name":"wp","href":"https:\/\/api.w.org\/{rel}","templated":true}]}}