{"id":48979,"date":"2025-05-26T18:15:56","date_gmt":"2025-05-26T16:15:56","guid":{"rendered":"https:\/\/www.cfjustice.org\/?p=48979"},"modified":"2025-05-26T18:15:56","modified_gmt":"2025-05-26T16:15:56","slug":"tunisie-le-cfj-affirme-sa-solidarite-avec-la-ligue-tunisienne-de-defense-des-droits-de-lhomme-face-a-la-campagne-de-repression-et-appelle-a-son-arret","status":"publish","type":"post","link":"https:\/\/www.cfjustice.org\/fr\/tunisie-le-cfj-affirme-sa-solidarite-avec-la-ligue-tunisienne-de-defense-des-droits-de-lhomme-face-a-la-campagne-de-repression-et-appelle-a-son-arret\/","title":{"rendered":"Tunisie: Le CFJ affirme sa solidarit\u00e9 avec la \u00ab Ligue tunisienne de d\u00e9fense des droits de l&rsquo;homme \u00bb face \u00e0 la campagne de r\u00e9pression et appelle \u00e0 son arr\u00eat"},"content":{"rendered":"<p>Le Comit\u00e9 pour la Justice (CFJ) a d\u00e9clar\u00e9 que la cible vis\u00e9e par les r\u00e9gimes r\u00e9pressifs que sont les organisations de d\u00e9fense des droits de l&rsquo;homme constitue une caract\u00e9ristique essentielle de ces r\u00e9gimes, refl\u00e9tant clairement leur faiblesse et leur incapacit\u00e9 \u00e0 faire face \u00e0 la critique constructive ou \u00e0 accepter les opinions divergentes. Plut\u00f4t que d&rsquo;engager un dialogue s\u00e9rieux ou de d\u00e9fendre leurs politiques de mani\u00e8re cr\u00e9dible en pr\u00e9sentant des preuves et des arguments, ces r\u00e9gimes pr\u00e9f\u00e8rent esquiver leurs responsabilit\u00e9s et \u00e9viter tout affrontement r\u00e9el, recourant plut\u00f4t \u00e0 l\u2019oppression et \u00e0 l\u2019intimidation.<\/p>\n<p>Cette approche ne r\u00e9v\u00e8le qu&rsquo;une peur de la transparence et un rejet du contr\u00f4le exerc\u00e9 par la soci\u00e9t\u00e9 civile. En effet, ces r\u00e9gimes consid\u00e8rent les militants et institutions des droits de l&rsquo;homme comme une menace existentielle \u00e0 l&rsquo;encontre de leurs pratiques ill\u00e9gales et immorales. C\u2019est pourquoi ils recourent aux m\u00e9thodes les plus faciles et les plus l\u00e2ches, telles que les menaces, le harc\u00e8lement et la diffamation, dans une tentative d\u00e9sesp\u00e9r\u00e9e d\u2019\u00e9touffer les voix libres et d\u2019emp\u00eacher la diffusion de la v\u00e9rit\u00e9, m\u00eame si celle-ci ne peut \u00eatre cach\u00e9e d\u00e9finitivement.<\/p>\n<p>Cela s\u2019inscrit dans le contexte d\u2019une campagne croissante visant la \u00ab Ligue tunisienne de d\u00e9fense des droits de l&rsquo;homme \u00bb, l&rsquo;une des organisations de la soci\u00e9t\u00e9 civile les plus anciennes et les plus respect\u00e9es en Tunisie et dans toute la r\u00e9gion, qui a jou\u00e9 un r\u00f4le cl\u00e9 dans la d\u00e9fense des droits et libert\u00e9s, la d\u00e9nonciation des violations et l&rsquo;appui aux victimes depuis sa cr\u00e9ation jusqu&rsquo;\u00e0 aujourd&rsquo;hui.<\/p>\n<p>Le CFJ consid\u00e8re cette campagne \u2013 qui prend diverses formes telles que l&rsquo;intimidation, la pression, la calomnie et la remise en cause \u2013 non pas uniquement comme une attaque directe contre une institution particuli\u00e8re, mais fondamentalement comme une vaste offensive dirig\u00e9e contre l&rsquo;espace civil dans son ensemble en Tunisie. Ces pratiques annoncent un s\u00e9rieux recul des libert\u00e9s publiques et mettent en danger ce qui subsiste des fondations d\u2019un \u00c9tat bas\u00e9 sur la loi et les institutions, particuli\u00e8rement dans un contexte marqu\u00e9 par un resserrement croissant autour du travail ind\u00e9pendant de la soci\u00e9t\u00e9 civile dans le domaine des droits de l&rsquo;homme.<\/p>\n<p>En cons\u00e9quence, le CFJ r\u00e9affirme fermement et sans r\u00e9serve sa solidarit\u00e9 avec la \u00ab Ligue tunisienne de d\u00e9fense des droits de l&rsquo;homme \u00bb, soutenant pleinement son conseil d&rsquo;administration, ses membres et ses militantes dans toutes ses branches r\u00e9gionales. Le comit\u00e9 juge nulles et incompatibles avec les principes d\u00e9mocratiques et l&rsquo;\u00c9tat de droit toutes tentatives visant \u00e0 \u00e9touffer sa voix, \u00e0 criminaliser ses activit\u00e9s et \u00e0 marginaliser son r\u00f4le national, historique et en mati\u00e8re des droits de l&rsquo;homme. Il consid\u00e8re \u00e9galement ces attaques r\u00e9p\u00e9t\u00e9es comme une violation flagrante de l&rsquo;ind\u00e9pendance et de la l\u00e9gitimit\u00e9 de cette organisation respectable, qui a contribu\u00e9 pendant des d\u00e9cennies \u00e0 la d\u00e9fense de la dignit\u00e9, \u00e0 l&rsquo;\u00e9veil de la conscience sociale et \u00e0 la protection des droits et libert\u00e9s.<\/p>\n<p>Le CFJ appelle toutes les autorit\u00e9s tunisiennes \u2013 sans aucune exception \u2013 \u00e0 respecter leurs engagements nationaux et internationaux, notamment ceux tir\u00e9s des chartes et trait\u00e9s internationaux relatifs \u00e0 la protection des d\u00e9fenseurs et d\u00e9fenseuses des droits de l&rsquo;homme ; ces textes stipulent la n\u00e9cessit\u00e9 de garantir un environnement s\u00fbr et libre permettant au secteur associatif de fonctionner sans pressions, intimidations ni interf\u00e9rences politiques ou s\u00e9curitaires.<\/p>\n<p>En outre, le CFJ exhorte les autorit\u00e9s tunisiennes \u00e0 ne pas utiliser les institutions judiciaires et m\u00e9diatiques comme des instruments de vengeance ou de r\u00e8glements de comptes politiques et psychologiques contre les associations et individus, et plaide pour l\u2019ouverture d\u2019un v\u00e9ritable espace \u00e0 la pluralit\u00e9 politique et sociale.<\/p>\n","protected":false},"excerpt":{"rendered":"<p>Le Comit\u00e9 pour la Justice (CFJ) a d\u00e9clar\u00e9 que la cible vis\u00e9e par les r\u00e9gimes r\u00e9pressifs que sont les organisations de d\u00e9fense des droits de l&rsquo;homme constitue une caract\u00e9ristique essentielle [&hellip;]<\/p>\n","protected":false},"author":967,"featured_media":48976,"comment_status":"closed","ping_status":"closed","sticky":false,"template":"","format":"standard","meta":{"_monsterinsights_skip_tracking":false,"_monsterinsights_sitenote_active":false,"_monsterinsights_sitenote_note":"","_monsterinsights_sitenote_category":0,"_price":"","_stock":"","_tribe_ticket_header":"","_tribe_default_ticket_provider":"","_tribe_ticket_capacity":"0","_ticket_start_date":"","_ticket_end_date":"","_tribe_ticket_show_description":"","_tribe_ticket_show_not_going":false,"_tribe_ticket_use_global_stock":"","_tribe_ticket_global_stock_level":"","_global_stock_mode":"","_global_stock_cap":"","_tribe_rsvp_for_event":"","_tribe_ticket_going_count":"","_tribe_ticket_not_going_count":"","_tribe_tickets_list":"[]","_tribe_ticket_has_attendee_info_fields":false,"footnotes":""},"categories":[816],"tags":[],"countries":[820],"cases":[],"writer":[],"coalitions":[],"class_list":["post-48979","post","type-post","status-publish","format-standard","has-post-thumbnail","hentry","category-non-classifiee","countries-la-tunisie","has-post-title","has-post-date","has-post-category","has-post-tag","has-post-comment","has-post-author",""],"yoast_head":"<!-- This site is optimized with the Yoast SEO plugin v27.4 - https:\/\/yoast.com\/product\/yoast-seo-wordpress\/ -->\n<title>Tunisie: Le CFJ affirme sa solidarit\u00e9 avec la \u00ab Ligue tunisienne de d\u00e9fense des droits de l&#039;homme \u00bb face \u00e0 la campagne de r\u00e9pression et appelle \u00e0 son arr\u00eat - Committee for Justice<\/title>\n<meta name=\"description\" content=\"Tunisie: Le CFJ affirme sa solidarit\u00e9 avec la \u00ab Ligue tunisienne de d\u00e9fense des droits de l&#039;homme \u00bb face \u00e0 la campagne de r\u00e9pression et appelle \u00e0 son arr\u00eat Le Comit\u00e9 pour la Justice (CFJ) a d\u00e9clar\u00e9 que la cible vis\u00e9e par les r\u00e9gimes r\u00e9pressifs que sont les organisations de d\u00e9fense des droits de l&#039;homme constitue une caract\u00e9ristique essentielle de ces r\u00e9gimes, refl\u00e9tant clairement leur faiblesse et leur incapacit\u00e9 \u00e0 faire face \u00e0 la critique constructive ou \u00e0 accepter les opinions divergentes. Plut\u00f4t que d&#039;engager un dialogue s\u00e9rieux ou de d\u00e9fendre leurs politiques de mani\u00e8re cr\u00e9dible en pr\u00e9sentant des preuves et des arguments, ces r\u00e9gimes pr\u00e9f\u00e8rent esquiver leurs responsabilit\u00e9s et \u00e9viter tout affrontement r\u00e9el, recourant plut\u00f4t \u00e0 l\u2019oppression et \u00e0 l\u2019intimidation.\" \/>\n<meta name=\"robots\" content=\"index, follow, max-snippet:-1, max-image-preview:large, max-video-preview:-1\" \/>\n<link rel=\"canonical\" href=\"https:\/\/www.cfjustice.org\/fr\/tunisie-le-cfj-affirme-sa-solidarite-avec-la-ligue-tunisienne-de-defense-des-droits-de-lhomme-face-a-la-campagne-de-repression-et-appelle-a-son-arret\/\" \/>\n<meta property=\"og:locale\" content=\"fr_FR\" \/>\n<meta property=\"og:type\" content=\"article\" \/>\n<meta property=\"og:title\" content=\"Tunisie: Le CFJ affirme sa solidarit\u00e9 avec la \u00ab Ligue tunisienne de d\u00e9fense des droits de l&#039;homme \u00bb face \u00e0 la campagne de r\u00e9pression et appelle \u00e0 son arr\u00eat - Committee for Justice\" \/>\n<meta property=\"og:description\" content=\"Tunisie: Le CFJ affirme sa solidarit\u00e9 avec la \u00ab Ligue tunisienne de d\u00e9fense des droits de l&#039;homme \u00bb face \u00e0 la campagne de r\u00e9pression et appelle \u00e0 son arr\u00eat Le Comit\u00e9 pour la Justice (CFJ) a d\u00e9clar\u00e9 que la cible vis\u00e9e par les r\u00e9gimes r\u00e9pressifs que sont les organisations de d\u00e9fense des droits de l&#039;homme constitue une caract\u00e9ristique essentielle de ces r\u00e9gimes, refl\u00e9tant clairement leur faiblesse et leur incapacit\u00e9 \u00e0 faire face \u00e0 la critique constructive ou \u00e0 accepter les opinions divergentes. Plut\u00f4t que d&#039;engager un dialogue s\u00e9rieux ou de d\u00e9fendre leurs politiques de mani\u00e8re cr\u00e9dible en pr\u00e9sentant des preuves et des arguments, ces r\u00e9gimes pr\u00e9f\u00e8rent esquiver leurs responsabilit\u00e9s et \u00e9viter tout affrontement r\u00e9el, recourant plut\u00f4t \u00e0 l\u2019oppression et \u00e0 l\u2019intimidation.\" \/>\n<meta property=\"og:url\" content=\"https:\/\/www.cfjustice.org\/fr\/tunisie-le-cfj-affirme-sa-solidarite-avec-la-ligue-tunisienne-de-defense-des-droits-de-lhomme-face-a-la-campagne-de-repression-et-appelle-a-son-arret\/\" \/>\n<meta property=\"og:site_name\" content=\"Committee for Justice\" \/>\n<meta property=\"article:publisher\" content=\"https:\/\/www.facebook.com\/cfjusticeorg\" \/>\n<meta property=\"article:published_time\" content=\"2025-05-26T16:15:56+00:00\" \/>\n<meta property=\"og:image\" content=\"https:\/\/www.cfjustice.org\/wp-content\/uploads\/2025\/05\/Untitled-1-4.jpg2_-4.webp\" \/>\n\t<meta property=\"og:image:width\" content=\"1600\" \/>\n\t<meta property=\"og:image:height\" content=\"800\" \/>\n\t<meta property=\"og:image:type\" content=\"image\/jpeg\" \/>\n<meta name=\"author\" content=\"aturan\" \/>\n<meta name=\"twitter:card\" content=\"summary_large_image\" \/>\n<meta name=\"twitter:creator\" content=\"@cfjusticeorg\" \/>\n<meta name=\"twitter:site\" content=\"@cfjusticeorg\" \/>\n<meta name=\"twitter:label1\" content=\"\u00c9crit par\" \/>\n\t<meta name=\"twitter:data1\" content=\"aturan\" \/>\n\t<meta name=\"twitter:label2\" content=\"Dur\u00e9e de lecture estim\u00e9e\" \/>\n\t<meta name=\"twitter:data2\" content=\"3 minutes\" \/>\n<script type=\"application\/ld+json\" class=\"yoast-schema-graph\">{\"@context\":\"https:\\\/\\\/schema.org\",\"@graph\":[{\"@type\":\"Article\",\"@id\":\"https:\\\/\\\/www.cfjustice.org\\\/fr\\\/tunisie-le-cfj-affirme-sa-solidarite-avec-la-ligue-tunisienne-de-defense-des-droits-de-lhomme-face-a-la-campagne-de-repression-et-appelle-a-son-arret\\\/#article\",\"isPartOf\":{\"@id\":\"https:\\\/\\\/www.cfjustice.org\\\/fr\\\/tunisie-le-cfj-affirme-sa-solidarite-avec-la-ligue-tunisienne-de-defense-des-droits-de-lhomme-face-a-la-campagne-de-repression-et-appelle-a-son-arret\\\/\"},\"author\":{\"name\":\"aturan\",\"@id\":\"https:\\\/\\\/www.cfjustice.org\\\/fr\\\/#\\\/schema\\\/person\\\/ea0f4b79a4e1ae43a10612a61fbc1d16\"},\"headline\":\"Tunisie: Le CFJ affirme sa solidarit\u00e9 avec la \u00ab Ligue tunisienne de d\u00e9fense des droits de l&rsquo;homme \u00bb face \u00e0 la campagne de r\u00e9pression et appelle \u00e0 son arr\u00eat\",\"datePublished\":\"2025-05-26T16:15:56+00:00\",\"mainEntityOfPage\":{\"@id\":\"https:\\\/\\\/www.cfjustice.org\\\/fr\\\/tunisie-le-cfj-affirme-sa-solidarite-avec-la-ligue-tunisienne-de-defense-des-droits-de-lhomme-face-a-la-campagne-de-repression-et-appelle-a-son-arret\\\/\"},\"wordCount\":704,\"publisher\":{\"@id\":\"https:\\\/\\\/www.cfjustice.org\\\/fr\\\/#organization\"},\"image\":{\"@id\":\"https:\\\/\\\/www.cfjustice.org\\\/fr\\\/tunisie-le-cfj-affirme-sa-solidarite-avec-la-ligue-tunisienne-de-defense-des-droits-de-lhomme-face-a-la-campagne-de-repression-et-appelle-a-son-arret\\\/#primaryimage\"},\"thumbnailUrl\":\"https:\\\/\\\/www.cfjustice.org\\\/wp-content\\\/uploads\\\/2025\\\/05\\\/Untitled-1-4.jpg2_-4.webp\",\"articleSection\":[\"Non classifi\u00e9(e)\"],\"inLanguage\":\"fr-FR\"},{\"@type\":\"WebPage\",\"@id\":\"https:\\\/\\\/www.cfjustice.org\\\/fr\\\/tunisie-le-cfj-affirme-sa-solidarite-avec-la-ligue-tunisienne-de-defense-des-droits-de-lhomme-face-a-la-campagne-de-repression-et-appelle-a-son-arret\\\/\",\"url\":\"https:\\\/\\\/www.cfjustice.org\\\/fr\\\/tunisie-le-cfj-affirme-sa-solidarite-avec-la-ligue-tunisienne-de-defense-des-droits-de-lhomme-face-a-la-campagne-de-repression-et-appelle-a-son-arret\\\/\",\"name\":\"Tunisie: Le CFJ affirme sa solidarit\u00e9 avec la \u00ab Ligue tunisienne de d\u00e9fense des droits de l'homme \u00bb face \u00e0 la campagne de r\u00e9pression et appelle \u00e0 son arr\u00eat - Committee for Justice\",\"isPartOf\":{\"@id\":\"https:\\\/\\\/www.cfjustice.org\\\/fr\\\/#website\"},\"primaryImageOfPage\":{\"@id\":\"https:\\\/\\\/www.cfjustice.org\\\/fr\\\/tunisie-le-cfj-affirme-sa-solidarite-avec-la-ligue-tunisienne-de-defense-des-droits-de-lhomme-face-a-la-campagne-de-repression-et-appelle-a-son-arret\\\/#primaryimage\"},\"image\":{\"@id\":\"https:\\\/\\\/www.cfjustice.org\\\/fr\\\/tunisie-le-cfj-affirme-sa-solidarite-avec-la-ligue-tunisienne-de-defense-des-droits-de-lhomme-face-a-la-campagne-de-repression-et-appelle-a-son-arret\\\/#primaryimage\"},\"thumbnailUrl\":\"https:\\\/\\\/www.cfjustice.org\\\/wp-content\\\/uploads\\\/2025\\\/05\\\/Untitled-1-4.jpg2_-4.webp\",\"datePublished\":\"2025-05-26T16:15:56+00:00\",\"description\":\"Tunisie: Le CFJ affirme sa solidarit\u00e9 avec la \u00ab Ligue tunisienne de d\u00e9fense des droits de l'homme \u00bb face \u00e0 la campagne de r\u00e9pression et appelle \u00e0 son arr\u00eat Le Comit\u00e9 pour la Justice (CFJ) a d\u00e9clar\u00e9 que la cible vis\u00e9e par les r\u00e9gimes r\u00e9pressifs que sont les organisations de d\u00e9fense des droits de l'homme constitue une caract\u00e9ristique essentielle de ces r\u00e9gimes, refl\u00e9tant clairement leur faiblesse et leur incapacit\u00e9 \u00e0 faire face \u00e0 la critique constructive ou \u00e0 accepter les opinions divergentes. Plut\u00f4t que d'engager un dialogue s\u00e9rieux ou de d\u00e9fendre leurs politiques de mani\u00e8re cr\u00e9dible en pr\u00e9sentant des preuves et des arguments, ces r\u00e9gimes pr\u00e9f\u00e8rent esquiver leurs responsabilit\u00e9s et \u00e9viter tout affrontement r\u00e9el, recourant plut\u00f4t \u00e0 l\u2019oppression et \u00e0 l\u2019intimidation.\",\"breadcrumb\":{\"@id\":\"https:\\\/\\\/www.cfjustice.org\\\/fr\\\/tunisie-le-cfj-affirme-sa-solidarite-avec-la-ligue-tunisienne-de-defense-des-droits-de-lhomme-face-a-la-campagne-de-repression-et-appelle-a-son-arret\\\/#breadcrumb\"},\"inLanguage\":\"fr-FR\",\"potentialAction\":[{\"@type\":\"ReadAction\",\"target\":[\"https:\\\/\\\/www.cfjustice.org\\\/fr\\\/tunisie-le-cfj-affirme-sa-solidarite-avec-la-ligue-tunisienne-de-defense-des-droits-de-lhomme-face-a-la-campagne-de-repression-et-appelle-a-son-arret\\\/\"]}]},{\"@type\":\"ImageObject\",\"inLanguage\":\"fr-FR\",\"@id\":\"https:\\\/\\\/www.cfjustice.org\\\/fr\\\/tunisie-le-cfj-affirme-sa-solidarite-avec-la-ligue-tunisienne-de-defense-des-droits-de-lhomme-face-a-la-campagne-de-repression-et-appelle-a-son-arret\\\/#primaryimage\",\"url\":\"https:\\\/\\\/www.cfjustice.org\\\/wp-content\\\/uploads\\\/2025\\\/05\\\/Untitled-1-4.jpg2_-4.webp\",\"contentUrl\":\"https:\\\/\\\/www.cfjustice.org\\\/wp-content\\\/uploads\\\/2025\\\/05\\\/Untitled-1-4.jpg2_-4.webp\",\"width\":1600,\"height\":800},{\"@type\":\"BreadcrumbList\",\"@id\":\"https:\\\/\\\/www.cfjustice.org\\\/fr\\\/tunisie-le-cfj-affirme-sa-solidarite-avec-la-ligue-tunisienne-de-defense-des-droits-de-lhomme-face-a-la-campagne-de-repression-et-appelle-a-son-arret\\\/#breadcrumb\",\"itemListElement\":[{\"@type\":\"ListItem\",\"position\":1,\"name\":\"Home\",\"item\":\"https:\\\/\\\/www.cfjustice.org\\\/fr\\\/\"},{\"@type\":\"ListItem\",\"position\":2,\"name\":\"Tunisie: Le CFJ affirme sa solidarit\u00e9 avec la \u00ab Ligue tunisienne de d\u00e9fense des droits de l&#8217;homme \u00bb face \u00e0 la campagne de r\u00e9pression et appelle \u00e0 son arr\u00eat\"}]},{\"@type\":\"WebSite\",\"@id\":\"https:\\\/\\\/www.cfjustice.org\\\/fr\\\/#website\",\"url\":\"https:\\\/\\\/www.cfjustice.org\\\/fr\\\/\",\"name\":\"Committee for Justice\",\"description\":\"We are working to achieve justice\",\"publisher\":{\"@id\":\"https:\\\/\\\/www.cfjustice.org\\\/fr\\\/#organization\"},\"alternateName\":\"CFJ\",\"potentialAction\":[{\"@type\":\"SearchAction\",\"target\":{\"@type\":\"EntryPoint\",\"urlTemplate\":\"https:\\\/\\\/www.cfjustice.org\\\/fr\\\/?s={search_term_string}\"},\"query-input\":{\"@type\":\"PropertyValueSpecification\",\"valueRequired\":true,\"valueName\":\"search_term_string\"}}],\"inLanguage\":\"fr-FR\"},{\"@type\":\"Organization\",\"@id\":\"https:\\\/\\\/www.cfjustice.org\\\/fr\\\/#organization\",\"name\":\"Committee for Justice\",\"url\":\"https:\\\/\\\/www.cfjustice.org\\\/fr\\\/\",\"logo\":{\"@type\":\"ImageObject\",\"inLanguage\":\"fr-FR\",\"@id\":\"https:\\\/\\\/www.cfjustice.org\\\/fr\\\/#\\\/schema\\\/logo\\\/image\\\/\",\"url\":\"https:\\\/\\\/www.cfjustice.org\\\/wp-content\\\/uploads\\\/2023\\\/10\\\/logo-1.svg\",\"contentUrl\":\"https:\\\/\\\/www.cfjustice.org\\\/wp-content\\\/uploads\\\/2023\\\/10\\\/logo-1.svg\",\"width\":1,\"height\":1,\"caption\":\"Committee for Justice\"},\"image\":{\"@id\":\"https:\\\/\\\/www.cfjustice.org\\\/fr\\\/#\\\/schema\\\/logo\\\/image\\\/\"},\"sameAs\":[\"https:\\\/\\\/www.facebook.com\\\/cfjusticeorg\",\"https:\\\/\\\/x.com\\\/cfjusticeorg\",\"https:\\\/\\\/www.linkedin.com\\\/company\\\/cfjustice\\\/\",\"https:\\\/\\\/www.youtube.com\\\/channel\\\/UCQdBw5-F5Z80xtts8UqRRqQ\",\"https:\\\/\\\/www.instagram.com\\\/cfjusticeorg\"]},{\"@type\":\"Person\",\"@id\":\"https:\\\/\\\/www.cfjustice.org\\\/fr\\\/#\\\/schema\\\/person\\\/ea0f4b79a4e1ae43a10612a61fbc1d16\",\"name\":\"aturan\",\"image\":{\"@type\":\"ImageObject\",\"inLanguage\":\"fr-FR\",\"@id\":\"https:\\\/\\\/secure.gravatar.com\\\/avatar\\\/01a90824e35ac37e0638814cd919b87906467a82599625eceaf0f1c5b9e8343d?s=96&d=mm&r=g\",\"url\":\"https:\\\/\\\/secure.gravatar.com\\\/avatar\\\/01a90824e35ac37e0638814cd919b87906467a82599625eceaf0f1c5b9e8343d?s=96&d=mm&r=g\",\"contentUrl\":\"https:\\\/\\\/secure.gravatar.com\\\/avatar\\\/01a90824e35ac37e0638814cd919b87906467a82599625eceaf0f1c5b9e8343d?s=96&d=mm&r=g\",\"caption\":\"aturan\"},\"url\":\"https:\\\/\\\/www.cfjustice.org\\\/fr\\\/author\\\/aturan\\\/\"}]}<\/script>\n<!-- \/ Yoast SEO plugin. -->","yoast_head_json":{"title":"Tunisie: Le CFJ affirme sa solidarit\u00e9 avec la \u00ab Ligue tunisienne de d\u00e9fense des droits de l'homme \u00bb face \u00e0 la campagne de r\u00e9pression et appelle \u00e0 son arr\u00eat - Committee for Justice","description":"Tunisie: Le CFJ affirme sa solidarit\u00e9 avec la \u00ab Ligue tunisienne de d\u00e9fense des droits de l'homme \u00bb face \u00e0 la campagne de r\u00e9pression et appelle \u00e0 son arr\u00eat Le Comit\u00e9 pour la Justice (CFJ) a d\u00e9clar\u00e9 que la cible vis\u00e9e par les r\u00e9gimes r\u00e9pressifs que sont les organisations de d\u00e9fense des droits de l'homme constitue une caract\u00e9ristique essentielle de ces r\u00e9gimes, refl\u00e9tant clairement leur faiblesse et leur incapacit\u00e9 \u00e0 faire face \u00e0 la critique constructive ou \u00e0 accepter les opinions divergentes. Plut\u00f4t que d'engager un dialogue s\u00e9rieux ou de d\u00e9fendre leurs politiques de mani\u00e8re cr\u00e9dible en pr\u00e9sentant des preuves et des arguments, ces r\u00e9gimes pr\u00e9f\u00e8rent esquiver leurs responsabilit\u00e9s et \u00e9viter tout affrontement r\u00e9el, recourant plut\u00f4t \u00e0 l\u2019oppression et \u00e0 l\u2019intimidation.","robots":{"index":"index","follow":"follow","max-snippet":"max-snippet:-1","max-image-preview":"max-image-preview:large","max-video-preview":"max-video-preview:-1"},"canonical":"https:\/\/www.cfjustice.org\/fr\/tunisie-le-cfj-affirme-sa-solidarite-avec-la-ligue-tunisienne-de-defense-des-droits-de-lhomme-face-a-la-campagne-de-repression-et-appelle-a-son-arret\/","og_locale":"fr_FR","og_type":"article","og_title":"Tunisie: Le CFJ affirme sa solidarit\u00e9 avec la \u00ab Ligue tunisienne de d\u00e9fense des droits de l'homme \u00bb face \u00e0 la campagne de r\u00e9pression et appelle \u00e0 son arr\u00eat - Committee for Justice","og_description":"Tunisie: Le CFJ affirme sa solidarit\u00e9 avec la \u00ab Ligue tunisienne de d\u00e9fense des droits de l'homme \u00bb face \u00e0 la campagne de r\u00e9pression et appelle \u00e0 son arr\u00eat Le Comit\u00e9 pour la Justice (CFJ) a d\u00e9clar\u00e9 que la cible vis\u00e9e par les r\u00e9gimes r\u00e9pressifs que sont les organisations de d\u00e9fense des droits de l'homme constitue une caract\u00e9ristique essentielle de ces r\u00e9gimes, refl\u00e9tant clairement leur faiblesse et leur incapacit\u00e9 \u00e0 faire face \u00e0 la critique constructive ou \u00e0 accepter les opinions divergentes. Plut\u00f4t que d'engager un dialogue s\u00e9rieux ou de d\u00e9fendre leurs politiques de mani\u00e8re cr\u00e9dible en pr\u00e9sentant des preuves et des arguments, ces r\u00e9gimes pr\u00e9f\u00e8rent esquiver leurs responsabilit\u00e9s et \u00e9viter tout affrontement r\u00e9el, recourant plut\u00f4t \u00e0 l\u2019oppression et \u00e0 l\u2019intimidation.","og_url":"https:\/\/www.cfjustice.org\/fr\/tunisie-le-cfj-affirme-sa-solidarite-avec-la-ligue-tunisienne-de-defense-des-droits-de-lhomme-face-a-la-campagne-de-repression-et-appelle-a-son-arret\/","og_site_name":"Committee for Justice","article_publisher":"https:\/\/www.facebook.com\/cfjusticeorg","article_published_time":"2025-05-26T16:15:56+00:00","og_image":[{"width":1600,"height":800,"url":"https:\/\/www.cfjustice.org\/wp-content\/uploads\/2025\/05\/Untitled-1-4.jpg2_-4.webp","type":"image\/jpeg"}],"author":"aturan","twitter_card":"summary_large_image","twitter_creator":"@cfjusticeorg","twitter_site":"@cfjusticeorg","twitter_misc":{"\u00c9crit par":"aturan","Dur\u00e9e de lecture estim\u00e9e":"3 minutes"},"schema":{"@context":"https:\/\/schema.org","@graph":[{"@type":"Article","@id":"https:\/\/www.cfjustice.org\/fr\/tunisie-le-cfj-affirme-sa-solidarite-avec-la-ligue-tunisienne-de-defense-des-droits-de-lhomme-face-a-la-campagne-de-repression-et-appelle-a-son-arret\/#article","isPartOf":{"@id":"https:\/\/www.cfjustice.org\/fr\/tunisie-le-cfj-affirme-sa-solidarite-avec-la-ligue-tunisienne-de-defense-des-droits-de-lhomme-face-a-la-campagne-de-repression-et-appelle-a-son-arret\/"},"author":{"name":"aturan","@id":"https:\/\/www.cfjustice.org\/fr\/#\/schema\/person\/ea0f4b79a4e1ae43a10612a61fbc1d16"},"headline":"Tunisie: Le CFJ affirme sa solidarit\u00e9 avec la \u00ab Ligue tunisienne de d\u00e9fense des droits de l&rsquo;homme \u00bb face \u00e0 la campagne de r\u00e9pression et appelle \u00e0 son arr\u00eat","datePublished":"2025-05-26T16:15:56+00:00","mainEntityOfPage":{"@id":"https:\/\/www.cfjustice.org\/fr\/tunisie-le-cfj-affirme-sa-solidarite-avec-la-ligue-tunisienne-de-defense-des-droits-de-lhomme-face-a-la-campagne-de-repression-et-appelle-a-son-arret\/"},"wordCount":704,"publisher":{"@id":"https:\/\/www.cfjustice.org\/fr\/#organization"},"image":{"@id":"https:\/\/www.cfjustice.org\/fr\/tunisie-le-cfj-affirme-sa-solidarite-avec-la-ligue-tunisienne-de-defense-des-droits-de-lhomme-face-a-la-campagne-de-repression-et-appelle-a-son-arret\/#primaryimage"},"thumbnailUrl":"https:\/\/www.cfjustice.org\/wp-content\/uploads\/2025\/05\/Untitled-1-4.jpg2_-4.webp","articleSection":["Non classifi\u00e9(e)"],"inLanguage":"fr-FR"},{"@type":"WebPage","@id":"https:\/\/www.cfjustice.org\/fr\/tunisie-le-cfj-affirme-sa-solidarite-avec-la-ligue-tunisienne-de-defense-des-droits-de-lhomme-face-a-la-campagne-de-repression-et-appelle-a-son-arret\/","url":"https:\/\/www.cfjustice.org\/fr\/tunisie-le-cfj-affirme-sa-solidarite-avec-la-ligue-tunisienne-de-defense-des-droits-de-lhomme-face-a-la-campagne-de-repression-et-appelle-a-son-arret\/","name":"Tunisie: Le CFJ affirme sa solidarit\u00e9 avec la \u00ab Ligue tunisienne de d\u00e9fense des droits de l'homme \u00bb face \u00e0 la campagne de r\u00e9pression et appelle \u00e0 son arr\u00eat - Committee for Justice","isPartOf":{"@id":"https:\/\/www.cfjustice.org\/fr\/#website"},"primaryImageOfPage":{"@id":"https:\/\/www.cfjustice.org\/fr\/tunisie-le-cfj-affirme-sa-solidarite-avec-la-ligue-tunisienne-de-defense-des-droits-de-lhomme-face-a-la-campagne-de-repression-et-appelle-a-son-arret\/#primaryimage"},"image":{"@id":"https:\/\/www.cfjustice.org\/fr\/tunisie-le-cfj-affirme-sa-solidarite-avec-la-ligue-tunisienne-de-defense-des-droits-de-lhomme-face-a-la-campagne-de-repression-et-appelle-a-son-arret\/#primaryimage"},"thumbnailUrl":"https:\/\/www.cfjustice.org\/wp-content\/uploads\/2025\/05\/Untitled-1-4.jpg2_-4.webp","datePublished":"2025-05-26T16:15:56+00:00","description":"Tunisie: Le CFJ affirme sa solidarit\u00e9 avec la \u00ab Ligue tunisienne de d\u00e9fense des droits de l'homme \u00bb face \u00e0 la campagne de r\u00e9pression et appelle \u00e0 son arr\u00eat Le Comit\u00e9 pour la Justice (CFJ) a d\u00e9clar\u00e9 que la cible vis\u00e9e par les r\u00e9gimes r\u00e9pressifs que sont les organisations de d\u00e9fense des droits de l'homme constitue une caract\u00e9ristique essentielle de ces r\u00e9gimes, refl\u00e9tant clairement leur faiblesse et leur incapacit\u00e9 \u00e0 faire face \u00e0 la critique constructive ou \u00e0 accepter les opinions divergentes. Plut\u00f4t que d'engager un dialogue s\u00e9rieux ou de d\u00e9fendre leurs politiques de mani\u00e8re cr\u00e9dible en pr\u00e9sentant des preuves et des arguments, ces r\u00e9gimes pr\u00e9f\u00e8rent esquiver leurs responsabilit\u00e9s et \u00e9viter tout affrontement r\u00e9el, recourant plut\u00f4t \u00e0 l\u2019oppression et \u00e0 l\u2019intimidation.","breadcrumb":{"@id":"https:\/\/www.cfjustice.org\/fr\/tunisie-le-cfj-affirme-sa-solidarite-avec-la-ligue-tunisienne-de-defense-des-droits-de-lhomme-face-a-la-campagne-de-repression-et-appelle-a-son-arret\/#breadcrumb"},"inLanguage":"fr-FR","potentialAction":[{"@type":"ReadAction","target":["https:\/\/www.cfjustice.org\/fr\/tunisie-le-cfj-affirme-sa-solidarite-avec-la-ligue-tunisienne-de-defense-des-droits-de-lhomme-face-a-la-campagne-de-repression-et-appelle-a-son-arret\/"]}]},{"@type":"ImageObject","inLanguage":"fr-FR","@id":"https:\/\/www.cfjustice.org\/fr\/tunisie-le-cfj-affirme-sa-solidarite-avec-la-ligue-tunisienne-de-defense-des-droits-de-lhomme-face-a-la-campagne-de-repression-et-appelle-a-son-arret\/#primaryimage","url":"https:\/\/www.cfjustice.org\/wp-content\/uploads\/2025\/05\/Untitled-1-4.jpg2_-4.webp","contentUrl":"https:\/\/www.cfjustice.org\/wp-content\/uploads\/2025\/05\/Untitled-1-4.jpg2_-4.webp","width":1600,"height":800},{"@type":"BreadcrumbList","@id":"https:\/\/www.cfjustice.org\/fr\/tunisie-le-cfj-affirme-sa-solidarite-avec-la-ligue-tunisienne-de-defense-des-droits-de-lhomme-face-a-la-campagne-de-repression-et-appelle-a-son-arret\/#breadcrumb","itemListElement":[{"@type":"ListItem","position":1,"name":"Home","item":"https:\/\/www.cfjustice.org\/fr\/"},{"@type":"ListItem","position":2,"name":"Tunisie: Le CFJ affirme sa solidarit\u00e9 avec la \u00ab Ligue tunisienne de d\u00e9fense des droits de l&#8217;homme \u00bb face \u00e0 la campagne de r\u00e9pression et appelle \u00e0 son arr\u00eat"}]},{"@type":"WebSite","@id":"https:\/\/www.cfjustice.org\/fr\/#website","url":"https:\/\/www.cfjustice.org\/fr\/","name":"Committee for Justice","description":"We are working to achieve justice","publisher":{"@id":"https:\/\/www.cfjustice.org\/fr\/#organization"},"alternateName":"CFJ","potentialAction":[{"@type":"SearchAction","target":{"@type":"EntryPoint","urlTemplate":"https:\/\/www.cfjustice.org\/fr\/?s={search_term_string}"},"query-input":{"@type":"PropertyValueSpecification","valueRequired":true,"valueName":"search_term_string"}}],"inLanguage":"fr-FR"},{"@type":"Organization","@id":"https:\/\/www.cfjustice.org\/fr\/#organization","name":"Committee for Justice","url":"https:\/\/www.cfjustice.org\/fr\/","logo":{"@type":"ImageObject","inLanguage":"fr-FR","@id":"https:\/\/www.cfjustice.org\/fr\/#\/schema\/logo\/image\/","url":"https:\/\/www.cfjustice.org\/wp-content\/uploads\/2023\/10\/logo-1.svg","contentUrl":"https:\/\/www.cfjustice.org\/wp-content\/uploads\/2023\/10\/logo-1.svg","width":1,"height":1,"caption":"Committee for Justice"},"image":{"@id":"https:\/\/www.cfjustice.org\/fr\/#\/schema\/logo\/image\/"},"sameAs":["https:\/\/www.facebook.com\/cfjusticeorg","https:\/\/x.com\/cfjusticeorg","https:\/\/www.linkedin.com\/company\/cfjustice\/","https:\/\/www.youtube.com\/channel\/UCQdBw5-F5Z80xtts8UqRRqQ","https:\/\/www.instagram.com\/cfjusticeorg"]},{"@type":"Person","@id":"https:\/\/www.cfjustice.org\/fr\/#\/schema\/person\/ea0f4b79a4e1ae43a10612a61fbc1d16","name":"aturan","image":{"@type":"ImageObject","inLanguage":"fr-FR","@id":"https:\/\/secure.gravatar.com\/avatar\/01a90824e35ac37e0638814cd919b87906467a82599625eceaf0f1c5b9e8343d?s=96&d=mm&r=g","url":"https:\/\/secure.gravatar.com\/avatar\/01a90824e35ac37e0638814cd919b87906467a82599625eceaf0f1c5b9e8343d?s=96&d=mm&r=g","contentUrl":"https:\/\/secure.gravatar.com\/avatar\/01a90824e35ac37e0638814cd919b87906467a82599625eceaf0f1c5b9e8343d?s=96&d=mm&r=g","caption":"aturan"},"url":"https:\/\/www.cfjustice.org\/fr\/author\/aturan\/"}]}},"_links":{"self":[{"href":"https:\/\/www.cfjustice.org\/fr\/wp-json\/wp\/v2\/posts\/48979","targetHints":{"allow":["GET"]}}],"collection":[{"href":"https:\/\/www.cfjustice.org\/fr\/wp-json\/wp\/v2\/posts"}],"about":[{"href":"https:\/\/www.cfjustice.org\/fr\/wp-json\/wp\/v2\/types\/post"}],"author":[{"embeddable":true,"href":"https:\/\/www.cfjustice.org\/fr\/wp-json\/wp\/v2\/users\/967"}],"replies":[{"embeddable":true,"href":"https:\/\/www.cfjustice.org\/fr\/wp-json\/wp\/v2\/comments?post=48979"}],"version-history":[{"count":1,"href":"https:\/\/www.cfjustice.org\/fr\/wp-json\/wp\/v2\/posts\/48979\/revisions"}],"predecessor-version":[{"id":48980,"href":"https:\/\/www.cfjustice.org\/fr\/wp-json\/wp\/v2\/posts\/48979\/revisions\/48980"}],"wp:featuredmedia":[{"embeddable":true,"href":"https:\/\/www.cfjustice.org\/fr\/wp-json\/wp\/v2\/media\/48976"}],"wp:attachment":[{"href":"https:\/\/www.cfjustice.org\/fr\/wp-json\/wp\/v2\/media?parent=48979"}],"wp:term":[{"taxonomy":"category","embeddable":true,"href":"https:\/\/www.cfjustice.org\/fr\/wp-json\/wp\/v2\/categories?post=48979"},{"taxonomy":"post_tag","embeddable":true,"href":"https:\/\/www.cfjustice.org\/fr\/wp-json\/wp\/v2\/tags?post=48979"},{"taxonomy":"countries","embeddable":true,"href":"https:\/\/www.cfjustice.org\/fr\/wp-json\/wp\/v2\/countries?post=48979"},{"taxonomy":"cases","embeddable":true,"href":"https:\/\/www.cfjustice.org\/fr\/wp-json\/wp\/v2\/cases?post=48979"},{"taxonomy":"writer","embeddable":true,"href":"https:\/\/www.cfjustice.org\/fr\/wp-json\/wp\/v2\/writer?post=48979"},{"taxonomy":"coalitions","embeddable":true,"href":"https:\/\/www.cfjustice.org\/fr\/wp-json\/wp\/v2\/coalitions?post=48979"}],"curies":[{"name":"wp","href":"https:\/\/api.w.org\/{rel}","templated":true}]}}