{"id":48772,"date":"2025-05-13T16:05:05","date_gmt":"2025-05-13T14:05:05","guid":{"rendered":"https:\/\/www.cfjustice.org\/?p=48772"},"modified":"2025-05-13T16:05:05","modified_gmt":"2025-05-13T14:05:05","slug":"mali-des-experts-de-lonu-mettent-en-garde-les-autorites-transitionnelles-contre-la-restriction-des-activites-des-partis-politiques","status":"publish","type":"post","link":"https:\/\/www.cfjustice.org\/fr\/mali-des-experts-de-lonu-mettent-en-garde-les-autorites-transitionnelles-contre-la-restriction-des-activites-des-partis-politiques\/","title":{"rendered":"Mali: Des experts de l\u2019ONU mettent en garde les autorit\u00e9s transitionnelles contre la restriction des activit\u00e9s des partis politiques"},"content":{"rendered":"<p>Des experts ind\u00e9pendants des Nations Unies ont averti, dans un communiqu\u00e9 publi\u00e9 mercredi 7 mai 2025, le gouvernement de transition au Mali que la d\u00e9cision de suspendre les activit\u00e9s des partis politiques constitue une grave violation des droits fondamentaux et des principes d\u00e9mocratiques.<\/p>\n<p>Le Conseil des ministres malien avait adopt\u00e9 le 30 avril un projet de loi supprimant des garanties essentielles de participation politique, suivi le 7 mai d\u2019un d\u00e9cret suspendant les activit\u00e9s des partis politiques \u00ab jusqu\u2019\u00e0 nouvel ordre \u00bb.<\/p>\n<p>Les experts ont affirm\u00e9 : \u00ab Ce d\u00e9cret doit \u00eatre imm\u00e9diatement abrog\u00e9. Si ce projet de loi devient une loi, le Mali violera ses obligations internationales, notamment en mati\u00e8re de libert\u00e9 de r\u00e9union et d\u2019expression. \u00bb<\/p>\n<p>Malgr\u00e9 les affirmations des autorit\u00e9s de transition selon lesquelles ces mesures visent \u00e0 limiter la \u00ab prolif\u00e9ration des partis politiques \u00bb, les experts ont soulign\u00e9 que des r\u00e8gles \u00e9lectorales l\u00e9gitimes \u2014 telles que des conditions d\u2019enregistrement bas\u00e9es sur les r\u00e9sultats \u00e9lectoraux pr\u00e9c\u00e9dents \u2014 suffisent pour atteindre cet objectif. Ils ont indiqu\u00e9 que le nouveau texte entraverait la participation politique en imposant des exigences financi\u00e8res lourdes pour l&rsquo;enregistrement des partis et la pr\u00e9sentation des candidatures.<\/p>\n<p>Les experts ont \u00e9galement exprim\u00e9 des doutes quant \u00e0 l\u2019int\u00e9grit\u00e9 des consultations ayant servi de base \u00e0 ces d\u00e9cisions, notant que le climat actuel, marqu\u00e9 par la r\u00e9pression contre les journalistes et les opposants, ne permet pas un dialogue v\u00e9ritable.<\/p>\n<p>Ils ont ajout\u00e9 que le projet de loi inclut des propositions controvers\u00e9es, comme le prolongement du mandat du chef de l\u2019\u00c9tat actuel, le g\u00e9n\u00e9ral Assimi Go\u00efta, de cinq ans sans \u00e9lections \u2014 une mesure contraire aux engagements ant\u00e9rieurs pris par le gouvernement malien.<\/p>\n<p>Ce projet de loi sera prochainement examin\u00e9 par le Conseil national de transition. Les experts ont appel\u00e9 ce dernier \u00e0 rejeter le texte et ont confirm\u00e9 leur disponibilit\u00e9 pour aider le gouvernement \u00e0 le modifier afin qu\u2019il soit conforme aux normes internationales relatives aux droits humains.<\/p>\n<p>Dans un contexte de tensions croissantes, plusieurs partis politiques ont annonc\u00e9 de nouvelles manifestations le 9 mai, apr\u00e8s des incidents pr\u00e9sum\u00e9s de perturbation violente de leurs rassemblements plus t\u00f4t cette semaine. Les experts ont rappel\u00e9 que \u00ab le droit de manifester pacifiquement est un droit fondamental qui doit \u00eatre respect\u00e9 par les autorit\u00e9s. \u00bb<\/p>\n","protected":false},"excerpt":{"rendered":"<p>Des experts ind\u00e9pendants des Nations Unies ont averti, dans un communiqu\u00e9 publi\u00e9 mercredi 7 mai 2025, le gouvernement de transition au Mali que la d\u00e9cision de suspendre les activit\u00e9s des [&hellip;]<\/p>\n","protected":false},"author":967,"featured_media":48763,"comment_status":"closed","ping_status":"closed","sticky":false,"template":"","format":"standard","meta":{"_monsterinsights_skip_tracking":false,"_monsterinsights_sitenote_active":false,"_monsterinsights_sitenote_note":"","_monsterinsights_sitenote_category":0,"_price":"","_stock":"","_tribe_ticket_header":"","_tribe_default_ticket_provider":"","_tribe_ticket_capacity":"0","_ticket_start_date":"","_ticket_end_date":"","_tribe_ticket_show_description":"","_tribe_ticket_show_not_going":false,"_tribe_ticket_use_global_stock":"","_tribe_ticket_global_stock_level":"","_global_stock_mode":"","_global_stock_cap":"","_tribe_rsvp_for_event":"","_tribe_ticket_going_count":"","_tribe_ticket_not_going_count":"","_tribe_tickets_list":"[]","_tribe_ticket_has_attendee_info_fields":false,"footnotes":""},"categories":[816],"tags":[],"countries":[862],"cases":[],"writer":[],"coalitions":[],"class_list":["post-48772","post","type-post","status-publish","format-standard","has-post-thumbnail","hentry","category-non-classifiee","countries-mali-fr","has-post-title","has-post-date","has-post-category","has-post-tag","has-post-comment","has-post-author",""],"yoast_head":"<!-- This site is optimized with the Yoast SEO plugin v27.4 - https:\/\/yoast.com\/product\/yoast-seo-wordpress\/ -->\n<title>Mali: Des experts de l\u2019ONU mettent en garde les autorit\u00e9s transitionnelles contre la restriction des activit\u00e9s des partis politiques - Committee for Justice<\/title>\n<meta name=\"description\" content=\"Mali: Des experts de l\u2019ONU mettent en garde les autorit\u00e9s transitionnelles contre la restriction des activit\u00e9s des partis politiques Des experts ind\u00e9pendants des Nations Unies ont averti, dans un communiqu\u00e9 publi\u00e9 mercredi 7 mai 2025, le gouvernement de transition au Mali que la d\u00e9cision de suspendre les activit\u00e9s des partis politiques constitue une grave violation des droits fondamentaux et des principes d\u00e9mocratiques.\" \/>\n<meta name=\"robots\" content=\"index, follow, max-snippet:-1, max-image-preview:large, max-video-preview:-1\" \/>\n<link rel=\"canonical\" href=\"https:\/\/www.cfjustice.org\/fr\/mali-des-experts-de-lonu-mettent-en-garde-les-autorites-transitionnelles-contre-la-restriction-des-activites-des-partis-politiques\/\" \/>\n<meta property=\"og:locale\" content=\"fr_FR\" \/>\n<meta property=\"og:type\" content=\"article\" \/>\n<meta property=\"og:title\" content=\"Mali: Des experts de l\u2019ONU mettent en garde les autorit\u00e9s transitionnelles contre la restriction des activit\u00e9s des partis politiques - Committee for Justice\" \/>\n<meta property=\"og:description\" content=\"Mali: Des experts de l\u2019ONU mettent en garde les autorit\u00e9s transitionnelles contre la restriction des activit\u00e9s des partis politiques Des experts ind\u00e9pendants des Nations Unies ont averti, dans un communiqu\u00e9 publi\u00e9 mercredi 7 mai 2025, le gouvernement de transition au Mali que la d\u00e9cision de suspendre les activit\u00e9s des partis politiques constitue une grave violation des droits fondamentaux et des principes d\u00e9mocratiques.\" \/>\n<meta property=\"og:url\" content=\"https:\/\/www.cfjustice.org\/fr\/mali-des-experts-de-lonu-mettent-en-garde-les-autorites-transitionnelles-contre-la-restriction-des-activites-des-partis-politiques\/\" \/>\n<meta property=\"og:site_name\" content=\"Committee for Justice\" \/>\n<meta property=\"article:publisher\" content=\"https:\/\/www.facebook.com\/cfjusticeorg\" \/>\n<meta property=\"article:published_time\" content=\"2025-05-13T14:05:05+00:00\" \/>\n<meta property=\"og:image\" content=\"https:\/\/www.cfjustice.org\/wp-content\/uploads\/2025\/05\/Untitled-1-4.webp\" \/>\n\t<meta property=\"og:image:width\" content=\"1600\" \/>\n\t<meta property=\"og:image:height\" content=\"800\" \/>\n\t<meta property=\"og:image:type\" content=\"image\/jpeg\" \/>\n<meta name=\"author\" content=\"aturan\" \/>\n<meta name=\"twitter:card\" content=\"summary_large_image\" \/>\n<meta name=\"twitter:creator\" content=\"@cfjusticeorg\" \/>\n<meta name=\"twitter:site\" content=\"@cfjusticeorg\" \/>\n<meta name=\"twitter:label1\" content=\"\u00c9crit par\" \/>\n\t<meta name=\"twitter:data1\" content=\"aturan\" \/>\n\t<meta name=\"twitter:label2\" content=\"Dur\u00e9e de lecture estim\u00e9e\" \/>\n\t<meta name=\"twitter:data2\" content=\"2 minutes\" \/>\n<script type=\"application\/ld+json\" class=\"yoast-schema-graph\">{\"@context\":\"https:\\\/\\\/schema.org\",\"@graph\":[{\"@type\":\"Article\",\"@id\":\"https:\\\/\\\/www.cfjustice.org\\\/fr\\\/mali-des-experts-de-lonu-mettent-en-garde-les-autorites-transitionnelles-contre-la-restriction-des-activites-des-partis-politiques\\\/#article\",\"isPartOf\":{\"@id\":\"https:\\\/\\\/www.cfjustice.org\\\/fr\\\/mali-des-experts-de-lonu-mettent-en-garde-les-autorites-transitionnelles-contre-la-restriction-des-activites-des-partis-politiques\\\/\"},\"author\":{\"name\":\"aturan\",\"@id\":\"https:\\\/\\\/www.cfjustice.org\\\/fr\\\/#\\\/schema\\\/person\\\/ea0f4b79a4e1ae43a10612a61fbc1d16\"},\"headline\":\"Mali: Des experts de l\u2019ONU mettent en garde les autorit\u00e9s transitionnelles contre la restriction des activit\u00e9s des partis politiques\",\"datePublished\":\"2025-05-13T14:05:05+00:00\",\"mainEntityOfPage\":{\"@id\":\"https:\\\/\\\/www.cfjustice.org\\\/fr\\\/mali-des-experts-de-lonu-mettent-en-garde-les-autorites-transitionnelles-contre-la-restriction-des-activites-des-partis-politiques\\\/\"},\"wordCount\":415,\"publisher\":{\"@id\":\"https:\\\/\\\/www.cfjustice.org\\\/fr\\\/#organization\"},\"image\":{\"@id\":\"https:\\\/\\\/www.cfjustice.org\\\/fr\\\/mali-des-experts-de-lonu-mettent-en-garde-les-autorites-transitionnelles-contre-la-restriction-des-activites-des-partis-politiques\\\/#primaryimage\"},\"thumbnailUrl\":\"https:\\\/\\\/www.cfjustice.org\\\/wp-content\\\/uploads\\\/2025\\\/05\\\/Untitled-1-4.webp\",\"articleSection\":[\"Non classifi\u00e9(e)\"],\"inLanguage\":\"fr-FR\"},{\"@type\":\"WebPage\",\"@id\":\"https:\\\/\\\/www.cfjustice.org\\\/fr\\\/mali-des-experts-de-lonu-mettent-en-garde-les-autorites-transitionnelles-contre-la-restriction-des-activites-des-partis-politiques\\\/\",\"url\":\"https:\\\/\\\/www.cfjustice.org\\\/fr\\\/mali-des-experts-de-lonu-mettent-en-garde-les-autorites-transitionnelles-contre-la-restriction-des-activites-des-partis-politiques\\\/\",\"name\":\"Mali: Des experts de l\u2019ONU mettent en garde les autorit\u00e9s transitionnelles contre la restriction des activit\u00e9s des partis politiques - Committee for Justice\",\"isPartOf\":{\"@id\":\"https:\\\/\\\/www.cfjustice.org\\\/fr\\\/#website\"},\"primaryImageOfPage\":{\"@id\":\"https:\\\/\\\/www.cfjustice.org\\\/fr\\\/mali-des-experts-de-lonu-mettent-en-garde-les-autorites-transitionnelles-contre-la-restriction-des-activites-des-partis-politiques\\\/#primaryimage\"},\"image\":{\"@id\":\"https:\\\/\\\/www.cfjustice.org\\\/fr\\\/mali-des-experts-de-lonu-mettent-en-garde-les-autorites-transitionnelles-contre-la-restriction-des-activites-des-partis-politiques\\\/#primaryimage\"},\"thumbnailUrl\":\"https:\\\/\\\/www.cfjustice.org\\\/wp-content\\\/uploads\\\/2025\\\/05\\\/Untitled-1-4.webp\",\"datePublished\":\"2025-05-13T14:05:05+00:00\",\"description\":\"Mali: Des experts de l\u2019ONU mettent en garde les autorit\u00e9s transitionnelles contre la restriction des activit\u00e9s des partis politiques Des experts ind\u00e9pendants des Nations Unies ont averti, dans un communiqu\u00e9 publi\u00e9 mercredi 7 mai 2025, le gouvernement de transition au Mali que la d\u00e9cision de suspendre les activit\u00e9s des partis politiques constitue une grave violation des droits fondamentaux et des principes d\u00e9mocratiques.\",\"breadcrumb\":{\"@id\":\"https:\\\/\\\/www.cfjustice.org\\\/fr\\\/mali-des-experts-de-lonu-mettent-en-garde-les-autorites-transitionnelles-contre-la-restriction-des-activites-des-partis-politiques\\\/#breadcrumb\"},\"inLanguage\":\"fr-FR\",\"potentialAction\":[{\"@type\":\"ReadAction\",\"target\":[\"https:\\\/\\\/www.cfjustice.org\\\/fr\\\/mali-des-experts-de-lonu-mettent-en-garde-les-autorites-transitionnelles-contre-la-restriction-des-activites-des-partis-politiques\\\/\"]}]},{\"@type\":\"ImageObject\",\"inLanguage\":\"fr-FR\",\"@id\":\"https:\\\/\\\/www.cfjustice.org\\\/fr\\\/mali-des-experts-de-lonu-mettent-en-garde-les-autorites-transitionnelles-contre-la-restriction-des-activites-des-partis-politiques\\\/#primaryimage\",\"url\":\"https:\\\/\\\/www.cfjustice.org\\\/wp-content\\\/uploads\\\/2025\\\/05\\\/Untitled-1-4.webp\",\"contentUrl\":\"https:\\\/\\\/www.cfjustice.org\\\/wp-content\\\/uploads\\\/2025\\\/05\\\/Untitled-1-4.webp\",\"width\":1600,\"height\":800},{\"@type\":\"BreadcrumbList\",\"@id\":\"https:\\\/\\\/www.cfjustice.org\\\/fr\\\/mali-des-experts-de-lonu-mettent-en-garde-les-autorites-transitionnelles-contre-la-restriction-des-activites-des-partis-politiques\\\/#breadcrumb\",\"itemListElement\":[{\"@type\":\"ListItem\",\"position\":1,\"name\":\"Home\",\"item\":\"https:\\\/\\\/www.cfjustice.org\\\/fr\\\/\"},{\"@type\":\"ListItem\",\"position\":2,\"name\":\"Mali: Des experts de l\u2019ONU mettent en garde les autorit\u00e9s transitionnelles contre la restriction des activit\u00e9s des partis politiques\"}]},{\"@type\":\"WebSite\",\"@id\":\"https:\\\/\\\/www.cfjustice.org\\\/fr\\\/#website\",\"url\":\"https:\\\/\\\/www.cfjustice.org\\\/fr\\\/\",\"name\":\"Committee for Justice\",\"description\":\"We are working to achieve justice\",\"publisher\":{\"@id\":\"https:\\\/\\\/www.cfjustice.org\\\/fr\\\/#organization\"},\"alternateName\":\"CFJ\",\"potentialAction\":[{\"@type\":\"SearchAction\",\"target\":{\"@type\":\"EntryPoint\",\"urlTemplate\":\"https:\\\/\\\/www.cfjustice.org\\\/fr\\\/?s={search_term_string}\"},\"query-input\":{\"@type\":\"PropertyValueSpecification\",\"valueRequired\":true,\"valueName\":\"search_term_string\"}}],\"inLanguage\":\"fr-FR\"},{\"@type\":\"Organization\",\"@id\":\"https:\\\/\\\/www.cfjustice.org\\\/fr\\\/#organization\",\"name\":\"Committee for Justice\",\"url\":\"https:\\\/\\\/www.cfjustice.org\\\/fr\\\/\",\"logo\":{\"@type\":\"ImageObject\",\"inLanguage\":\"fr-FR\",\"@id\":\"https:\\\/\\\/www.cfjustice.org\\\/fr\\\/#\\\/schema\\\/logo\\\/image\\\/\",\"url\":\"https:\\\/\\\/www.cfjustice.org\\\/wp-content\\\/uploads\\\/2023\\\/10\\\/logo-1.svg\",\"contentUrl\":\"https:\\\/\\\/www.cfjustice.org\\\/wp-content\\\/uploads\\\/2023\\\/10\\\/logo-1.svg\",\"width\":1,\"height\":1,\"caption\":\"Committee for Justice\"},\"image\":{\"@id\":\"https:\\\/\\\/www.cfjustice.org\\\/fr\\\/#\\\/schema\\\/logo\\\/image\\\/\"},\"sameAs\":[\"https:\\\/\\\/www.facebook.com\\\/cfjusticeorg\",\"https:\\\/\\\/x.com\\\/cfjusticeorg\",\"https:\\\/\\\/www.linkedin.com\\\/company\\\/cfjustice\\\/\",\"https:\\\/\\\/www.youtube.com\\\/channel\\\/UCQdBw5-F5Z80xtts8UqRRqQ\",\"https:\\\/\\\/www.instagram.com\\\/cfjusticeorg\"]},{\"@type\":\"Person\",\"@id\":\"https:\\\/\\\/www.cfjustice.org\\\/fr\\\/#\\\/schema\\\/person\\\/ea0f4b79a4e1ae43a10612a61fbc1d16\",\"name\":\"aturan\",\"image\":{\"@type\":\"ImageObject\",\"inLanguage\":\"fr-FR\",\"@id\":\"https:\\\/\\\/secure.gravatar.com\\\/avatar\\\/01a90824e35ac37e0638814cd919b87906467a82599625eceaf0f1c5b9e8343d?s=96&d=mm&r=g\",\"url\":\"https:\\\/\\\/secure.gravatar.com\\\/avatar\\\/01a90824e35ac37e0638814cd919b87906467a82599625eceaf0f1c5b9e8343d?s=96&d=mm&r=g\",\"contentUrl\":\"https:\\\/\\\/secure.gravatar.com\\\/avatar\\\/01a90824e35ac37e0638814cd919b87906467a82599625eceaf0f1c5b9e8343d?s=96&d=mm&r=g\",\"caption\":\"aturan\"},\"url\":\"https:\\\/\\\/www.cfjustice.org\\\/fr\\\/author\\\/aturan\\\/\"}]}<\/script>\n<!-- \/ Yoast SEO plugin. -->","yoast_head_json":{"title":"Mali: Des experts de l\u2019ONU mettent en garde les autorit\u00e9s transitionnelles contre la restriction des activit\u00e9s des partis politiques - Committee for Justice","description":"Mali: Des experts de l\u2019ONU mettent en garde les autorit\u00e9s transitionnelles contre la restriction des activit\u00e9s des partis politiques Des experts ind\u00e9pendants des Nations Unies ont averti, dans un communiqu\u00e9 publi\u00e9 mercredi 7 mai 2025, le gouvernement de transition au Mali que la d\u00e9cision de suspendre les activit\u00e9s des partis politiques constitue une grave violation des droits fondamentaux et des principes d\u00e9mocratiques.","robots":{"index":"index","follow":"follow","max-snippet":"max-snippet:-1","max-image-preview":"max-image-preview:large","max-video-preview":"max-video-preview:-1"},"canonical":"https:\/\/www.cfjustice.org\/fr\/mali-des-experts-de-lonu-mettent-en-garde-les-autorites-transitionnelles-contre-la-restriction-des-activites-des-partis-politiques\/","og_locale":"fr_FR","og_type":"article","og_title":"Mali: Des experts de l\u2019ONU mettent en garde les autorit\u00e9s transitionnelles contre la restriction des activit\u00e9s des partis politiques - Committee for Justice","og_description":"Mali: Des experts de l\u2019ONU mettent en garde les autorit\u00e9s transitionnelles contre la restriction des activit\u00e9s des partis politiques Des experts ind\u00e9pendants des Nations Unies ont averti, dans un communiqu\u00e9 publi\u00e9 mercredi 7 mai 2025, le gouvernement de transition au Mali que la d\u00e9cision de suspendre les activit\u00e9s des partis politiques constitue une grave violation des droits fondamentaux et des principes d\u00e9mocratiques.","og_url":"https:\/\/www.cfjustice.org\/fr\/mali-des-experts-de-lonu-mettent-en-garde-les-autorites-transitionnelles-contre-la-restriction-des-activites-des-partis-politiques\/","og_site_name":"Committee for Justice","article_publisher":"https:\/\/www.facebook.com\/cfjusticeorg","article_published_time":"2025-05-13T14:05:05+00:00","og_image":[{"width":1600,"height":800,"url":"https:\/\/www.cfjustice.org\/wp-content\/uploads\/2025\/05\/Untitled-1-4.webp","type":"image\/jpeg"}],"author":"aturan","twitter_card":"summary_large_image","twitter_creator":"@cfjusticeorg","twitter_site":"@cfjusticeorg","twitter_misc":{"\u00c9crit par":"aturan","Dur\u00e9e de lecture estim\u00e9e":"2 minutes"},"schema":{"@context":"https:\/\/schema.org","@graph":[{"@type":"Article","@id":"https:\/\/www.cfjustice.org\/fr\/mali-des-experts-de-lonu-mettent-en-garde-les-autorites-transitionnelles-contre-la-restriction-des-activites-des-partis-politiques\/#article","isPartOf":{"@id":"https:\/\/www.cfjustice.org\/fr\/mali-des-experts-de-lonu-mettent-en-garde-les-autorites-transitionnelles-contre-la-restriction-des-activites-des-partis-politiques\/"},"author":{"name":"aturan","@id":"https:\/\/www.cfjustice.org\/fr\/#\/schema\/person\/ea0f4b79a4e1ae43a10612a61fbc1d16"},"headline":"Mali: Des experts de l\u2019ONU mettent en garde les autorit\u00e9s transitionnelles contre la restriction des activit\u00e9s des partis politiques","datePublished":"2025-05-13T14:05:05+00:00","mainEntityOfPage":{"@id":"https:\/\/www.cfjustice.org\/fr\/mali-des-experts-de-lonu-mettent-en-garde-les-autorites-transitionnelles-contre-la-restriction-des-activites-des-partis-politiques\/"},"wordCount":415,"publisher":{"@id":"https:\/\/www.cfjustice.org\/fr\/#organization"},"image":{"@id":"https:\/\/www.cfjustice.org\/fr\/mali-des-experts-de-lonu-mettent-en-garde-les-autorites-transitionnelles-contre-la-restriction-des-activites-des-partis-politiques\/#primaryimage"},"thumbnailUrl":"https:\/\/www.cfjustice.org\/wp-content\/uploads\/2025\/05\/Untitled-1-4.webp","articleSection":["Non classifi\u00e9(e)"],"inLanguage":"fr-FR"},{"@type":"WebPage","@id":"https:\/\/www.cfjustice.org\/fr\/mali-des-experts-de-lonu-mettent-en-garde-les-autorites-transitionnelles-contre-la-restriction-des-activites-des-partis-politiques\/","url":"https:\/\/www.cfjustice.org\/fr\/mali-des-experts-de-lonu-mettent-en-garde-les-autorites-transitionnelles-contre-la-restriction-des-activites-des-partis-politiques\/","name":"Mali: Des experts de l\u2019ONU mettent en garde les autorit\u00e9s transitionnelles contre la restriction des activit\u00e9s des partis politiques - Committee for Justice","isPartOf":{"@id":"https:\/\/www.cfjustice.org\/fr\/#website"},"primaryImageOfPage":{"@id":"https:\/\/www.cfjustice.org\/fr\/mali-des-experts-de-lonu-mettent-en-garde-les-autorites-transitionnelles-contre-la-restriction-des-activites-des-partis-politiques\/#primaryimage"},"image":{"@id":"https:\/\/www.cfjustice.org\/fr\/mali-des-experts-de-lonu-mettent-en-garde-les-autorites-transitionnelles-contre-la-restriction-des-activites-des-partis-politiques\/#primaryimage"},"thumbnailUrl":"https:\/\/www.cfjustice.org\/wp-content\/uploads\/2025\/05\/Untitled-1-4.webp","datePublished":"2025-05-13T14:05:05+00:00","description":"Mali: Des experts de l\u2019ONU mettent en garde les autorit\u00e9s transitionnelles contre la restriction des activit\u00e9s des partis politiques Des experts ind\u00e9pendants des Nations Unies ont averti, dans un communiqu\u00e9 publi\u00e9 mercredi 7 mai 2025, le gouvernement de transition au Mali que la d\u00e9cision de suspendre les activit\u00e9s des partis politiques constitue une grave violation des droits fondamentaux et des principes d\u00e9mocratiques.","breadcrumb":{"@id":"https:\/\/www.cfjustice.org\/fr\/mali-des-experts-de-lonu-mettent-en-garde-les-autorites-transitionnelles-contre-la-restriction-des-activites-des-partis-politiques\/#breadcrumb"},"inLanguage":"fr-FR","potentialAction":[{"@type":"ReadAction","target":["https:\/\/www.cfjustice.org\/fr\/mali-des-experts-de-lonu-mettent-en-garde-les-autorites-transitionnelles-contre-la-restriction-des-activites-des-partis-politiques\/"]}]},{"@type":"ImageObject","inLanguage":"fr-FR","@id":"https:\/\/www.cfjustice.org\/fr\/mali-des-experts-de-lonu-mettent-en-garde-les-autorites-transitionnelles-contre-la-restriction-des-activites-des-partis-politiques\/#primaryimage","url":"https:\/\/www.cfjustice.org\/wp-content\/uploads\/2025\/05\/Untitled-1-4.webp","contentUrl":"https:\/\/www.cfjustice.org\/wp-content\/uploads\/2025\/05\/Untitled-1-4.webp","width":1600,"height":800},{"@type":"BreadcrumbList","@id":"https:\/\/www.cfjustice.org\/fr\/mali-des-experts-de-lonu-mettent-en-garde-les-autorites-transitionnelles-contre-la-restriction-des-activites-des-partis-politiques\/#breadcrumb","itemListElement":[{"@type":"ListItem","position":1,"name":"Home","item":"https:\/\/www.cfjustice.org\/fr\/"},{"@type":"ListItem","position":2,"name":"Mali: Des experts de l\u2019ONU mettent en garde les autorit\u00e9s transitionnelles contre la restriction des activit\u00e9s des partis politiques"}]},{"@type":"WebSite","@id":"https:\/\/www.cfjustice.org\/fr\/#website","url":"https:\/\/www.cfjustice.org\/fr\/","name":"Committee for Justice","description":"We are working to achieve justice","publisher":{"@id":"https:\/\/www.cfjustice.org\/fr\/#organization"},"alternateName":"CFJ","potentialAction":[{"@type":"SearchAction","target":{"@type":"EntryPoint","urlTemplate":"https:\/\/www.cfjustice.org\/fr\/?s={search_term_string}"},"query-input":{"@type":"PropertyValueSpecification","valueRequired":true,"valueName":"search_term_string"}}],"inLanguage":"fr-FR"},{"@type":"Organization","@id":"https:\/\/www.cfjustice.org\/fr\/#organization","name":"Committee for Justice","url":"https:\/\/www.cfjustice.org\/fr\/","logo":{"@type":"ImageObject","inLanguage":"fr-FR","@id":"https:\/\/www.cfjustice.org\/fr\/#\/schema\/logo\/image\/","url":"https:\/\/www.cfjustice.org\/wp-content\/uploads\/2023\/10\/logo-1.svg","contentUrl":"https:\/\/www.cfjustice.org\/wp-content\/uploads\/2023\/10\/logo-1.svg","width":1,"height":1,"caption":"Committee for Justice"},"image":{"@id":"https:\/\/www.cfjustice.org\/fr\/#\/schema\/logo\/image\/"},"sameAs":["https:\/\/www.facebook.com\/cfjusticeorg","https:\/\/x.com\/cfjusticeorg","https:\/\/www.linkedin.com\/company\/cfjustice\/","https:\/\/www.youtube.com\/channel\/UCQdBw5-F5Z80xtts8UqRRqQ","https:\/\/www.instagram.com\/cfjusticeorg"]},{"@type":"Person","@id":"https:\/\/www.cfjustice.org\/fr\/#\/schema\/person\/ea0f4b79a4e1ae43a10612a61fbc1d16","name":"aturan","image":{"@type":"ImageObject","inLanguage":"fr-FR","@id":"https:\/\/secure.gravatar.com\/avatar\/01a90824e35ac37e0638814cd919b87906467a82599625eceaf0f1c5b9e8343d?s=96&d=mm&r=g","url":"https:\/\/secure.gravatar.com\/avatar\/01a90824e35ac37e0638814cd919b87906467a82599625eceaf0f1c5b9e8343d?s=96&d=mm&r=g","contentUrl":"https:\/\/secure.gravatar.com\/avatar\/01a90824e35ac37e0638814cd919b87906467a82599625eceaf0f1c5b9e8343d?s=96&d=mm&r=g","caption":"aturan"},"url":"https:\/\/www.cfjustice.org\/fr\/author\/aturan\/"}]}},"_links":{"self":[{"href":"https:\/\/www.cfjustice.org\/fr\/wp-json\/wp\/v2\/posts\/48772","targetHints":{"allow":["GET"]}}],"collection":[{"href":"https:\/\/www.cfjustice.org\/fr\/wp-json\/wp\/v2\/posts"}],"about":[{"href":"https:\/\/www.cfjustice.org\/fr\/wp-json\/wp\/v2\/types\/post"}],"author":[{"embeddable":true,"href":"https:\/\/www.cfjustice.org\/fr\/wp-json\/wp\/v2\/users\/967"}],"replies":[{"embeddable":true,"href":"https:\/\/www.cfjustice.org\/fr\/wp-json\/wp\/v2\/comments?post=48772"}],"version-history":[{"count":2,"href":"https:\/\/www.cfjustice.org\/fr\/wp-json\/wp\/v2\/posts\/48772\/revisions"}],"predecessor-version":[{"id":48774,"href":"https:\/\/www.cfjustice.org\/fr\/wp-json\/wp\/v2\/posts\/48772\/revisions\/48774"}],"wp:featuredmedia":[{"embeddable":true,"href":"https:\/\/www.cfjustice.org\/fr\/wp-json\/wp\/v2\/media\/48763"}],"wp:attachment":[{"href":"https:\/\/www.cfjustice.org\/fr\/wp-json\/wp\/v2\/media?parent=48772"}],"wp:term":[{"taxonomy":"category","embeddable":true,"href":"https:\/\/www.cfjustice.org\/fr\/wp-json\/wp\/v2\/categories?post=48772"},{"taxonomy":"post_tag","embeddable":true,"href":"https:\/\/www.cfjustice.org\/fr\/wp-json\/wp\/v2\/tags?post=48772"},{"taxonomy":"countries","embeddable":true,"href":"https:\/\/www.cfjustice.org\/fr\/wp-json\/wp\/v2\/countries?post=48772"},{"taxonomy":"cases","embeddable":true,"href":"https:\/\/www.cfjustice.org\/fr\/wp-json\/wp\/v2\/cases?post=48772"},{"taxonomy":"writer","embeddable":true,"href":"https:\/\/www.cfjustice.org\/fr\/wp-json\/wp\/v2\/writer?post=48772"},{"taxonomy":"coalitions","embeddable":true,"href":"https:\/\/www.cfjustice.org\/fr\/wp-json\/wp\/v2\/coalitions?post=48772"}],"curies":[{"name":"wp","href":"https:\/\/api.w.org\/{rel}","templated":true}]}}