{"id":47294,"date":"2025-03-14T16:12:38","date_gmt":"2025-03-14T15:12:38","guid":{"rendered":"https:\/\/www.cfjustice.org\/?p=47294"},"modified":"2025-03-14T16:12:38","modified_gmt":"2025-03-14T15:12:38","slug":"tunisie-le-cfj-signale-des-violations-graves-contre-lactiviste-mosab-al-gharbi-et-appelle-a-sa-liberation","status":"publish","type":"post","link":"https:\/\/www.cfjustice.org\/fr\/tunisie-le-cfj-signale-des-violations-graves-contre-lactiviste-mosab-al-gharbi-et-appelle-a-sa-liberation\/","title":{"rendered":"Tunisie: Le CFJ signale des violations \u00abgraves\u00bb contre l&rsquo;activiste Mosab Al-Gharbi et appelle \u00e0 sa lib\u00e9ration\u00a0"},"content":{"rendered":"<p>Le Comit\u00e9 pour la Justice (CFJ) a constat\u00e9 de graves violations contre l&rsquo;activiste politique tunisien Mosab Al-Gharbi, emprisonn\u00e9 depuis juillet 2024 pour des accusations d&rsquo;h\u00e9bergement d&rsquo;une personne recherch\u00e9e par les autorit\u00e9s.<\/p>\n<p>Les autorit\u00e9s judiciaires tunisiennes ont achev\u00e9 les investigations sur son affaire le 23 janvier 2025, et ses avocats se sont vu refuser l&rsquo;acc\u00e8s \u00e0 leur client depuis le 22 janvier 2025. Son audience a \u00e9t\u00e9 fix\u00e9e au 20 f\u00e9vrier 2025 devant la chambre d&rsquo;accusation sp\u00e9cialis\u00e9e en terrorisme, dans des conditions de d\u00e9tention s\u00e9v\u00e8res qui violent ses droits fondamentaux.<\/p>\n<p>Depuis son arrestation, Al-Gharbi a subi une s\u00e9rie de violations, \u00e0 commencer par sa d\u00e9tention sans autorisation judiciaire pr\u00e9alable, ce qui constitue une violation de la Constitution tunisienne de 2022. Il a \u00e9galement endur\u00e9 des conditions carc\u00e9rales difficiles, ayant d&rsquo;abord \u00e9t\u00e9 plac\u00e9 dans une cellule surpeupl\u00e9e avant d&rsquo;\u00eatre transf\u00e9r\u00e9 en isolement apr\u00e8s une dispute avec un agent p\u00e9nitentiaire qui l&rsquo;aurait \u00e0 plusieurs reprises trait\u00e9 de \u00ab terroriste \u00bb.<\/p>\n<p>De plus, Al-Gharbi a \u00e9t\u00e9 interdit de participer aux activit\u00e9s des prisonniers et s&rsquo;est vu refuser l&rsquo;acc\u00e8s aux livres pendant deux mois. En janvier 2025, il a entam\u00e9 une gr\u00e8ve de la faim pour protester contre le retard pris dans son proc\u00e8s, ce qui a entra\u00een\u00e9 une d\u00e9t\u00e9rioration de son \u00e9tat de sant\u00e9.<\/p>\n<p>Le CFJ condamne ces graves violations et appelle \u00e0 la lib\u00e9ration imm\u00e9diate de Mosab Al-Gharbi ou \u00e0 sa pr\u00e9sentation devant un proc\u00e8s \u00e9quitable respectant les normes internationales reconnues. Le comit\u00e9 exhorte \u00e9galement les autorit\u00e9s \u00e0 lui garantir des conditions de d\u00e9tention humaines et appropri\u00e9es et \u00e0 mettre fin \u00e0 toutes les violations dont il est victime, notamment le refus des visites juridiques et les restrictions \u00e0 ses droits fondamentaux.<\/p>\n<p>Le CFJ insiste sur la n\u00e9cessit\u00e9 de respecter la Constitution tunisienne et les lois internationales garantissant les droits fondamentaux des d\u00e9tenus. Le comit\u00e9 demande \u00e9galement que les responsables de ces violations soient tenus pour responsables et que des mesures soient prises pour pr\u00e9venir leur r\u00e9currence.<\/p>\n","protected":false},"excerpt":{"rendered":"<p>Le Comit\u00e9 pour la Justice (CFJ) a constat\u00e9 de graves violations contre l&rsquo;activiste politique tunisien Mosab Al-Gharbi, emprisonn\u00e9 depuis juillet 2024 pour des accusations d&rsquo;h\u00e9bergement d&rsquo;une personne recherch\u00e9e par les [&hellip;]<\/p>\n","protected":false},"author":967,"featured_media":47290,"comment_status":"closed","ping_status":"closed","sticky":false,"template":"","format":"standard","meta":{"_monsterinsights_skip_tracking":false,"_monsterinsights_sitenote_active":false,"_monsterinsights_sitenote_note":"","_monsterinsights_sitenote_category":0,"_price":"","_stock":"","_tribe_ticket_header":"","_tribe_default_ticket_provider":"","_tribe_ticket_capacity":"0","_ticket_start_date":"","_ticket_end_date":"","_tribe_ticket_show_description":"","_tribe_ticket_show_not_going":false,"_tribe_ticket_use_global_stock":"","_tribe_ticket_global_stock_level":"","_global_stock_mode":"","_global_stock_cap":"","_tribe_rsvp_for_event":"","_tribe_ticket_going_count":"","_tribe_ticket_not_going_count":"","_tribe_tickets_list":"[]","_tribe_ticket_has_attendee_info_fields":false,"footnotes":""},"categories":[816],"tags":[],"countries":[820],"cases":[],"writer":[],"coalitions":[],"class_list":["post-47294","post","type-post","status-publish","format-standard","has-post-thumbnail","hentry","category-non-classifiee","countries-la-tunisie","has-post-title","has-post-date","has-post-category","has-post-tag","has-post-comment","has-post-author",""],"yoast_head":"<!-- This site is optimized with the Yoast SEO plugin v27.4 - https:\/\/yoast.com\/product\/yoast-seo-wordpress\/ -->\n<title>Tunisie: Le CFJ signale des violations \u00abgraves\u00bb contre l&#039;activiste Mosab Al-Gharbi et appelle \u00e0 sa lib\u00e9ration\u00a0 - Committee for Justice<\/title>\n<meta name=\"description\" content=\"Tunisie: Le CFJ signale des violations \u00abgraves\u00bb contre l&#039;activiste Mosab Al-Gharbi et appelle \u00e0 sa lib\u00e9ration\u00a0 Tunisie: Le CFJ a signal\u00e9 de graves violations contre l&#039;activiste tunisien Mosab Al-Gharbi, d\u00e9tenu depuis juillet 2024. Il a subi des conditions de d\u00e9tention s\u00e9v\u00e8res, s&#039;est vu refuser les visites de son avocat et a entam\u00e9 une gr\u00e8ve de la faim. Le CFJ appelle \u00e0 sa lib\u00e9ration ou \u00e0 un proc\u00e8s \u00e9quitable et exige des conditions de d\u00e9tention humaines.\u00a0\" \/>\n<meta name=\"robots\" content=\"index, follow, max-snippet:-1, max-image-preview:large, max-video-preview:-1\" \/>\n<link rel=\"canonical\" href=\"https:\/\/www.cfjustice.org\/fr\/tunisie-le-cfj-signale-des-violations-graves-contre-lactiviste-mosab-al-gharbi-et-appelle-a-sa-liberation\/\" \/>\n<meta property=\"og:locale\" content=\"fr_FR\" \/>\n<meta property=\"og:type\" content=\"article\" \/>\n<meta property=\"og:title\" content=\"Tunisie: Le CFJ signale des violations \u00abgraves\u00bb contre l&#039;activiste Mosab Al-Gharbi et appelle \u00e0 sa lib\u00e9ration\u00a0 - Committee for Justice\" \/>\n<meta property=\"og:description\" content=\"Tunisie: Le CFJ signale des violations \u00abgraves\u00bb contre l&#039;activiste Mosab Al-Gharbi et appelle \u00e0 sa lib\u00e9ration\u00a0 Tunisie: Le CFJ a signal\u00e9 de graves violations contre l&#039;activiste tunisien Mosab Al-Gharbi, d\u00e9tenu depuis juillet 2024. Il a subi des conditions de d\u00e9tention s\u00e9v\u00e8res, s&#039;est vu refuser les visites de son avocat et a entam\u00e9 une gr\u00e8ve de la faim. Le CFJ appelle \u00e0 sa lib\u00e9ration ou \u00e0 un proc\u00e8s \u00e9quitable et exige des conditions de d\u00e9tention humaines.\u00a0\" \/>\n<meta property=\"og:url\" content=\"https:\/\/www.cfjustice.org\/fr\/tunisie-le-cfj-signale-des-violations-graves-contre-lactiviste-mosab-al-gharbi-et-appelle-a-sa-liberation\/\" \/>\n<meta property=\"og:site_name\" content=\"Committee for Justice\" \/>\n<meta property=\"article:publisher\" content=\"https:\/\/www.facebook.com\/cfjusticeorg\" \/>\n<meta property=\"article:published_time\" content=\"2025-03-14T15:12:38+00:00\" \/>\n<meta property=\"og:image\" content=\"https:\/\/www.cfjustice.org\/wp-content\/uploads\/2025\/03\/Untitled-1-2.jpg1_-2.webp\" \/>\n\t<meta property=\"og:image:width\" content=\"1600\" \/>\n\t<meta property=\"og:image:height\" content=\"800\" \/>\n\t<meta property=\"og:image:type\" content=\"image\/jpeg\" \/>\n<meta name=\"author\" content=\"aturan\" \/>\n<meta name=\"twitter:card\" content=\"summary_large_image\" \/>\n<meta name=\"twitter:creator\" content=\"@cfjusticeorg\" \/>\n<meta name=\"twitter:site\" content=\"@cfjusticeorg\" \/>\n<meta name=\"twitter:label1\" content=\"\u00c9crit par\" \/>\n\t<meta name=\"twitter:data1\" content=\"aturan\" \/>\n\t<meta name=\"twitter:label2\" content=\"Dur\u00e9e de lecture estim\u00e9e\" \/>\n\t<meta name=\"twitter:data2\" content=\"2 minutes\" \/>\n<script type=\"application\/ld+json\" class=\"yoast-schema-graph\">{\"@context\":\"https:\\\/\\\/schema.org\",\"@graph\":[{\"@type\":\"Article\",\"@id\":\"https:\\\/\\\/www.cfjustice.org\\\/fr\\\/tunisie-le-cfj-signale-des-violations-graves-contre-lactiviste-mosab-al-gharbi-et-appelle-a-sa-liberation\\\/#article\",\"isPartOf\":{\"@id\":\"https:\\\/\\\/www.cfjustice.org\\\/fr\\\/tunisie-le-cfj-signale-des-violations-graves-contre-lactiviste-mosab-al-gharbi-et-appelle-a-sa-liberation\\\/\"},\"author\":{\"name\":\"aturan\",\"@id\":\"https:\\\/\\\/www.cfjustice.org\\\/fr\\\/#\\\/schema\\\/person\\\/ea0f4b79a4e1ae43a10612a61fbc1d16\"},\"headline\":\"Tunisie: Le CFJ signale des violations \u00abgraves\u00bb contre l&rsquo;activiste Mosab Al-Gharbi et appelle \u00e0 sa lib\u00e9ration\u00a0\",\"datePublished\":\"2025-03-14T15:12:38+00:00\",\"mainEntityOfPage\":{\"@id\":\"https:\\\/\\\/www.cfjustice.org\\\/fr\\\/tunisie-le-cfj-signale-des-violations-graves-contre-lactiviste-mosab-al-gharbi-et-appelle-a-sa-liberation\\\/\"},\"wordCount\":369,\"publisher\":{\"@id\":\"https:\\\/\\\/www.cfjustice.org\\\/fr\\\/#organization\"},\"image\":{\"@id\":\"https:\\\/\\\/www.cfjustice.org\\\/fr\\\/tunisie-le-cfj-signale-des-violations-graves-contre-lactiviste-mosab-al-gharbi-et-appelle-a-sa-liberation\\\/#primaryimage\"},\"thumbnailUrl\":\"https:\\\/\\\/www.cfjustice.org\\\/wp-content\\\/uploads\\\/2025\\\/03\\\/Untitled-1-2.jpg1_-2.webp\",\"articleSection\":[\"Non classifi\u00e9(e)\"],\"inLanguage\":\"fr-FR\"},{\"@type\":\"WebPage\",\"@id\":\"https:\\\/\\\/www.cfjustice.org\\\/fr\\\/tunisie-le-cfj-signale-des-violations-graves-contre-lactiviste-mosab-al-gharbi-et-appelle-a-sa-liberation\\\/\",\"url\":\"https:\\\/\\\/www.cfjustice.org\\\/fr\\\/tunisie-le-cfj-signale-des-violations-graves-contre-lactiviste-mosab-al-gharbi-et-appelle-a-sa-liberation\\\/\",\"name\":\"Tunisie: Le CFJ signale des violations \u00abgraves\u00bb contre l'activiste Mosab Al-Gharbi et appelle \u00e0 sa lib\u00e9ration\u00a0 - Committee for Justice\",\"isPartOf\":{\"@id\":\"https:\\\/\\\/www.cfjustice.org\\\/fr\\\/#website\"},\"primaryImageOfPage\":{\"@id\":\"https:\\\/\\\/www.cfjustice.org\\\/fr\\\/tunisie-le-cfj-signale-des-violations-graves-contre-lactiviste-mosab-al-gharbi-et-appelle-a-sa-liberation\\\/#primaryimage\"},\"image\":{\"@id\":\"https:\\\/\\\/www.cfjustice.org\\\/fr\\\/tunisie-le-cfj-signale-des-violations-graves-contre-lactiviste-mosab-al-gharbi-et-appelle-a-sa-liberation\\\/#primaryimage\"},\"thumbnailUrl\":\"https:\\\/\\\/www.cfjustice.org\\\/wp-content\\\/uploads\\\/2025\\\/03\\\/Untitled-1-2.jpg1_-2.webp\",\"datePublished\":\"2025-03-14T15:12:38+00:00\",\"description\":\"Tunisie: Le CFJ signale des violations \u00abgraves\u00bb contre l'activiste Mosab Al-Gharbi et appelle \u00e0 sa lib\u00e9ration\u00a0 Tunisie: Le CFJ a signal\u00e9 de graves violations contre l'activiste tunisien Mosab Al-Gharbi, d\u00e9tenu depuis juillet 2024. Il a subi des conditions de d\u00e9tention s\u00e9v\u00e8res, s'est vu refuser les visites de son avocat et a entam\u00e9 une gr\u00e8ve de la faim. Le CFJ appelle \u00e0 sa lib\u00e9ration ou \u00e0 un proc\u00e8s \u00e9quitable et exige des conditions de d\u00e9tention humaines.\u00a0\",\"breadcrumb\":{\"@id\":\"https:\\\/\\\/www.cfjustice.org\\\/fr\\\/tunisie-le-cfj-signale-des-violations-graves-contre-lactiviste-mosab-al-gharbi-et-appelle-a-sa-liberation\\\/#breadcrumb\"},\"inLanguage\":\"fr-FR\",\"potentialAction\":[{\"@type\":\"ReadAction\",\"target\":[\"https:\\\/\\\/www.cfjustice.org\\\/fr\\\/tunisie-le-cfj-signale-des-violations-graves-contre-lactiviste-mosab-al-gharbi-et-appelle-a-sa-liberation\\\/\"]}]},{\"@type\":\"ImageObject\",\"inLanguage\":\"fr-FR\",\"@id\":\"https:\\\/\\\/www.cfjustice.org\\\/fr\\\/tunisie-le-cfj-signale-des-violations-graves-contre-lactiviste-mosab-al-gharbi-et-appelle-a-sa-liberation\\\/#primaryimage\",\"url\":\"https:\\\/\\\/www.cfjustice.org\\\/wp-content\\\/uploads\\\/2025\\\/03\\\/Untitled-1-2.jpg1_-2.webp\",\"contentUrl\":\"https:\\\/\\\/www.cfjustice.org\\\/wp-content\\\/uploads\\\/2025\\\/03\\\/Untitled-1-2.jpg1_-2.webp\",\"width\":1600,\"height\":800},{\"@type\":\"BreadcrumbList\",\"@id\":\"https:\\\/\\\/www.cfjustice.org\\\/fr\\\/tunisie-le-cfj-signale-des-violations-graves-contre-lactiviste-mosab-al-gharbi-et-appelle-a-sa-liberation\\\/#breadcrumb\",\"itemListElement\":[{\"@type\":\"ListItem\",\"position\":1,\"name\":\"Home\",\"item\":\"https:\\\/\\\/www.cfjustice.org\\\/fr\\\/\"},{\"@type\":\"ListItem\",\"position\":2,\"name\":\"Tunisie: Le CFJ signale des violations \u00abgraves\u00bb contre l&rsquo;activiste Mosab Al-Gharbi et appelle \u00e0 sa lib\u00e9ration\u00a0\"}]},{\"@type\":\"WebSite\",\"@id\":\"https:\\\/\\\/www.cfjustice.org\\\/fr\\\/#website\",\"url\":\"https:\\\/\\\/www.cfjustice.org\\\/fr\\\/\",\"name\":\"Committee for Justice\",\"description\":\"We are working to achieve justice\",\"publisher\":{\"@id\":\"https:\\\/\\\/www.cfjustice.org\\\/fr\\\/#organization\"},\"alternateName\":\"CFJ\",\"potentialAction\":[{\"@type\":\"SearchAction\",\"target\":{\"@type\":\"EntryPoint\",\"urlTemplate\":\"https:\\\/\\\/www.cfjustice.org\\\/fr\\\/?s={search_term_string}\"},\"query-input\":{\"@type\":\"PropertyValueSpecification\",\"valueRequired\":true,\"valueName\":\"search_term_string\"}}],\"inLanguage\":\"fr-FR\"},{\"@type\":\"Organization\",\"@id\":\"https:\\\/\\\/www.cfjustice.org\\\/fr\\\/#organization\",\"name\":\"Committee for Justice\",\"url\":\"https:\\\/\\\/www.cfjustice.org\\\/fr\\\/\",\"logo\":{\"@type\":\"ImageObject\",\"inLanguage\":\"fr-FR\",\"@id\":\"https:\\\/\\\/www.cfjustice.org\\\/fr\\\/#\\\/schema\\\/logo\\\/image\\\/\",\"url\":\"https:\\\/\\\/www.cfjustice.org\\\/wp-content\\\/uploads\\\/2023\\\/10\\\/logo-1.svg\",\"contentUrl\":\"https:\\\/\\\/www.cfjustice.org\\\/wp-content\\\/uploads\\\/2023\\\/10\\\/logo-1.svg\",\"width\":1,\"height\":1,\"caption\":\"Committee for Justice\"},\"image\":{\"@id\":\"https:\\\/\\\/www.cfjustice.org\\\/fr\\\/#\\\/schema\\\/logo\\\/image\\\/\"},\"sameAs\":[\"https:\\\/\\\/www.facebook.com\\\/cfjusticeorg\",\"https:\\\/\\\/x.com\\\/cfjusticeorg\",\"https:\\\/\\\/www.linkedin.com\\\/company\\\/cfjustice\\\/\",\"https:\\\/\\\/www.youtube.com\\\/channel\\\/UCQdBw5-F5Z80xtts8UqRRqQ\",\"https:\\\/\\\/www.instagram.com\\\/cfjusticeorg\"]},{\"@type\":\"Person\",\"@id\":\"https:\\\/\\\/www.cfjustice.org\\\/fr\\\/#\\\/schema\\\/person\\\/ea0f4b79a4e1ae43a10612a61fbc1d16\",\"name\":\"aturan\",\"image\":{\"@type\":\"ImageObject\",\"inLanguage\":\"fr-FR\",\"@id\":\"https:\\\/\\\/secure.gravatar.com\\\/avatar\\\/01a90824e35ac37e0638814cd919b87906467a82599625eceaf0f1c5b9e8343d?s=96&d=mm&r=g\",\"url\":\"https:\\\/\\\/secure.gravatar.com\\\/avatar\\\/01a90824e35ac37e0638814cd919b87906467a82599625eceaf0f1c5b9e8343d?s=96&d=mm&r=g\",\"contentUrl\":\"https:\\\/\\\/secure.gravatar.com\\\/avatar\\\/01a90824e35ac37e0638814cd919b87906467a82599625eceaf0f1c5b9e8343d?s=96&d=mm&r=g\",\"caption\":\"aturan\"},\"url\":\"https:\\\/\\\/www.cfjustice.org\\\/fr\\\/author\\\/aturan\\\/\"}]}<\/script>\n<!-- \/ Yoast SEO plugin. -->","yoast_head_json":{"title":"Tunisie: Le CFJ signale des violations \u00abgraves\u00bb contre l'activiste Mosab Al-Gharbi et appelle \u00e0 sa lib\u00e9ration\u00a0 - Committee for Justice","description":"Tunisie: Le CFJ signale des violations \u00abgraves\u00bb contre l'activiste Mosab Al-Gharbi et appelle \u00e0 sa lib\u00e9ration\u00a0 Tunisie: Le CFJ a signal\u00e9 de graves violations contre l'activiste tunisien Mosab Al-Gharbi, d\u00e9tenu depuis juillet 2024. Il a subi des conditions de d\u00e9tention s\u00e9v\u00e8res, s'est vu refuser les visites de son avocat et a entam\u00e9 une gr\u00e8ve de la faim. Le CFJ appelle \u00e0 sa lib\u00e9ration ou \u00e0 un proc\u00e8s \u00e9quitable et exige des conditions de d\u00e9tention humaines.\u00a0","robots":{"index":"index","follow":"follow","max-snippet":"max-snippet:-1","max-image-preview":"max-image-preview:large","max-video-preview":"max-video-preview:-1"},"canonical":"https:\/\/www.cfjustice.org\/fr\/tunisie-le-cfj-signale-des-violations-graves-contre-lactiviste-mosab-al-gharbi-et-appelle-a-sa-liberation\/","og_locale":"fr_FR","og_type":"article","og_title":"Tunisie: Le CFJ signale des violations \u00abgraves\u00bb contre l'activiste Mosab Al-Gharbi et appelle \u00e0 sa lib\u00e9ration\u00a0 - Committee for Justice","og_description":"Tunisie: Le CFJ signale des violations \u00abgraves\u00bb contre l'activiste Mosab Al-Gharbi et appelle \u00e0 sa lib\u00e9ration\u00a0 Tunisie: Le CFJ a signal\u00e9 de graves violations contre l'activiste tunisien Mosab Al-Gharbi, d\u00e9tenu depuis juillet 2024. Il a subi des conditions de d\u00e9tention s\u00e9v\u00e8res, s'est vu refuser les visites de son avocat et a entam\u00e9 une gr\u00e8ve de la faim. Le CFJ appelle \u00e0 sa lib\u00e9ration ou \u00e0 un proc\u00e8s \u00e9quitable et exige des conditions de d\u00e9tention humaines.\u00a0","og_url":"https:\/\/www.cfjustice.org\/fr\/tunisie-le-cfj-signale-des-violations-graves-contre-lactiviste-mosab-al-gharbi-et-appelle-a-sa-liberation\/","og_site_name":"Committee for Justice","article_publisher":"https:\/\/www.facebook.com\/cfjusticeorg","article_published_time":"2025-03-14T15:12:38+00:00","og_image":[{"width":1600,"height":800,"url":"https:\/\/www.cfjustice.org\/wp-content\/uploads\/2025\/03\/Untitled-1-2.jpg1_-2.webp","type":"image\/jpeg"}],"author":"aturan","twitter_card":"summary_large_image","twitter_creator":"@cfjusticeorg","twitter_site":"@cfjusticeorg","twitter_misc":{"\u00c9crit par":"aturan","Dur\u00e9e de lecture estim\u00e9e":"2 minutes"},"schema":{"@context":"https:\/\/schema.org","@graph":[{"@type":"Article","@id":"https:\/\/www.cfjustice.org\/fr\/tunisie-le-cfj-signale-des-violations-graves-contre-lactiviste-mosab-al-gharbi-et-appelle-a-sa-liberation\/#article","isPartOf":{"@id":"https:\/\/www.cfjustice.org\/fr\/tunisie-le-cfj-signale-des-violations-graves-contre-lactiviste-mosab-al-gharbi-et-appelle-a-sa-liberation\/"},"author":{"name":"aturan","@id":"https:\/\/www.cfjustice.org\/fr\/#\/schema\/person\/ea0f4b79a4e1ae43a10612a61fbc1d16"},"headline":"Tunisie: Le CFJ signale des violations \u00abgraves\u00bb contre l&rsquo;activiste Mosab Al-Gharbi et appelle \u00e0 sa lib\u00e9ration\u00a0","datePublished":"2025-03-14T15:12:38+00:00","mainEntityOfPage":{"@id":"https:\/\/www.cfjustice.org\/fr\/tunisie-le-cfj-signale-des-violations-graves-contre-lactiviste-mosab-al-gharbi-et-appelle-a-sa-liberation\/"},"wordCount":369,"publisher":{"@id":"https:\/\/www.cfjustice.org\/fr\/#organization"},"image":{"@id":"https:\/\/www.cfjustice.org\/fr\/tunisie-le-cfj-signale-des-violations-graves-contre-lactiviste-mosab-al-gharbi-et-appelle-a-sa-liberation\/#primaryimage"},"thumbnailUrl":"https:\/\/www.cfjustice.org\/wp-content\/uploads\/2025\/03\/Untitled-1-2.jpg1_-2.webp","articleSection":["Non classifi\u00e9(e)"],"inLanguage":"fr-FR"},{"@type":"WebPage","@id":"https:\/\/www.cfjustice.org\/fr\/tunisie-le-cfj-signale-des-violations-graves-contre-lactiviste-mosab-al-gharbi-et-appelle-a-sa-liberation\/","url":"https:\/\/www.cfjustice.org\/fr\/tunisie-le-cfj-signale-des-violations-graves-contre-lactiviste-mosab-al-gharbi-et-appelle-a-sa-liberation\/","name":"Tunisie: Le CFJ signale des violations \u00abgraves\u00bb contre l'activiste Mosab Al-Gharbi et appelle \u00e0 sa lib\u00e9ration\u00a0 - Committee for Justice","isPartOf":{"@id":"https:\/\/www.cfjustice.org\/fr\/#website"},"primaryImageOfPage":{"@id":"https:\/\/www.cfjustice.org\/fr\/tunisie-le-cfj-signale-des-violations-graves-contre-lactiviste-mosab-al-gharbi-et-appelle-a-sa-liberation\/#primaryimage"},"image":{"@id":"https:\/\/www.cfjustice.org\/fr\/tunisie-le-cfj-signale-des-violations-graves-contre-lactiviste-mosab-al-gharbi-et-appelle-a-sa-liberation\/#primaryimage"},"thumbnailUrl":"https:\/\/www.cfjustice.org\/wp-content\/uploads\/2025\/03\/Untitled-1-2.jpg1_-2.webp","datePublished":"2025-03-14T15:12:38+00:00","description":"Tunisie: Le CFJ signale des violations \u00abgraves\u00bb contre l'activiste Mosab Al-Gharbi et appelle \u00e0 sa lib\u00e9ration\u00a0 Tunisie: Le CFJ a signal\u00e9 de graves violations contre l'activiste tunisien Mosab Al-Gharbi, d\u00e9tenu depuis juillet 2024. Il a subi des conditions de d\u00e9tention s\u00e9v\u00e8res, s'est vu refuser les visites de son avocat et a entam\u00e9 une gr\u00e8ve de la faim. Le CFJ appelle \u00e0 sa lib\u00e9ration ou \u00e0 un proc\u00e8s \u00e9quitable et exige des conditions de d\u00e9tention humaines.\u00a0","breadcrumb":{"@id":"https:\/\/www.cfjustice.org\/fr\/tunisie-le-cfj-signale-des-violations-graves-contre-lactiviste-mosab-al-gharbi-et-appelle-a-sa-liberation\/#breadcrumb"},"inLanguage":"fr-FR","potentialAction":[{"@type":"ReadAction","target":["https:\/\/www.cfjustice.org\/fr\/tunisie-le-cfj-signale-des-violations-graves-contre-lactiviste-mosab-al-gharbi-et-appelle-a-sa-liberation\/"]}]},{"@type":"ImageObject","inLanguage":"fr-FR","@id":"https:\/\/www.cfjustice.org\/fr\/tunisie-le-cfj-signale-des-violations-graves-contre-lactiviste-mosab-al-gharbi-et-appelle-a-sa-liberation\/#primaryimage","url":"https:\/\/www.cfjustice.org\/wp-content\/uploads\/2025\/03\/Untitled-1-2.jpg1_-2.webp","contentUrl":"https:\/\/www.cfjustice.org\/wp-content\/uploads\/2025\/03\/Untitled-1-2.jpg1_-2.webp","width":1600,"height":800},{"@type":"BreadcrumbList","@id":"https:\/\/www.cfjustice.org\/fr\/tunisie-le-cfj-signale-des-violations-graves-contre-lactiviste-mosab-al-gharbi-et-appelle-a-sa-liberation\/#breadcrumb","itemListElement":[{"@type":"ListItem","position":1,"name":"Home","item":"https:\/\/www.cfjustice.org\/fr\/"},{"@type":"ListItem","position":2,"name":"Tunisie: Le CFJ signale des violations \u00abgraves\u00bb contre l&rsquo;activiste Mosab Al-Gharbi et appelle \u00e0 sa lib\u00e9ration\u00a0"}]},{"@type":"WebSite","@id":"https:\/\/www.cfjustice.org\/fr\/#website","url":"https:\/\/www.cfjustice.org\/fr\/","name":"Committee for Justice","description":"We are working to achieve justice","publisher":{"@id":"https:\/\/www.cfjustice.org\/fr\/#organization"},"alternateName":"CFJ","potentialAction":[{"@type":"SearchAction","target":{"@type":"EntryPoint","urlTemplate":"https:\/\/www.cfjustice.org\/fr\/?s={search_term_string}"},"query-input":{"@type":"PropertyValueSpecification","valueRequired":true,"valueName":"search_term_string"}}],"inLanguage":"fr-FR"},{"@type":"Organization","@id":"https:\/\/www.cfjustice.org\/fr\/#organization","name":"Committee for Justice","url":"https:\/\/www.cfjustice.org\/fr\/","logo":{"@type":"ImageObject","inLanguage":"fr-FR","@id":"https:\/\/www.cfjustice.org\/fr\/#\/schema\/logo\/image\/","url":"https:\/\/www.cfjustice.org\/wp-content\/uploads\/2023\/10\/logo-1.svg","contentUrl":"https:\/\/www.cfjustice.org\/wp-content\/uploads\/2023\/10\/logo-1.svg","width":1,"height":1,"caption":"Committee for Justice"},"image":{"@id":"https:\/\/www.cfjustice.org\/fr\/#\/schema\/logo\/image\/"},"sameAs":["https:\/\/www.facebook.com\/cfjusticeorg","https:\/\/x.com\/cfjusticeorg","https:\/\/www.linkedin.com\/company\/cfjustice\/","https:\/\/www.youtube.com\/channel\/UCQdBw5-F5Z80xtts8UqRRqQ","https:\/\/www.instagram.com\/cfjusticeorg"]},{"@type":"Person","@id":"https:\/\/www.cfjustice.org\/fr\/#\/schema\/person\/ea0f4b79a4e1ae43a10612a61fbc1d16","name":"aturan","image":{"@type":"ImageObject","inLanguage":"fr-FR","@id":"https:\/\/secure.gravatar.com\/avatar\/01a90824e35ac37e0638814cd919b87906467a82599625eceaf0f1c5b9e8343d?s=96&d=mm&r=g","url":"https:\/\/secure.gravatar.com\/avatar\/01a90824e35ac37e0638814cd919b87906467a82599625eceaf0f1c5b9e8343d?s=96&d=mm&r=g","contentUrl":"https:\/\/secure.gravatar.com\/avatar\/01a90824e35ac37e0638814cd919b87906467a82599625eceaf0f1c5b9e8343d?s=96&d=mm&r=g","caption":"aturan"},"url":"https:\/\/www.cfjustice.org\/fr\/author\/aturan\/"}]}},"_links":{"self":[{"href":"https:\/\/www.cfjustice.org\/fr\/wp-json\/wp\/v2\/posts\/47294","targetHints":{"allow":["GET"]}}],"collection":[{"href":"https:\/\/www.cfjustice.org\/fr\/wp-json\/wp\/v2\/posts"}],"about":[{"href":"https:\/\/www.cfjustice.org\/fr\/wp-json\/wp\/v2\/types\/post"}],"author":[{"embeddable":true,"href":"https:\/\/www.cfjustice.org\/fr\/wp-json\/wp\/v2\/users\/967"}],"replies":[{"embeddable":true,"href":"https:\/\/www.cfjustice.org\/fr\/wp-json\/wp\/v2\/comments?post=47294"}],"version-history":[{"count":2,"href":"https:\/\/www.cfjustice.org\/fr\/wp-json\/wp\/v2\/posts\/47294\/revisions"}],"predecessor-version":[{"id":47296,"href":"https:\/\/www.cfjustice.org\/fr\/wp-json\/wp\/v2\/posts\/47294\/revisions\/47296"}],"wp:featuredmedia":[{"embeddable":true,"href":"https:\/\/www.cfjustice.org\/fr\/wp-json\/wp\/v2\/media\/47290"}],"wp:attachment":[{"href":"https:\/\/www.cfjustice.org\/fr\/wp-json\/wp\/v2\/media?parent=47294"}],"wp:term":[{"taxonomy":"category","embeddable":true,"href":"https:\/\/www.cfjustice.org\/fr\/wp-json\/wp\/v2\/categories?post=47294"},{"taxonomy":"post_tag","embeddable":true,"href":"https:\/\/www.cfjustice.org\/fr\/wp-json\/wp\/v2\/tags?post=47294"},{"taxonomy":"countries","embeddable":true,"href":"https:\/\/www.cfjustice.org\/fr\/wp-json\/wp\/v2\/countries?post=47294"},{"taxonomy":"cases","embeddable":true,"href":"https:\/\/www.cfjustice.org\/fr\/wp-json\/wp\/v2\/cases?post=47294"},{"taxonomy":"writer","embeddable":true,"href":"https:\/\/www.cfjustice.org\/fr\/wp-json\/wp\/v2\/writer?post=47294"},{"taxonomy":"coalitions","embeddable":true,"href":"https:\/\/www.cfjustice.org\/fr\/wp-json\/wp\/v2\/coalitions?post=47294"}],"curies":[{"name":"wp","href":"https:\/\/api.w.org\/{rel}","templated":true}]}}