{"id":46799,"date":"2025-02-20T14:47:27","date_gmt":"2025-02-20T13:47:27","guid":{"rendered":"https:\/\/www.cfjustice.org\/?p=46799"},"modified":"2025-02-20T14:47:27","modified_gmt":"2025-02-20T13:47:27","slug":"tunisie-cfj-refuse-la-prolongation-de-letat-durgence-et-appelle-a-une-revision-des-legislations-dexception-accordant-de-larges-pouvoirs-a-lexecutif-sans-controle-j","status":"publish","type":"post","link":"https:\/\/www.cfjustice.org\/fr\/tunisie-cfj-refuse-la-prolongation-de-letat-durgence-et-appelle-a-une-revision-des-legislations-dexception-accordant-de-larges-pouvoirs-a-lexecutif-sans-controle-j\/","title":{"rendered":"Tunisie: CFJ refuse la prolongation de l\u2019\u00e9tat d\u2019urgence et appelle \u00e0 une r\u00e9vision des l\u00e9gislations d\u2019exception accordant de larges pouvoirs \u00e0 l\u2019ex\u00e9cutif sans contr\u00f4le judiciaire"},"content":{"rendered":"<p>Le \u00ab\u00a0Comit\u00e9 pour la Justice\u00a0\u00bb (CFJ) a d\u00e9clar\u00e9 que l&rsquo;un des moyens les plus faciles utilis\u00e9s par les r\u00e9gimes r\u00e9pressifs pour \u00e9touffer les libert\u00e9s sous pr\u00e9texte d\u2019assurer la s\u00e9curit\u00e9 et la stabilit\u00e9 est l&rsquo;application des lois d\u2019urgence. Ces r\u00e9gimes exploitent ces lois pour prolonger leurs pouvoirs exceptionnels, ce qui leur permet de restreindre la libert\u00e9 d&rsquo;expression, de museler les voix dissidentes et de poursuivre les militants sans respecter les garanties l\u00e9gales, entra\u00eenant ainsi de graves violations des droits individuels, y compris des arrestations arbitraires et des proc\u00e8s in\u00e9quitables, ce qui approfondit le climat de peur et de r\u00e9pression menant \u00e0 une instabilit\u00e9 g\u00e9n\u00e9ralis\u00e9e.<\/p>\n<p>Dans le m\u00eame temps, le pr\u00e9sident tunisien Ka\u00efs Sa\u00efed a publi\u00e9 l\u2019ordonnance n\u00b0 74 de l\u2019ann\u00e9e 2025, dat\u00e9e du 29 janvier 2025, prolongeant l\u2019\u00e9tat d\u2019urgence pour une nouvelle ann\u00e9e, jusqu\u2019\u00e0 la fin de 2025, dans le Journal Officiel de la R\u00e9publique Tunisienne. Il y est stipul\u00e9 : \u00ab L\u2019\u00e9tat d\u2019urgence est prolong\u00e9 sur l\u2019ensemble du territoire de la R\u00e9publique tunisienne \u00e0 partir du 31 janvier 2025 jusqu\u2019au 31 d\u00e9cembre 2025. \u00bb Cette prolongation intervient apr\u00e8s que le pr\u00e9sident Ka\u00efs Sa\u00efed ait pris connaissance de la Constitution, de l\u2019ordonnance n\u00b0 50 de 1978 dat\u00e9e du 26 janvier 1978 relative \u00e0 l\u2019organisation de l\u2019\u00e9tat d\u2019urgence, ainsi que de l\u2019ordonnance n\u00b0 713 de 2024 du 30 d\u00e9cembre 2024 relative \u00e0 la d\u00e9claration de l\u2019\u00e9tat d\u2019urgence.<\/p>\n<p>CFJ souligne que la loi sur l\u2019\u00e9tat d\u2019urgence en Tunisie est l&rsquo;un des outils juridiques utilis\u00e9s par les autorit\u00e9s pour imposer des restrictions exceptionnelles aux droits et libert\u00e9s, notamment en p\u00e9riode de troubles politiques ou s\u00e9curitaires. Bien que cette loi ait \u00e9t\u00e9 adopt\u00e9e pour la premi\u00e8re fois en 1978 dans un contexte exceptionnel pour permettre aux autorit\u00e9s de faire face aux \u00e9v\u00e9nements du Jeudi noir, un moment cl\u00e9 de la lutte politique et sociale apr\u00e8s l\u2019ind\u00e9pendance, elle a \u00e9t\u00e9 ensuite r\u00e9guli\u00e8rement utilis\u00e9e pour justifier des mesures r\u00e9pressives ciblant la libert\u00e9 d&rsquo;expression et de r\u00e9union pacifique, ainsi que pour restreindre les opposants politiques et les militants des droits humains.<\/p>\n<p>Cette loi accorde au pr\u00e9sident des pouvoirs exceptionnels \u00e9tendus, notamment la possibilit\u00e9 d\u2019imposer un couvre-feu, de restreindre la libert\u00e9 de r\u00e9union et de manifestation, de fermer des associations et organisations, de surveiller les m\u00e9dias, et de placer des individus en r\u00e9sidence surveill\u00e9e sans autorisation judiciaire. Elle permet \u00e9galement aux autorit\u00e9s de mener des perquisitions et des arrestations sans contr\u00f4le judiciaire strict, ouvrant ainsi la porte \u00e0 de graves violations des droits humains.<\/p>\n<p>C\u2019est pr\u00e9cis\u00e9ment ce qu\u2019a fait le pr\u00e9sident actuel, Ka\u00efs Sa\u00efed, apr\u00e8s les \u00e9v\u00e9nements du 25 juillet 2021, en utilisant syst\u00e9matiquement l\u2019\u00e9tat d\u2019urgence contre des figures publiques influentes issues de divers domaines, comme le b\u00e2tonnier Chawki Tabib, ancien pr\u00e9sident de l&rsquo;Instance nationale de lutte contre la corruption, Noureddine Bhiri, vice-pr\u00e9sident du mouvement Ennahdha, et B\u00e9chir Akremi, ancien procureur de la R\u00e9publique aupr\u00e8s du Tribunal de premi\u00e8re instance de Tunis, ainsi que d&rsquo;autres personnalit\u00e9s politiques et judiciaires. L\u2019ordonnance de 1978 a \u00e9galement \u00e9t\u00e9 utilis\u00e9e pour interdire les r\u00e9unions dans les locaux du mouvement Ennahdha et du Front du Salut en avril 2023, \u00e0 la suite de l\u2019arrestation du chef du mouvement, Rached Ghannouchi.<\/p>\n<p>Il \u00e9tait attendu que le pr\u00e9sident de la R\u00e9publique propose un projet de loi organisant l\u2019\u00e9tat d\u2019urgence afin qu\u2019il soit conforme, au moins en th\u00e9orie, au cadre constitutionnel r\u00e9gissant la restriction des libert\u00e9s, d\u2019autant plus qu\u2019il avait lui-m\u00eame reconnu l\u2019inconstitutionnalit\u00e9 de l\u2019ordonnance de 1978. Cependant, ce dossier ne semble pas avoir \u00e9t\u00e9 une priorit\u00e9 pour lui, puisqu&rsquo;aucun projet de loi en ce sens n\u2019a \u00e9t\u00e9 pr\u00e9sent\u00e9 ni avant ni apr\u00e8s le 25 juillet, malgr\u00e9 son pouvoir d\u2019initiative l\u00e9gislative. Il n\u2019a pas non plus cherch\u00e9 \u00e0 r\u00e9glementer l\u2019\u00e9tat d\u2019urgence par le biais de d\u00e9crets l\u00e9gislatifs. De son c\u00f4t\u00e9, l\u2019actuel Parlement ne semble pas consid\u00e9rer la promulgation d\u2019une nouvelle loi sur l\u2019\u00e9tat d\u2019urgence comme une priorit\u00e9, sachant que l\u2019ancienne chambre l\u00e9gislative avait \u00e9galement tard\u00e9 \u00e0 adopter une loi \u00e0 ce sujet avant le 25 juillet.<\/p>\n<p>Pour toutes ces raisons, CFJ estime que le maintien de l\u2019\u00e9tat d\u2019urgence en Tunisie repr\u00e9sente un r\u00e9el danger pour les droits et libert\u00e9s publics, exposant le pays \u00e0 des d\u00e9rives autoritaires mena\u00e7ant les acquis de la r\u00e9volution. Afin de b\u00e2tir une v\u00e9ritable d\u00e9mocratie, il est n\u00e9cessaire de r\u00e9former cette loi en limitant strictement son utilisation et en emp\u00eachant qu\u2019elle soit exploit\u00e9e pour restreindre les libert\u00e9s fondamentales. La justice et la stabilit\u00e9 dans une soci\u00e9t\u00e9 ne peuvent \u00eatre garanties que par le respect de l&rsquo;\u00c9tat de droit et la protection des droits des individus sans discrimination ni exception.<\/p>\n<p>Par cons\u00e9quent, CFJ appelle les autorit\u00e9s tunisiennes \u00e0 suspendre l\u2019application de l\u2019\u00e9tat d\u2019urgence, sauf en cas de n\u00e9cessit\u00e9 absolue et sous un contr\u00f4le judiciaire strict. Il exhorte \u00e9galement \u00e0 une r\u00e9vision des l\u00e9gislations d\u2019exception qui conf\u00e8rent \u00e0 l\u2019ex\u00e9cutif des pouvoirs \u00e9tendus sans surveillance judiciaire.<\/p>\n<p>Enfin, le Comit\u00e9 appelle les autorit\u00e9s tunisiennes \u00e0 garantir le respect des droits humains, m\u00eame en p\u00e9riode d\u2019urgence, afin que ces mesures ne soient pas utilis\u00e9es comme pr\u00e9texte \u00e0 la r\u00e9pression politique. Il invite \u00e9galement la communaut\u00e9 internationale et les m\u00e9canismes onusiens \u00e0 faire pression sur la Tunisie pour qu\u2019elle mette fin \u00e0 l\u2019application de la loi sur l\u2019\u00e9tat d\u2019urgence, en raison de son incompatibilit\u00e9 avec la Constitution tunisienne et les trait\u00e9s internationaux et conventions onusiennes sign\u00e9s par la Tunisie et juridiquement contraignants pour elle.<\/p>\n","protected":false},"excerpt":{"rendered":"<p>Le \u00ab\u00a0Comit\u00e9 pour la Justice\u00a0\u00bb (CFJ) a d\u00e9clar\u00e9 que l&rsquo;un des moyens les plus faciles utilis\u00e9s par les r\u00e9gimes r\u00e9pressifs pour \u00e9touffer les libert\u00e9s sous pr\u00e9texte d\u2019assurer la s\u00e9curit\u00e9 et [&hellip;]<\/p>\n","protected":false},"author":967,"featured_media":46796,"comment_status":"closed","ping_status":"closed","sticky":false,"template":"","format":"standard","meta":{"_monsterinsights_skip_tracking":false,"_monsterinsights_sitenote_active":false,"_monsterinsights_sitenote_note":"","_monsterinsights_sitenote_category":0,"_price":"","_stock":"","_tribe_ticket_header":"","_tribe_default_ticket_provider":"","_tribe_ticket_capacity":"0","_ticket_start_date":"","_ticket_end_date":"","_tribe_ticket_show_description":"","_tribe_ticket_show_not_going":false,"_tribe_ticket_use_global_stock":"","_tribe_ticket_global_stock_level":"","_global_stock_mode":"","_global_stock_cap":"","_tribe_rsvp_for_event":"","_tribe_ticket_going_count":"","_tribe_ticket_not_going_count":"","_tribe_tickets_list":"[]","_tribe_ticket_has_attendee_info_fields":false,"footnotes":""},"categories":[816],"tags":[],"countries":[820],"cases":[],"writer":[],"coalitions":[],"class_list":["post-46799","post","type-post","status-publish","format-standard","has-post-thumbnail","hentry","category-non-classifiee","countries-la-tunisie","has-post-title","has-post-date","has-post-category","has-post-tag","has-post-comment","has-post-author",""],"yoast_head":"<!-- This site is optimized with the Yoast SEO plugin v27.4 - https:\/\/yoast.com\/product\/yoast-seo-wordpress\/ -->\n<title>Tunisie: CFJ refuse la prolongation de l\u2019\u00e9tat d\u2019urgence et appelle \u00e0 une r\u00e9vision des l\u00e9gislations d\u2019exception accordant de larges pouvoirs \u00e0 l\u2019ex\u00e9cutif sans contr\u00f4le judiciaire - Committee for Justice<\/title>\n<meta name=\"description\" content=\"Tunisie: CFJ refuse la prolongation de l\u2019\u00e9tat d\u2019urgence et appelle \u00e0 une r\u00e9vision des l\u00e9gislations d\u2019exception accordant de larges pouvoirs \u00e0 l\u2019ex\u00e9cutif sans contr\u00f4le judiciaire Le &quot;Comit\u00e9 pour la Justice&quot; (CFJ) a d\u00e9clar\u00e9 que l&#039;un des moyens les plus faciles utilis\u00e9s par les r\u00e9gimes r\u00e9pressifs pour \u00e9touffer les libert\u00e9s sous pr\u00e9texte d\u2019assurer la s\u00e9curit\u00e9 et la stabilit\u00e9 est l&#039;application des lois d\u2019urgence. Ces r\u00e9gimes exploitent ces lois pour prolonger leurs pouvoirs exceptionnels, ce qui leur permet de restreindre la libert\u00e9 d&#039;expression, de museler les voix dissidentes et de poursuivre les militants sans respecter les garanties l\u00e9gales, entra\u00eenant ainsi de graves violations des droits individuels, y compris des arrestations arbitraires et des proc\u00e8s in\u00e9quitables, ce qui approfondit le climat de peur et de r\u00e9pression menant \u00e0 une instabilit\u00e9 g\u00e9n\u00e9ralis\u00e9e.\" \/>\n<meta name=\"robots\" content=\"index, follow, max-snippet:-1, max-image-preview:large, max-video-preview:-1\" \/>\n<link rel=\"canonical\" href=\"https:\/\/www.cfjustice.org\/fr\/tunisie-cfj-refuse-la-prolongation-de-letat-durgence-et-appelle-a-une-revision-des-legislations-dexception-accordant-de-larges-pouvoirs-a-lexecutif-sans-controle-j\/\" \/>\n<meta property=\"og:locale\" content=\"fr_FR\" \/>\n<meta property=\"og:type\" content=\"article\" \/>\n<meta property=\"og:title\" content=\"Tunisie: CFJ refuse la prolongation de l\u2019\u00e9tat d\u2019urgence et appelle \u00e0 une r\u00e9vision des l\u00e9gislations d\u2019exception accordant de larges pouvoirs \u00e0 l\u2019ex\u00e9cutif sans contr\u00f4le judiciaire - Committee for Justice\" \/>\n<meta property=\"og:description\" content=\"Tunisie: CFJ refuse la prolongation de l\u2019\u00e9tat d\u2019urgence et appelle \u00e0 une r\u00e9vision des l\u00e9gislations d\u2019exception accordant de larges pouvoirs \u00e0 l\u2019ex\u00e9cutif sans contr\u00f4le judiciaire Le &quot;Comit\u00e9 pour la Justice&quot; (CFJ) a d\u00e9clar\u00e9 que l&#039;un des moyens les plus faciles utilis\u00e9s par les r\u00e9gimes r\u00e9pressifs pour \u00e9touffer les libert\u00e9s sous pr\u00e9texte d\u2019assurer la s\u00e9curit\u00e9 et la stabilit\u00e9 est l&#039;application des lois d\u2019urgence. Ces r\u00e9gimes exploitent ces lois pour prolonger leurs pouvoirs exceptionnels, ce qui leur permet de restreindre la libert\u00e9 d&#039;expression, de museler les voix dissidentes et de poursuivre les militants sans respecter les garanties l\u00e9gales, entra\u00eenant ainsi de graves violations des droits individuels, y compris des arrestations arbitraires et des proc\u00e8s in\u00e9quitables, ce qui approfondit le climat de peur et de r\u00e9pression menant \u00e0 une instabilit\u00e9 g\u00e9n\u00e9ralis\u00e9e.\" \/>\n<meta property=\"og:url\" content=\"https:\/\/www.cfjustice.org\/fr\/tunisie-cfj-refuse-la-prolongation-de-letat-durgence-et-appelle-a-une-revision-des-legislations-dexception-accordant-de-larges-pouvoirs-a-lexecutif-sans-controle-j\/\" \/>\n<meta property=\"og:site_name\" content=\"Committee for Justice\" \/>\n<meta property=\"article:publisher\" content=\"https:\/\/www.facebook.com\/cfjusticeorg\" \/>\n<meta property=\"article:published_time\" content=\"2025-02-20T13:47:27+00:00\" \/>\n<meta property=\"og:image\" content=\"https:\/\/www.cfjustice.org\/wp-content\/uploads\/2025\/02\/Untitled-1-3.jpg3_-3.webp\" \/>\n\t<meta property=\"og:image:width\" content=\"1600\" \/>\n\t<meta property=\"og:image:height\" content=\"800\" \/>\n\t<meta property=\"og:image:type\" content=\"image\/jpeg\" \/>\n<meta name=\"author\" content=\"aturan\" \/>\n<meta name=\"twitter:card\" content=\"summary_large_image\" \/>\n<meta name=\"twitter:creator\" content=\"@cfjusticeorg\" \/>\n<meta name=\"twitter:site\" content=\"@cfjusticeorg\" \/>\n<meta name=\"twitter:label1\" content=\"\u00c9crit par\" \/>\n\t<meta name=\"twitter:data1\" content=\"aturan\" \/>\n\t<meta name=\"twitter:label2\" content=\"Dur\u00e9e de lecture estim\u00e9e\" \/>\n\t<meta name=\"twitter:data2\" content=\"5 minutes\" \/>\n<script type=\"application\/ld+json\" class=\"yoast-schema-graph\">{\"@context\":\"https:\\\/\\\/schema.org\",\"@graph\":[{\"@type\":\"Article\",\"@id\":\"https:\\\/\\\/www.cfjustice.org\\\/fr\\\/tunisie-cfj-refuse-la-prolongation-de-letat-durgence-et-appelle-a-une-revision-des-legislations-dexception-accordant-de-larges-pouvoirs-a-lexecutif-sans-controle-j\\\/#article\",\"isPartOf\":{\"@id\":\"https:\\\/\\\/www.cfjustice.org\\\/fr\\\/tunisie-cfj-refuse-la-prolongation-de-letat-durgence-et-appelle-a-une-revision-des-legislations-dexception-accordant-de-larges-pouvoirs-a-lexecutif-sans-controle-j\\\/\"},\"author\":{\"name\":\"aturan\",\"@id\":\"https:\\\/\\\/www.cfjustice.org\\\/fr\\\/#\\\/schema\\\/person\\\/ea0f4b79a4e1ae43a10612a61fbc1d16\"},\"headline\":\"Tunisie: CFJ refuse la prolongation de l\u2019\u00e9tat d\u2019urgence et appelle \u00e0 une r\u00e9vision des l\u00e9gislations d\u2019exception accordant de larges pouvoirs \u00e0 l\u2019ex\u00e9cutif sans contr\u00f4le judiciaire\",\"datePublished\":\"2025-02-20T13:47:27+00:00\",\"mainEntityOfPage\":{\"@id\":\"https:\\\/\\\/www.cfjustice.org\\\/fr\\\/tunisie-cfj-refuse-la-prolongation-de-letat-durgence-et-appelle-a-une-revision-des-legislations-dexception-accordant-de-larges-pouvoirs-a-lexecutif-sans-controle-j\\\/\"},\"wordCount\":1048,\"publisher\":{\"@id\":\"https:\\\/\\\/www.cfjustice.org\\\/fr\\\/#organization\"},\"image\":{\"@id\":\"https:\\\/\\\/www.cfjustice.org\\\/fr\\\/tunisie-cfj-refuse-la-prolongation-de-letat-durgence-et-appelle-a-une-revision-des-legislations-dexception-accordant-de-larges-pouvoirs-a-lexecutif-sans-controle-j\\\/#primaryimage\"},\"thumbnailUrl\":\"https:\\\/\\\/www.cfjustice.org\\\/wp-content\\\/uploads\\\/2025\\\/02\\\/Untitled-1-3.jpg3_-3.webp\",\"articleSection\":[\"Non classifi\u00e9(e)\"],\"inLanguage\":\"fr-FR\"},{\"@type\":\"WebPage\",\"@id\":\"https:\\\/\\\/www.cfjustice.org\\\/fr\\\/tunisie-cfj-refuse-la-prolongation-de-letat-durgence-et-appelle-a-une-revision-des-legislations-dexception-accordant-de-larges-pouvoirs-a-lexecutif-sans-controle-j\\\/\",\"url\":\"https:\\\/\\\/www.cfjustice.org\\\/fr\\\/tunisie-cfj-refuse-la-prolongation-de-letat-durgence-et-appelle-a-une-revision-des-legislations-dexception-accordant-de-larges-pouvoirs-a-lexecutif-sans-controle-j\\\/\",\"name\":\"Tunisie: CFJ refuse la prolongation de l\u2019\u00e9tat d\u2019urgence et appelle \u00e0 une r\u00e9vision des l\u00e9gislations d\u2019exception accordant de larges pouvoirs \u00e0 l\u2019ex\u00e9cutif sans contr\u00f4le judiciaire - Committee for Justice\",\"isPartOf\":{\"@id\":\"https:\\\/\\\/www.cfjustice.org\\\/fr\\\/#website\"},\"primaryImageOfPage\":{\"@id\":\"https:\\\/\\\/www.cfjustice.org\\\/fr\\\/tunisie-cfj-refuse-la-prolongation-de-letat-durgence-et-appelle-a-une-revision-des-legislations-dexception-accordant-de-larges-pouvoirs-a-lexecutif-sans-controle-j\\\/#primaryimage\"},\"image\":{\"@id\":\"https:\\\/\\\/www.cfjustice.org\\\/fr\\\/tunisie-cfj-refuse-la-prolongation-de-letat-durgence-et-appelle-a-une-revision-des-legislations-dexception-accordant-de-larges-pouvoirs-a-lexecutif-sans-controle-j\\\/#primaryimage\"},\"thumbnailUrl\":\"https:\\\/\\\/www.cfjustice.org\\\/wp-content\\\/uploads\\\/2025\\\/02\\\/Untitled-1-3.jpg3_-3.webp\",\"datePublished\":\"2025-02-20T13:47:27+00:00\",\"description\":\"Tunisie: CFJ refuse la prolongation de l\u2019\u00e9tat d\u2019urgence et appelle \u00e0 une r\u00e9vision des l\u00e9gislations d\u2019exception accordant de larges pouvoirs \u00e0 l\u2019ex\u00e9cutif sans contr\u00f4le judiciaire Le \\\"Comit\u00e9 pour la Justice\\\" (CFJ) a d\u00e9clar\u00e9 que l'un des moyens les plus faciles utilis\u00e9s par les r\u00e9gimes r\u00e9pressifs pour \u00e9touffer les libert\u00e9s sous pr\u00e9texte d\u2019assurer la s\u00e9curit\u00e9 et la stabilit\u00e9 est l'application des lois d\u2019urgence. Ces r\u00e9gimes exploitent ces lois pour prolonger leurs pouvoirs exceptionnels, ce qui leur permet de restreindre la libert\u00e9 d'expression, de museler les voix dissidentes et de poursuivre les militants sans respecter les garanties l\u00e9gales, entra\u00eenant ainsi de graves violations des droits individuels, y compris des arrestations arbitraires et des proc\u00e8s in\u00e9quitables, ce qui approfondit le climat de peur et de r\u00e9pression menant \u00e0 une instabilit\u00e9 g\u00e9n\u00e9ralis\u00e9e.\",\"breadcrumb\":{\"@id\":\"https:\\\/\\\/www.cfjustice.org\\\/fr\\\/tunisie-cfj-refuse-la-prolongation-de-letat-durgence-et-appelle-a-une-revision-des-legislations-dexception-accordant-de-larges-pouvoirs-a-lexecutif-sans-controle-j\\\/#breadcrumb\"},\"inLanguage\":\"fr-FR\",\"potentialAction\":[{\"@type\":\"ReadAction\",\"target\":[\"https:\\\/\\\/www.cfjustice.org\\\/fr\\\/tunisie-cfj-refuse-la-prolongation-de-letat-durgence-et-appelle-a-une-revision-des-legislations-dexception-accordant-de-larges-pouvoirs-a-lexecutif-sans-controle-j\\\/\"]}]},{\"@type\":\"ImageObject\",\"inLanguage\":\"fr-FR\",\"@id\":\"https:\\\/\\\/www.cfjustice.org\\\/fr\\\/tunisie-cfj-refuse-la-prolongation-de-letat-durgence-et-appelle-a-une-revision-des-legislations-dexception-accordant-de-larges-pouvoirs-a-lexecutif-sans-controle-j\\\/#primaryimage\",\"url\":\"https:\\\/\\\/www.cfjustice.org\\\/wp-content\\\/uploads\\\/2025\\\/02\\\/Untitled-1-3.jpg3_-3.webp\",\"contentUrl\":\"https:\\\/\\\/www.cfjustice.org\\\/wp-content\\\/uploads\\\/2025\\\/02\\\/Untitled-1-3.jpg3_-3.webp\",\"width\":1600,\"height\":800},{\"@type\":\"BreadcrumbList\",\"@id\":\"https:\\\/\\\/www.cfjustice.org\\\/fr\\\/tunisie-cfj-refuse-la-prolongation-de-letat-durgence-et-appelle-a-une-revision-des-legislations-dexception-accordant-de-larges-pouvoirs-a-lexecutif-sans-controle-j\\\/#breadcrumb\",\"itemListElement\":[{\"@type\":\"ListItem\",\"position\":1,\"name\":\"Home\",\"item\":\"https:\\\/\\\/www.cfjustice.org\\\/fr\\\/\"},{\"@type\":\"ListItem\",\"position\":2,\"name\":\"Tunisie: CFJ refuse la prolongation de l\u2019\u00e9tat d\u2019urgence et appelle \u00e0 une r\u00e9vision des l\u00e9gislations d\u2019exception accordant de larges pouvoirs \u00e0 l\u2019ex\u00e9cutif sans contr\u00f4le judiciaire\"}]},{\"@type\":\"WebSite\",\"@id\":\"https:\\\/\\\/www.cfjustice.org\\\/fr\\\/#website\",\"url\":\"https:\\\/\\\/www.cfjustice.org\\\/fr\\\/\",\"name\":\"Committee for Justice\",\"description\":\"We are working to achieve justice\",\"publisher\":{\"@id\":\"https:\\\/\\\/www.cfjustice.org\\\/fr\\\/#organization\"},\"alternateName\":\"CFJ\",\"potentialAction\":[{\"@type\":\"SearchAction\",\"target\":{\"@type\":\"EntryPoint\",\"urlTemplate\":\"https:\\\/\\\/www.cfjustice.org\\\/fr\\\/?s={search_term_string}\"},\"query-input\":{\"@type\":\"PropertyValueSpecification\",\"valueRequired\":true,\"valueName\":\"search_term_string\"}}],\"inLanguage\":\"fr-FR\"},{\"@type\":\"Organization\",\"@id\":\"https:\\\/\\\/www.cfjustice.org\\\/fr\\\/#organization\",\"name\":\"Committee for Justice\",\"url\":\"https:\\\/\\\/www.cfjustice.org\\\/fr\\\/\",\"logo\":{\"@type\":\"ImageObject\",\"inLanguage\":\"fr-FR\",\"@id\":\"https:\\\/\\\/www.cfjustice.org\\\/fr\\\/#\\\/schema\\\/logo\\\/image\\\/\",\"url\":\"https:\\\/\\\/www.cfjustice.org\\\/wp-content\\\/uploads\\\/2023\\\/10\\\/logo-1.svg\",\"contentUrl\":\"https:\\\/\\\/www.cfjustice.org\\\/wp-content\\\/uploads\\\/2023\\\/10\\\/logo-1.svg\",\"width\":1,\"height\":1,\"caption\":\"Committee for Justice\"},\"image\":{\"@id\":\"https:\\\/\\\/www.cfjustice.org\\\/fr\\\/#\\\/schema\\\/logo\\\/image\\\/\"},\"sameAs\":[\"https:\\\/\\\/www.facebook.com\\\/cfjusticeorg\",\"https:\\\/\\\/x.com\\\/cfjusticeorg\",\"https:\\\/\\\/www.linkedin.com\\\/company\\\/cfjustice\\\/\",\"https:\\\/\\\/www.youtube.com\\\/channel\\\/UCQdBw5-F5Z80xtts8UqRRqQ\",\"https:\\\/\\\/www.instagram.com\\\/cfjusticeorg\"]},{\"@type\":\"Person\",\"@id\":\"https:\\\/\\\/www.cfjustice.org\\\/fr\\\/#\\\/schema\\\/person\\\/ea0f4b79a4e1ae43a10612a61fbc1d16\",\"name\":\"aturan\",\"image\":{\"@type\":\"ImageObject\",\"inLanguage\":\"fr-FR\",\"@id\":\"https:\\\/\\\/secure.gravatar.com\\\/avatar\\\/01a90824e35ac37e0638814cd919b87906467a82599625eceaf0f1c5b9e8343d?s=96&d=mm&r=g\",\"url\":\"https:\\\/\\\/secure.gravatar.com\\\/avatar\\\/01a90824e35ac37e0638814cd919b87906467a82599625eceaf0f1c5b9e8343d?s=96&d=mm&r=g\",\"contentUrl\":\"https:\\\/\\\/secure.gravatar.com\\\/avatar\\\/01a90824e35ac37e0638814cd919b87906467a82599625eceaf0f1c5b9e8343d?s=96&d=mm&r=g\",\"caption\":\"aturan\"},\"url\":\"https:\\\/\\\/www.cfjustice.org\\\/fr\\\/author\\\/aturan\\\/\"}]}<\/script>\n<!-- \/ Yoast SEO plugin. -->","yoast_head_json":{"title":"Tunisie: CFJ refuse la prolongation de l\u2019\u00e9tat d\u2019urgence et appelle \u00e0 une r\u00e9vision des l\u00e9gislations d\u2019exception accordant de larges pouvoirs \u00e0 l\u2019ex\u00e9cutif sans contr\u00f4le judiciaire - Committee for Justice","description":"Tunisie: CFJ refuse la prolongation de l\u2019\u00e9tat d\u2019urgence et appelle \u00e0 une r\u00e9vision des l\u00e9gislations d\u2019exception accordant de larges pouvoirs \u00e0 l\u2019ex\u00e9cutif sans contr\u00f4le judiciaire Le \"Comit\u00e9 pour la Justice\" (CFJ) a d\u00e9clar\u00e9 que l'un des moyens les plus faciles utilis\u00e9s par les r\u00e9gimes r\u00e9pressifs pour \u00e9touffer les libert\u00e9s sous pr\u00e9texte d\u2019assurer la s\u00e9curit\u00e9 et la stabilit\u00e9 est l'application des lois d\u2019urgence. Ces r\u00e9gimes exploitent ces lois pour prolonger leurs pouvoirs exceptionnels, ce qui leur permet de restreindre la libert\u00e9 d'expression, de museler les voix dissidentes et de poursuivre les militants sans respecter les garanties l\u00e9gales, entra\u00eenant ainsi de graves violations des droits individuels, y compris des arrestations arbitraires et des proc\u00e8s in\u00e9quitables, ce qui approfondit le climat de peur et de r\u00e9pression menant \u00e0 une instabilit\u00e9 g\u00e9n\u00e9ralis\u00e9e.","robots":{"index":"index","follow":"follow","max-snippet":"max-snippet:-1","max-image-preview":"max-image-preview:large","max-video-preview":"max-video-preview:-1"},"canonical":"https:\/\/www.cfjustice.org\/fr\/tunisie-cfj-refuse-la-prolongation-de-letat-durgence-et-appelle-a-une-revision-des-legislations-dexception-accordant-de-larges-pouvoirs-a-lexecutif-sans-controle-j\/","og_locale":"fr_FR","og_type":"article","og_title":"Tunisie: CFJ refuse la prolongation de l\u2019\u00e9tat d\u2019urgence et appelle \u00e0 une r\u00e9vision des l\u00e9gislations d\u2019exception accordant de larges pouvoirs \u00e0 l\u2019ex\u00e9cutif sans contr\u00f4le judiciaire - Committee for Justice","og_description":"Tunisie: CFJ refuse la prolongation de l\u2019\u00e9tat d\u2019urgence et appelle \u00e0 une r\u00e9vision des l\u00e9gislations d\u2019exception accordant de larges pouvoirs \u00e0 l\u2019ex\u00e9cutif sans contr\u00f4le judiciaire Le \"Comit\u00e9 pour la Justice\" (CFJ) a d\u00e9clar\u00e9 que l'un des moyens les plus faciles utilis\u00e9s par les r\u00e9gimes r\u00e9pressifs pour \u00e9touffer les libert\u00e9s sous pr\u00e9texte d\u2019assurer la s\u00e9curit\u00e9 et la stabilit\u00e9 est l'application des lois d\u2019urgence. Ces r\u00e9gimes exploitent ces lois pour prolonger leurs pouvoirs exceptionnels, ce qui leur permet de restreindre la libert\u00e9 d'expression, de museler les voix dissidentes et de poursuivre les militants sans respecter les garanties l\u00e9gales, entra\u00eenant ainsi de graves violations des droits individuels, y compris des arrestations arbitraires et des proc\u00e8s in\u00e9quitables, ce qui approfondit le climat de peur et de r\u00e9pression menant \u00e0 une instabilit\u00e9 g\u00e9n\u00e9ralis\u00e9e.","og_url":"https:\/\/www.cfjustice.org\/fr\/tunisie-cfj-refuse-la-prolongation-de-letat-durgence-et-appelle-a-une-revision-des-legislations-dexception-accordant-de-larges-pouvoirs-a-lexecutif-sans-controle-j\/","og_site_name":"Committee for Justice","article_publisher":"https:\/\/www.facebook.com\/cfjusticeorg","article_published_time":"2025-02-20T13:47:27+00:00","og_image":[{"width":1600,"height":800,"url":"https:\/\/www.cfjustice.org\/wp-content\/uploads\/2025\/02\/Untitled-1-3.jpg3_-3.webp","type":"image\/jpeg"}],"author":"aturan","twitter_card":"summary_large_image","twitter_creator":"@cfjusticeorg","twitter_site":"@cfjusticeorg","twitter_misc":{"\u00c9crit par":"aturan","Dur\u00e9e de lecture estim\u00e9e":"5 minutes"},"schema":{"@context":"https:\/\/schema.org","@graph":[{"@type":"Article","@id":"https:\/\/www.cfjustice.org\/fr\/tunisie-cfj-refuse-la-prolongation-de-letat-durgence-et-appelle-a-une-revision-des-legislations-dexception-accordant-de-larges-pouvoirs-a-lexecutif-sans-controle-j\/#article","isPartOf":{"@id":"https:\/\/www.cfjustice.org\/fr\/tunisie-cfj-refuse-la-prolongation-de-letat-durgence-et-appelle-a-une-revision-des-legislations-dexception-accordant-de-larges-pouvoirs-a-lexecutif-sans-controle-j\/"},"author":{"name":"aturan","@id":"https:\/\/www.cfjustice.org\/fr\/#\/schema\/person\/ea0f4b79a4e1ae43a10612a61fbc1d16"},"headline":"Tunisie: CFJ refuse la prolongation de l\u2019\u00e9tat d\u2019urgence et appelle \u00e0 une r\u00e9vision des l\u00e9gislations d\u2019exception accordant de larges pouvoirs \u00e0 l\u2019ex\u00e9cutif sans contr\u00f4le judiciaire","datePublished":"2025-02-20T13:47:27+00:00","mainEntityOfPage":{"@id":"https:\/\/www.cfjustice.org\/fr\/tunisie-cfj-refuse-la-prolongation-de-letat-durgence-et-appelle-a-une-revision-des-legislations-dexception-accordant-de-larges-pouvoirs-a-lexecutif-sans-controle-j\/"},"wordCount":1048,"publisher":{"@id":"https:\/\/www.cfjustice.org\/fr\/#organization"},"image":{"@id":"https:\/\/www.cfjustice.org\/fr\/tunisie-cfj-refuse-la-prolongation-de-letat-durgence-et-appelle-a-une-revision-des-legislations-dexception-accordant-de-larges-pouvoirs-a-lexecutif-sans-controle-j\/#primaryimage"},"thumbnailUrl":"https:\/\/www.cfjustice.org\/wp-content\/uploads\/2025\/02\/Untitled-1-3.jpg3_-3.webp","articleSection":["Non classifi\u00e9(e)"],"inLanguage":"fr-FR"},{"@type":"WebPage","@id":"https:\/\/www.cfjustice.org\/fr\/tunisie-cfj-refuse-la-prolongation-de-letat-durgence-et-appelle-a-une-revision-des-legislations-dexception-accordant-de-larges-pouvoirs-a-lexecutif-sans-controle-j\/","url":"https:\/\/www.cfjustice.org\/fr\/tunisie-cfj-refuse-la-prolongation-de-letat-durgence-et-appelle-a-une-revision-des-legislations-dexception-accordant-de-larges-pouvoirs-a-lexecutif-sans-controle-j\/","name":"Tunisie: CFJ refuse la prolongation de l\u2019\u00e9tat d\u2019urgence et appelle \u00e0 une r\u00e9vision des l\u00e9gislations d\u2019exception accordant de larges pouvoirs \u00e0 l\u2019ex\u00e9cutif sans contr\u00f4le judiciaire - Committee for Justice","isPartOf":{"@id":"https:\/\/www.cfjustice.org\/fr\/#website"},"primaryImageOfPage":{"@id":"https:\/\/www.cfjustice.org\/fr\/tunisie-cfj-refuse-la-prolongation-de-letat-durgence-et-appelle-a-une-revision-des-legislations-dexception-accordant-de-larges-pouvoirs-a-lexecutif-sans-controle-j\/#primaryimage"},"image":{"@id":"https:\/\/www.cfjustice.org\/fr\/tunisie-cfj-refuse-la-prolongation-de-letat-durgence-et-appelle-a-une-revision-des-legislations-dexception-accordant-de-larges-pouvoirs-a-lexecutif-sans-controle-j\/#primaryimage"},"thumbnailUrl":"https:\/\/www.cfjustice.org\/wp-content\/uploads\/2025\/02\/Untitled-1-3.jpg3_-3.webp","datePublished":"2025-02-20T13:47:27+00:00","description":"Tunisie: CFJ refuse la prolongation de l\u2019\u00e9tat d\u2019urgence et appelle \u00e0 une r\u00e9vision des l\u00e9gislations d\u2019exception accordant de larges pouvoirs \u00e0 l\u2019ex\u00e9cutif sans contr\u00f4le judiciaire Le \"Comit\u00e9 pour la Justice\" (CFJ) a d\u00e9clar\u00e9 que l'un des moyens les plus faciles utilis\u00e9s par les r\u00e9gimes r\u00e9pressifs pour \u00e9touffer les libert\u00e9s sous pr\u00e9texte d\u2019assurer la s\u00e9curit\u00e9 et la stabilit\u00e9 est l'application des lois d\u2019urgence. Ces r\u00e9gimes exploitent ces lois pour prolonger leurs pouvoirs exceptionnels, ce qui leur permet de restreindre la libert\u00e9 d'expression, de museler les voix dissidentes et de poursuivre les militants sans respecter les garanties l\u00e9gales, entra\u00eenant ainsi de graves violations des droits individuels, y compris des arrestations arbitraires et des proc\u00e8s in\u00e9quitables, ce qui approfondit le climat de peur et de r\u00e9pression menant \u00e0 une instabilit\u00e9 g\u00e9n\u00e9ralis\u00e9e.","breadcrumb":{"@id":"https:\/\/www.cfjustice.org\/fr\/tunisie-cfj-refuse-la-prolongation-de-letat-durgence-et-appelle-a-une-revision-des-legislations-dexception-accordant-de-larges-pouvoirs-a-lexecutif-sans-controle-j\/#breadcrumb"},"inLanguage":"fr-FR","potentialAction":[{"@type":"ReadAction","target":["https:\/\/www.cfjustice.org\/fr\/tunisie-cfj-refuse-la-prolongation-de-letat-durgence-et-appelle-a-une-revision-des-legislations-dexception-accordant-de-larges-pouvoirs-a-lexecutif-sans-controle-j\/"]}]},{"@type":"ImageObject","inLanguage":"fr-FR","@id":"https:\/\/www.cfjustice.org\/fr\/tunisie-cfj-refuse-la-prolongation-de-letat-durgence-et-appelle-a-une-revision-des-legislations-dexception-accordant-de-larges-pouvoirs-a-lexecutif-sans-controle-j\/#primaryimage","url":"https:\/\/www.cfjustice.org\/wp-content\/uploads\/2025\/02\/Untitled-1-3.jpg3_-3.webp","contentUrl":"https:\/\/www.cfjustice.org\/wp-content\/uploads\/2025\/02\/Untitled-1-3.jpg3_-3.webp","width":1600,"height":800},{"@type":"BreadcrumbList","@id":"https:\/\/www.cfjustice.org\/fr\/tunisie-cfj-refuse-la-prolongation-de-letat-durgence-et-appelle-a-une-revision-des-legislations-dexception-accordant-de-larges-pouvoirs-a-lexecutif-sans-controle-j\/#breadcrumb","itemListElement":[{"@type":"ListItem","position":1,"name":"Home","item":"https:\/\/www.cfjustice.org\/fr\/"},{"@type":"ListItem","position":2,"name":"Tunisie: CFJ refuse la prolongation de l\u2019\u00e9tat d\u2019urgence et appelle \u00e0 une r\u00e9vision des l\u00e9gislations d\u2019exception accordant de larges pouvoirs \u00e0 l\u2019ex\u00e9cutif sans contr\u00f4le judiciaire"}]},{"@type":"WebSite","@id":"https:\/\/www.cfjustice.org\/fr\/#website","url":"https:\/\/www.cfjustice.org\/fr\/","name":"Committee for Justice","description":"We are working to achieve justice","publisher":{"@id":"https:\/\/www.cfjustice.org\/fr\/#organization"},"alternateName":"CFJ","potentialAction":[{"@type":"SearchAction","target":{"@type":"EntryPoint","urlTemplate":"https:\/\/www.cfjustice.org\/fr\/?s={search_term_string}"},"query-input":{"@type":"PropertyValueSpecification","valueRequired":true,"valueName":"search_term_string"}}],"inLanguage":"fr-FR"},{"@type":"Organization","@id":"https:\/\/www.cfjustice.org\/fr\/#organization","name":"Committee for Justice","url":"https:\/\/www.cfjustice.org\/fr\/","logo":{"@type":"ImageObject","inLanguage":"fr-FR","@id":"https:\/\/www.cfjustice.org\/fr\/#\/schema\/logo\/image\/","url":"https:\/\/www.cfjustice.org\/wp-content\/uploads\/2023\/10\/logo-1.svg","contentUrl":"https:\/\/www.cfjustice.org\/wp-content\/uploads\/2023\/10\/logo-1.svg","width":1,"height":1,"caption":"Committee for Justice"},"image":{"@id":"https:\/\/www.cfjustice.org\/fr\/#\/schema\/logo\/image\/"},"sameAs":["https:\/\/www.facebook.com\/cfjusticeorg","https:\/\/x.com\/cfjusticeorg","https:\/\/www.linkedin.com\/company\/cfjustice\/","https:\/\/www.youtube.com\/channel\/UCQdBw5-F5Z80xtts8UqRRqQ","https:\/\/www.instagram.com\/cfjusticeorg"]},{"@type":"Person","@id":"https:\/\/www.cfjustice.org\/fr\/#\/schema\/person\/ea0f4b79a4e1ae43a10612a61fbc1d16","name":"aturan","image":{"@type":"ImageObject","inLanguage":"fr-FR","@id":"https:\/\/secure.gravatar.com\/avatar\/01a90824e35ac37e0638814cd919b87906467a82599625eceaf0f1c5b9e8343d?s=96&d=mm&r=g","url":"https:\/\/secure.gravatar.com\/avatar\/01a90824e35ac37e0638814cd919b87906467a82599625eceaf0f1c5b9e8343d?s=96&d=mm&r=g","contentUrl":"https:\/\/secure.gravatar.com\/avatar\/01a90824e35ac37e0638814cd919b87906467a82599625eceaf0f1c5b9e8343d?s=96&d=mm&r=g","caption":"aturan"},"url":"https:\/\/www.cfjustice.org\/fr\/author\/aturan\/"}]}},"_links":{"self":[{"href":"https:\/\/www.cfjustice.org\/fr\/wp-json\/wp\/v2\/posts\/46799","targetHints":{"allow":["GET"]}}],"collection":[{"href":"https:\/\/www.cfjustice.org\/fr\/wp-json\/wp\/v2\/posts"}],"about":[{"href":"https:\/\/www.cfjustice.org\/fr\/wp-json\/wp\/v2\/types\/post"}],"author":[{"embeddable":true,"href":"https:\/\/www.cfjustice.org\/fr\/wp-json\/wp\/v2\/users\/967"}],"replies":[{"embeddable":true,"href":"https:\/\/www.cfjustice.org\/fr\/wp-json\/wp\/v2\/comments?post=46799"}],"version-history":[{"count":2,"href":"https:\/\/www.cfjustice.org\/fr\/wp-json\/wp\/v2\/posts\/46799\/revisions"}],"predecessor-version":[{"id":46801,"href":"https:\/\/www.cfjustice.org\/fr\/wp-json\/wp\/v2\/posts\/46799\/revisions\/46801"}],"wp:featuredmedia":[{"embeddable":true,"href":"https:\/\/www.cfjustice.org\/fr\/wp-json\/wp\/v2\/media\/46796"}],"wp:attachment":[{"href":"https:\/\/www.cfjustice.org\/fr\/wp-json\/wp\/v2\/media?parent=46799"}],"wp:term":[{"taxonomy":"category","embeddable":true,"href":"https:\/\/www.cfjustice.org\/fr\/wp-json\/wp\/v2\/categories?post=46799"},{"taxonomy":"post_tag","embeddable":true,"href":"https:\/\/www.cfjustice.org\/fr\/wp-json\/wp\/v2\/tags?post=46799"},{"taxonomy":"countries","embeddable":true,"href":"https:\/\/www.cfjustice.org\/fr\/wp-json\/wp\/v2\/countries?post=46799"},{"taxonomy":"cases","embeddable":true,"href":"https:\/\/www.cfjustice.org\/fr\/wp-json\/wp\/v2\/cases?post=46799"},{"taxonomy":"writer","embeddable":true,"href":"https:\/\/www.cfjustice.org\/fr\/wp-json\/wp\/v2\/writer?post=46799"},{"taxonomy":"coalitions","embeddable":true,"href":"https:\/\/www.cfjustice.org\/fr\/wp-json\/wp\/v2\/coalitions?post=46799"}],"curies":[{"name":"wp","href":"https:\/\/api.w.org\/{rel}","templated":true}]}}