{"id":42344,"date":"2024-09-16T14:12:03","date_gmt":"2024-09-16T12:12:03","guid":{"rendered":"https:\/\/www.cfjustice.org\/?p=42344"},"modified":"2024-09-16T14:12:03","modified_gmt":"2024-09-16T12:12:03","slug":"tunisie-le-cfj-rejette-les-recentes-arrestations-contre-el-nahda-et-les-considere-comme-une-escalade-grave-de-la-repression-en-cours-avant-les-elections-presidentielles","status":"publish","type":"post","link":"https:\/\/www.cfjustice.org\/fr\/tunisie-le-cfj-rejette-les-recentes-arrestations-contre-el-nahda-et-les-considere-comme-une-escalade-grave-de-la-repression-en-cours-avant-les-elections-presidentielles\/","title":{"rendered":"Tunisie: Le CFJ rejette les r\u00e9centes arrestations contre \u00ab\u00a0El-Nahda\u00a0\u00bb et les consid\u00e8re comme une escalade grave de la r\u00e9pression en cours avant les \u00e9lections pr\u00e9sidentielles."},"content":{"rendered":"<p>Le Comit\u00e9 pour la Justice (CFJ) a condamn\u00e9 la r\u00e9cente campagne d&rsquo;arrestations visant les membres du mouvement Ennahda et d&rsquo;autres figures politiques de divers horizons en Tunisie, qualifiant cela d&rsquo;escalade dangereuse et sans pr\u00e9c\u00e9dent dans la vague de r\u00e9pression qui balaie le pays. Ces arrestations sont li\u00e9es \u00e0 des accusations de complot contre la s\u00e9curit\u00e9 de l&rsquo;\u00c9tat dans une nouvelle affaire r\u00e9cemment ouverte par les autorit\u00e9s tunisiennes, soulevant des inqui\u00e9tudes quant \u00e0 la d\u00e9t\u00e9rioration des conditions politiques et des droits de l&rsquo;homme \u00e0 l&rsquo;approche des \u00e9lections pr\u00e9sidentielles.<\/p>\n<p>Le CFJ estime que ces d\u00e9veloppements surviennent \u00e0 un moment o\u00f9 les libert\u00e9s publiques sont de plus en plus sous pression, et o\u00f9 l&rsquo;espace politique se restreint en Tunisie, avec des craintes croissantes que les autorit\u00e9s au pouvoir utilisent les agences judiciaires et de s\u00e9curit\u00e9 pour r\u00e9gler des comptes politiques.<\/p>\n<p>Selon l&rsquo;avocat des d\u00e9tenus, l&rsquo;unit\u00e9 anti-terroriste de la Garde nationale a enqu\u00eat\u00e9 sur cinq individus, dont un membre du bureau ex\u00e9cutif d&rsquo;Ennahda, sur des accusations de complot contre la s\u00e9curit\u00e9 de l&rsquo;\u00c9tat. L&rsquo;avocat a \u00e9galement indiqu\u00e9 que la campagne ne se limitait pas \u00e0 ces individus, car elle impliquait l&rsquo;arrestation d&rsquo;au moins 80 personnes dans diverses r\u00e9gions du pays, soulignant une tendance croissante \u00e0 \u00e9tendre la r\u00e9pression.<\/p>\n<p>Le CFJ consid\u00e8re ces arrestations comme \u00e9tant li\u00e9es aux tensions politiques croissantes avant les \u00e9lections pr\u00e9sidentielles, o\u00f9 les analyses sugg\u00e8rent que l&rsquo;autorit\u00e9 en place, dirig\u00e9e par le pr\u00e9sident sortant Kais Saied, pourrait chercher \u00e0 renforcer son emprise sur l&rsquo;opposition politique et \u00e0 emp\u00eacher toute alliance potentielle susceptible de menacer s\u00e9rieusement ses chances lors des \u00e9lections. L&rsquo;une des principales pr\u00e9occupations dans ce contexte est la possibilit\u00e9 d&rsquo;une coop\u00e9ration entre le mouvement Ennahda et un candidat pr\u00e9sidentiel contre le pr\u00e9sident Saied, ce qui pourrait mettre les autorit\u00e9s au pouvoir sur la d\u00e9fensive et accro\u00eetre leur volont\u00e9 d&rsquo;intensifier les mesures de s\u00e9curit\u00e9 et de r\u00e9pression pour emp\u00eacher toute coordination de l&rsquo;opposition.<\/p>\n<p>Le comit\u00e9 note que ces d\u00e9veloppements font partie d&rsquo;une campagne plus large men\u00e9e par les autorit\u00e9s tunisiennes, ciblant sp\u00e9cifiquement le mouvement Ennahda, alors que des dizaines de membres du mouvement ont \u00e9t\u00e9 arr\u00eat\u00e9s r\u00e9cemment, selon des d\u00e9clarations du porte-parole du mouvement. Il a confirm\u00e9 que ces actions ne font qu&rsquo;aggraver la situation du pays et creuser le foss\u00e9 entre le gouvernement et le public. Il a \u00e9galement soulign\u00e9 que bon nombre des d\u00e9tenus sont des retrait\u00e9s et des personnes \u00e2g\u00e9es de plus de soixante ans, soulignant que ces arrestations n&rsquo;ont aucune justification l\u00e9gale ou \u00e9thique et visent \u00e0 affaiblir la capacit\u00e9 de l&rsquo;opposition \u00e0 s&rsquo;organiser et \u00e0 participer \u00e0 des activit\u00e9s politiques pacifiques.<\/p>\n<p>Le CFJ pense \u00e9galement que ces arrestations ne sont pas de simples mesures de s\u00e9curit\u00e9 temporaires, mais refl\u00e8tent une strat\u00e9gie plus large poursuivie par les autorit\u00e9s tunisiennes pour imposer leur contr\u00f4le sur la sc\u00e8ne politique et emp\u00eacher tout d\u00e9fi s\u00e9rieux \u00e0 leur pouvoir. Le comit\u00e9 affirme que l&rsquo;utilisation des accusations de terrorisme et de complot contre la s\u00e9curit\u00e9 de l&rsquo;\u00c9tat comme pr\u00e9texte pour d\u00e9tenir des opposants politiques et des d\u00e9fenseurs des droits de l&rsquo;homme constitue une violation grave de la loi et une atteinte flagrante aux droits et libert\u00e9s fondamentales garanties par la constitution tunisienne et le droit international.<\/p>\n<p>Dans ce contexte, le CFJ souligne que ces arrestations s&rsquo;inscrivent dans une r\u00e9pression syst\u00e9matique en cours en Tunisie, o\u00f9 la suppression de l&rsquo;espace civil, les arrestations arbitraires et la diabolisation des opposants sont devenus l&rsquo;approche dominante pour traiter ceux qui s&rsquo;opposent aux autorit\u00e9s. Cette approche r\u00e9pressive contraste fortement avec les aspirations du peuple tunisien \u00e0 la libert\u00e9 et \u00e0 la d\u00e9mocratie, qui \u00e9taient parmi les r\u00e9alisations les plus importantes de la r\u00e9volution tunisienne.<\/p>\n<p>Le CFJ d\u00e9nonce cette campagne r\u00e9pressive men\u00e9e par les autorit\u00e9s tunisiennes et appelle \u00e0 la cessation imm\u00e9diate de toutes les mesures arbitraires et arrestations contre les opposants et les d\u00e9fenseurs des droits de l&rsquo;homme. Le comit\u00e9 souligne \u00e9galement la n\u00e9cessit\u00e9 de lib\u00e9rer imm\u00e9diatement tous les d\u00e9tenus politiques et d&rsquo;opinion, y compris ceux arr\u00eat\u00e9s lors de la r\u00e9cente campagne.<\/p>\n<p>En outre, le CFJ exhorte les autorit\u00e9s tunisiennes \u00e0 rouvrir l&rsquo;espace civil et politique dans le pays, \u00e0 fournir un environnement s\u00fbr pour les d\u00e9fenseurs des droits de l&rsquo;homme et \u00e0 garantir leurs libert\u00e9s fondamentales. La poursuite de cette campagne r\u00e9pressive ne fera qu&rsquo;\u00e9touffer les libert\u00e9s naissantes en Tunisie et renforcer un climat de peur et de r\u00e9pression qui menace l&rsquo;avenir d\u00e9mocratique du pays. Cette d\u00e9t\u00e9rioration dangereuse appelle \u00e0 une action s\u00e9rieuse de la part de la communaut\u00e9 internationale et des forces d\u00e9mocratiques en Tunisie pour stopper ce d\u00e9clin.<\/p>\n<p>En conclusion, le CFJ avertit que la Tunisie, autrefois un phare de libert\u00e9s dans la r\u00e9gion apr\u00e8s la r\u00e9volution de 2011, est d\u00e9sormais confront\u00e9e \u00e0 une menace r\u00e9elle pour son avenir d\u00e9mocratique. La poursuite de ces politiques r\u00e9pressives ne fera qu&rsquo;aggraver la crise politique et sociale, n\u00e9cessitant que toutes les forces actives en Tunisie s&rsquo;unissent contre cette tendance autoritaire et poussent \u00e0 des r\u00e9formes politiques r\u00e9elles pour remettre le pays sur la voie d\u00e9mocratique qui lui est due.<\/p>\n","protected":false},"excerpt":{"rendered":"<p>Le Comit\u00e9 pour la Justice (CFJ) a condamn\u00e9 la r\u00e9cente campagne d&rsquo;arrestations visant les membres du mouvement Ennahda et d&rsquo;autres figures politiques de divers horizons en Tunisie, qualifiant cela d&rsquo;escalade [&hellip;]<\/p>\n","protected":false},"author":967,"featured_media":42339,"comment_status":"closed","ping_status":"closed","sticky":false,"template":"","format":"standard","meta":{"_monsterinsights_skip_tracking":false,"_monsterinsights_sitenote_active":false,"_monsterinsights_sitenote_note":"","_monsterinsights_sitenote_category":0,"_price":"","_stock":"","_tribe_ticket_header":"","_tribe_default_ticket_provider":"","_tribe_ticket_capacity":"0","_ticket_start_date":"","_ticket_end_date":"","_tribe_ticket_show_description":"","_tribe_ticket_show_not_going":false,"_tribe_ticket_use_global_stock":"","_tribe_ticket_global_stock_level":"","_global_stock_mode":"","_global_stock_cap":"","_tribe_rsvp_for_event":"","_tribe_ticket_going_count":"","_tribe_ticket_not_going_count":"","_tribe_tickets_list":"[]","_tribe_ticket_has_attendee_info_fields":false,"footnotes":""},"categories":[821],"tags":[],"countries":[820],"cases":[],"writer":[],"coalitions":[],"class_list":["post-42344","post","type-post","status-publish","format-standard","has-post-thumbnail","hentry","category-le-droit-a-des-elections-libres","countries-la-tunisie","has-post-title","has-post-date","has-post-category","has-post-tag","has-post-comment","has-post-author",""],"yoast_head":"<!-- This site is optimized with the Yoast SEO plugin v27.4 - https:\/\/yoast.com\/product\/yoast-seo-wordpress\/ -->\n<title>Tunisie: Le CFJ rejette les r\u00e9centes arrestations contre &quot;El-Nahda&quot; et les consid\u00e8re comme une escalade grave de la r\u00e9pression en cours avant les \u00e9lections pr\u00e9sidentielles. - Committee for Justice<\/title>\n<meta name=\"description\" content=\"Tunisie: Le CFJ rejette les r\u00e9centes arrestations contre &quot;El-Nahda&quot; et les consid\u00e8re comme une escalade grave de la r\u00e9pression en cours avant les \u00e9lections pr\u00e9sidentielles. Le Comit\u00e9 pour la Justice (CFJ) a condamn\u00e9 la r\u00e9cente campagne d&#039;arrestations visant les membres du mouvement Ennahda et d&#039;autres figures politiques de divers horizons en Tunisie, qualifiant cela d&#039;escalade dangereuse et sans pr\u00e9c\u00e9dent dans la vague de r\u00e9pression qui balaie le pays. Ces arrestations sont li\u00e9es \u00e0 des accusations de complot contre la s\u00e9curit\u00e9 de l&#039;\u00c9tat dans une nouvelle affaire r\u00e9cemment ouverte par les autorit\u00e9s tunisiennes, soulevant des inqui\u00e9tudes quant \u00e0 la d\u00e9t\u00e9rioration des conditions politiques et des droits de l&#039;homme \u00e0 l&#039;approche des \u00e9lections pr\u00e9sidentielles.\" \/>\n<meta name=\"robots\" content=\"index, follow, max-snippet:-1, max-image-preview:large, max-video-preview:-1\" \/>\n<link rel=\"canonical\" href=\"https:\/\/www.cfjustice.org\/fr\/tunisie-le-cfj-rejette-les-recentes-arrestations-contre-el-nahda-et-les-considere-comme-une-escalade-grave-de-la-repression-en-cours-avant-les-elections-presidentielles\/\" \/>\n<meta property=\"og:locale\" content=\"fr_FR\" \/>\n<meta property=\"og:type\" content=\"article\" \/>\n<meta property=\"og:title\" content=\"Tunisie: Le CFJ rejette les r\u00e9centes arrestations contre &quot;El-Nahda&quot; et les consid\u00e8re comme une escalade grave de la r\u00e9pression en cours avant les \u00e9lections pr\u00e9sidentielles. - Committee for Justice\" \/>\n<meta property=\"og:description\" content=\"Tunisie: Le CFJ rejette les r\u00e9centes arrestations contre &quot;El-Nahda&quot; et les consid\u00e8re comme une escalade grave de la r\u00e9pression en cours avant les \u00e9lections pr\u00e9sidentielles. Le Comit\u00e9 pour la Justice (CFJ) a condamn\u00e9 la r\u00e9cente campagne d&#039;arrestations visant les membres du mouvement Ennahda et d&#039;autres figures politiques de divers horizons en Tunisie, qualifiant cela d&#039;escalade dangereuse et sans pr\u00e9c\u00e9dent dans la vague de r\u00e9pression qui balaie le pays. Ces arrestations sont li\u00e9es \u00e0 des accusations de complot contre la s\u00e9curit\u00e9 de l&#039;\u00c9tat dans une nouvelle affaire r\u00e9cemment ouverte par les autorit\u00e9s tunisiennes, soulevant des inqui\u00e9tudes quant \u00e0 la d\u00e9t\u00e9rioration des conditions politiques et des droits de l&#039;homme \u00e0 l&#039;approche des \u00e9lections pr\u00e9sidentielles.\" \/>\n<meta property=\"og:url\" content=\"https:\/\/www.cfjustice.org\/fr\/tunisie-le-cfj-rejette-les-recentes-arrestations-contre-el-nahda-et-les-considere-comme-une-escalade-grave-de-la-repression-en-cours-avant-les-elections-presidentielles\/\" \/>\n<meta property=\"og:site_name\" content=\"Committee for Justice\" \/>\n<meta property=\"article:publisher\" content=\"https:\/\/www.facebook.com\/cfjusticeorg\" \/>\n<meta property=\"article:published_time\" content=\"2024-09-16T12:12:03+00:00\" \/>\n<meta property=\"og:image\" content=\"https:\/\/www.cfjustice.org\/wp-content\/uploads\/2024\/09\/\u0635\u0648\u0631\u0629-\u0623\u0631\u0634\u064a\u0641\u064a\u0629-4-jpg.webp\" \/>\n\t<meta property=\"og:image:width\" content=\"1600\" \/>\n\t<meta property=\"og:image:height\" content=\"800\" \/>\n\t<meta property=\"og:image:type\" content=\"image\/jpeg\" \/>\n<meta name=\"author\" content=\"aturan\" \/>\n<meta name=\"twitter:card\" content=\"summary_large_image\" \/>\n<meta name=\"twitter:creator\" content=\"@cfjusticeorg\" \/>\n<meta name=\"twitter:site\" content=\"@cfjusticeorg\" \/>\n<meta name=\"twitter:label1\" content=\"\u00c9crit par\" \/>\n\t<meta name=\"twitter:data1\" content=\"aturan\" \/>\n\t<meta name=\"twitter:label2\" content=\"Dur\u00e9e de lecture estim\u00e9e\" \/>\n\t<meta name=\"twitter:data2\" content=\"4 minutes\" \/>\n<script type=\"application\/ld+json\" class=\"yoast-schema-graph\">{\"@context\":\"https:\\\/\\\/schema.org\",\"@graph\":[{\"@type\":\"Article\",\"@id\":\"https:\\\/\\\/www.cfjustice.org\\\/fr\\\/tunisie-le-cfj-rejette-les-recentes-arrestations-contre-el-nahda-et-les-considere-comme-une-escalade-grave-de-la-repression-en-cours-avant-les-elections-presidentielles\\\/#article\",\"isPartOf\":{\"@id\":\"https:\\\/\\\/www.cfjustice.org\\\/fr\\\/tunisie-le-cfj-rejette-les-recentes-arrestations-contre-el-nahda-et-les-considere-comme-une-escalade-grave-de-la-repression-en-cours-avant-les-elections-presidentielles\\\/\"},\"author\":{\"name\":\"aturan\",\"@id\":\"https:\\\/\\\/www.cfjustice.org\\\/fr\\\/#\\\/schema\\\/person\\\/ea0f4b79a4e1ae43a10612a61fbc1d16\"},\"headline\":\"Tunisie: Le CFJ rejette les r\u00e9centes arrestations contre \u00ab\u00a0El-Nahda\u00a0\u00bb et les consid\u00e8re comme une escalade grave de la r\u00e9pression en cours avant les \u00e9lections pr\u00e9sidentielles.\",\"datePublished\":\"2024-09-16T12:12:03+00:00\",\"mainEntityOfPage\":{\"@id\":\"https:\\\/\\\/www.cfjustice.org\\\/fr\\\/tunisie-le-cfj-rejette-les-recentes-arrestations-contre-el-nahda-et-les-considere-comme-une-escalade-grave-de-la-repression-en-cours-avant-les-elections-presidentielles\\\/\"},\"wordCount\":981,\"publisher\":{\"@id\":\"https:\\\/\\\/www.cfjustice.org\\\/fr\\\/#organization\"},\"image\":{\"@id\":\"https:\\\/\\\/www.cfjustice.org\\\/fr\\\/tunisie-le-cfj-rejette-les-recentes-arrestations-contre-el-nahda-et-les-considere-comme-une-escalade-grave-de-la-repression-en-cours-avant-les-elections-presidentielles\\\/#primaryimage\"},\"thumbnailUrl\":\"https:\\\/\\\/www.cfjustice.org\\\/wp-content\\\/uploads\\\/2024\\\/09\\\/\u0635\u0648\u0631\u0629-\u0623\u0631\u0634\u064a\u0641\u064a\u0629-4-jpg.webp\",\"articleSection\":[\"le Droit \u00e0 des \u00c9lections Libres\"],\"inLanguage\":\"fr-FR\"},{\"@type\":\"WebPage\",\"@id\":\"https:\\\/\\\/www.cfjustice.org\\\/fr\\\/tunisie-le-cfj-rejette-les-recentes-arrestations-contre-el-nahda-et-les-considere-comme-une-escalade-grave-de-la-repression-en-cours-avant-les-elections-presidentielles\\\/\",\"url\":\"https:\\\/\\\/www.cfjustice.org\\\/fr\\\/tunisie-le-cfj-rejette-les-recentes-arrestations-contre-el-nahda-et-les-considere-comme-une-escalade-grave-de-la-repression-en-cours-avant-les-elections-presidentielles\\\/\",\"name\":\"Tunisie: Le CFJ rejette les r\u00e9centes arrestations contre \\\"El-Nahda\\\" et les consid\u00e8re comme une escalade grave de la r\u00e9pression en cours avant les \u00e9lections pr\u00e9sidentielles. - Committee for Justice\",\"isPartOf\":{\"@id\":\"https:\\\/\\\/www.cfjustice.org\\\/fr\\\/#website\"},\"primaryImageOfPage\":{\"@id\":\"https:\\\/\\\/www.cfjustice.org\\\/fr\\\/tunisie-le-cfj-rejette-les-recentes-arrestations-contre-el-nahda-et-les-considere-comme-une-escalade-grave-de-la-repression-en-cours-avant-les-elections-presidentielles\\\/#primaryimage\"},\"image\":{\"@id\":\"https:\\\/\\\/www.cfjustice.org\\\/fr\\\/tunisie-le-cfj-rejette-les-recentes-arrestations-contre-el-nahda-et-les-considere-comme-une-escalade-grave-de-la-repression-en-cours-avant-les-elections-presidentielles\\\/#primaryimage\"},\"thumbnailUrl\":\"https:\\\/\\\/www.cfjustice.org\\\/wp-content\\\/uploads\\\/2024\\\/09\\\/\u0635\u0648\u0631\u0629-\u0623\u0631\u0634\u064a\u0641\u064a\u0629-4-jpg.webp\",\"datePublished\":\"2024-09-16T12:12:03+00:00\",\"description\":\"Tunisie: Le CFJ rejette les r\u00e9centes arrestations contre \\\"El-Nahda\\\" et les consid\u00e8re comme une escalade grave de la r\u00e9pression en cours avant les \u00e9lections pr\u00e9sidentielles. Le Comit\u00e9 pour la Justice (CFJ) a condamn\u00e9 la r\u00e9cente campagne d'arrestations visant les membres du mouvement Ennahda et d'autres figures politiques de divers horizons en Tunisie, qualifiant cela d'escalade dangereuse et sans pr\u00e9c\u00e9dent dans la vague de r\u00e9pression qui balaie le pays. Ces arrestations sont li\u00e9es \u00e0 des accusations de complot contre la s\u00e9curit\u00e9 de l'\u00c9tat dans une nouvelle affaire r\u00e9cemment ouverte par les autorit\u00e9s tunisiennes, soulevant des inqui\u00e9tudes quant \u00e0 la d\u00e9t\u00e9rioration des conditions politiques et des droits de l'homme \u00e0 l'approche des \u00e9lections pr\u00e9sidentielles.\",\"breadcrumb\":{\"@id\":\"https:\\\/\\\/www.cfjustice.org\\\/fr\\\/tunisie-le-cfj-rejette-les-recentes-arrestations-contre-el-nahda-et-les-considere-comme-une-escalade-grave-de-la-repression-en-cours-avant-les-elections-presidentielles\\\/#breadcrumb\"},\"inLanguage\":\"fr-FR\",\"potentialAction\":[{\"@type\":\"ReadAction\",\"target\":[\"https:\\\/\\\/www.cfjustice.org\\\/fr\\\/tunisie-le-cfj-rejette-les-recentes-arrestations-contre-el-nahda-et-les-considere-comme-une-escalade-grave-de-la-repression-en-cours-avant-les-elections-presidentielles\\\/\"]}]},{\"@type\":\"ImageObject\",\"inLanguage\":\"fr-FR\",\"@id\":\"https:\\\/\\\/www.cfjustice.org\\\/fr\\\/tunisie-le-cfj-rejette-les-recentes-arrestations-contre-el-nahda-et-les-considere-comme-une-escalade-grave-de-la-repression-en-cours-avant-les-elections-presidentielles\\\/#primaryimage\",\"url\":\"https:\\\/\\\/www.cfjustice.org\\\/wp-content\\\/uploads\\\/2024\\\/09\\\/\u0635\u0648\u0631\u0629-\u0623\u0631\u0634\u064a\u0641\u064a\u0629-4-jpg.webp\",\"contentUrl\":\"https:\\\/\\\/www.cfjustice.org\\\/wp-content\\\/uploads\\\/2024\\\/09\\\/\u0635\u0648\u0631\u0629-\u0623\u0631\u0634\u064a\u0641\u064a\u0629-4-jpg.webp\",\"width\":1600,\"height\":800},{\"@type\":\"BreadcrumbList\",\"@id\":\"https:\\\/\\\/www.cfjustice.org\\\/fr\\\/tunisie-le-cfj-rejette-les-recentes-arrestations-contre-el-nahda-et-les-considere-comme-une-escalade-grave-de-la-repression-en-cours-avant-les-elections-presidentielles\\\/#breadcrumb\",\"itemListElement\":[{\"@type\":\"ListItem\",\"position\":1,\"name\":\"Home\",\"item\":\"https:\\\/\\\/www.cfjustice.org\\\/fr\\\/\"},{\"@type\":\"ListItem\",\"position\":2,\"name\":\"Tunisie: Le CFJ rejette les r\u00e9centes arrestations contre &#8220;El-Nahda&#8221; et les consid\u00e8re comme une escalade grave de la r\u00e9pression en cours avant les \u00e9lections pr\u00e9sidentielles.\"}]},{\"@type\":\"WebSite\",\"@id\":\"https:\\\/\\\/www.cfjustice.org\\\/fr\\\/#website\",\"url\":\"https:\\\/\\\/www.cfjustice.org\\\/fr\\\/\",\"name\":\"Committee for Justice\",\"description\":\"We are working to achieve justice\",\"publisher\":{\"@id\":\"https:\\\/\\\/www.cfjustice.org\\\/fr\\\/#organization\"},\"alternateName\":\"CFJ\",\"potentialAction\":[{\"@type\":\"SearchAction\",\"target\":{\"@type\":\"EntryPoint\",\"urlTemplate\":\"https:\\\/\\\/www.cfjustice.org\\\/fr\\\/?s={search_term_string}\"},\"query-input\":{\"@type\":\"PropertyValueSpecification\",\"valueRequired\":true,\"valueName\":\"search_term_string\"}}],\"inLanguage\":\"fr-FR\"},{\"@type\":\"Organization\",\"@id\":\"https:\\\/\\\/www.cfjustice.org\\\/fr\\\/#organization\",\"name\":\"Committee for Justice\",\"url\":\"https:\\\/\\\/www.cfjustice.org\\\/fr\\\/\",\"logo\":{\"@type\":\"ImageObject\",\"inLanguage\":\"fr-FR\",\"@id\":\"https:\\\/\\\/www.cfjustice.org\\\/fr\\\/#\\\/schema\\\/logo\\\/image\\\/\",\"url\":\"https:\\\/\\\/www.cfjustice.org\\\/wp-content\\\/uploads\\\/2023\\\/10\\\/logo-1.svg\",\"contentUrl\":\"https:\\\/\\\/www.cfjustice.org\\\/wp-content\\\/uploads\\\/2023\\\/10\\\/logo-1.svg\",\"width\":1,\"height\":1,\"caption\":\"Committee for Justice\"},\"image\":{\"@id\":\"https:\\\/\\\/www.cfjustice.org\\\/fr\\\/#\\\/schema\\\/logo\\\/image\\\/\"},\"sameAs\":[\"https:\\\/\\\/www.facebook.com\\\/cfjusticeorg\",\"https:\\\/\\\/x.com\\\/cfjusticeorg\",\"https:\\\/\\\/www.linkedin.com\\\/company\\\/cfjustice\\\/\",\"https:\\\/\\\/www.youtube.com\\\/channel\\\/UCQdBw5-F5Z80xtts8UqRRqQ\",\"https:\\\/\\\/www.instagram.com\\\/cfjusticeorg\"]},{\"@type\":\"Person\",\"@id\":\"https:\\\/\\\/www.cfjustice.org\\\/fr\\\/#\\\/schema\\\/person\\\/ea0f4b79a4e1ae43a10612a61fbc1d16\",\"name\":\"aturan\",\"image\":{\"@type\":\"ImageObject\",\"inLanguage\":\"fr-FR\",\"@id\":\"https:\\\/\\\/secure.gravatar.com\\\/avatar\\\/01a90824e35ac37e0638814cd919b87906467a82599625eceaf0f1c5b9e8343d?s=96&d=mm&r=g\",\"url\":\"https:\\\/\\\/secure.gravatar.com\\\/avatar\\\/01a90824e35ac37e0638814cd919b87906467a82599625eceaf0f1c5b9e8343d?s=96&d=mm&r=g\",\"contentUrl\":\"https:\\\/\\\/secure.gravatar.com\\\/avatar\\\/01a90824e35ac37e0638814cd919b87906467a82599625eceaf0f1c5b9e8343d?s=96&d=mm&r=g\",\"caption\":\"aturan\"},\"url\":\"https:\\\/\\\/www.cfjustice.org\\\/fr\\\/author\\\/aturan\\\/\"}]}<\/script>\n<!-- \/ Yoast SEO plugin. -->","yoast_head_json":{"title":"Tunisie: Le CFJ rejette les r\u00e9centes arrestations contre \"El-Nahda\" et les consid\u00e8re comme une escalade grave de la r\u00e9pression en cours avant les \u00e9lections pr\u00e9sidentielles. - Committee for Justice","description":"Tunisie: Le CFJ rejette les r\u00e9centes arrestations contre \"El-Nahda\" et les consid\u00e8re comme une escalade grave de la r\u00e9pression en cours avant les \u00e9lections pr\u00e9sidentielles. Le Comit\u00e9 pour la Justice (CFJ) a condamn\u00e9 la r\u00e9cente campagne d'arrestations visant les membres du mouvement Ennahda et d'autres figures politiques de divers horizons en Tunisie, qualifiant cela d'escalade dangereuse et sans pr\u00e9c\u00e9dent dans la vague de r\u00e9pression qui balaie le pays. Ces arrestations sont li\u00e9es \u00e0 des accusations de complot contre la s\u00e9curit\u00e9 de l'\u00c9tat dans une nouvelle affaire r\u00e9cemment ouverte par les autorit\u00e9s tunisiennes, soulevant des inqui\u00e9tudes quant \u00e0 la d\u00e9t\u00e9rioration des conditions politiques et des droits de l'homme \u00e0 l'approche des \u00e9lections pr\u00e9sidentielles.","robots":{"index":"index","follow":"follow","max-snippet":"max-snippet:-1","max-image-preview":"max-image-preview:large","max-video-preview":"max-video-preview:-1"},"canonical":"https:\/\/www.cfjustice.org\/fr\/tunisie-le-cfj-rejette-les-recentes-arrestations-contre-el-nahda-et-les-considere-comme-une-escalade-grave-de-la-repression-en-cours-avant-les-elections-presidentielles\/","og_locale":"fr_FR","og_type":"article","og_title":"Tunisie: Le CFJ rejette les r\u00e9centes arrestations contre \"El-Nahda\" et les consid\u00e8re comme une escalade grave de la r\u00e9pression en cours avant les \u00e9lections pr\u00e9sidentielles. - Committee for Justice","og_description":"Tunisie: Le CFJ rejette les r\u00e9centes arrestations contre \"El-Nahda\" et les consid\u00e8re comme une escalade grave de la r\u00e9pression en cours avant les \u00e9lections pr\u00e9sidentielles. Le Comit\u00e9 pour la Justice (CFJ) a condamn\u00e9 la r\u00e9cente campagne d'arrestations visant les membres du mouvement Ennahda et d'autres figures politiques de divers horizons en Tunisie, qualifiant cela d'escalade dangereuse et sans pr\u00e9c\u00e9dent dans la vague de r\u00e9pression qui balaie le pays. Ces arrestations sont li\u00e9es \u00e0 des accusations de complot contre la s\u00e9curit\u00e9 de l'\u00c9tat dans une nouvelle affaire r\u00e9cemment ouverte par les autorit\u00e9s tunisiennes, soulevant des inqui\u00e9tudes quant \u00e0 la d\u00e9t\u00e9rioration des conditions politiques et des droits de l'homme \u00e0 l'approche des \u00e9lections pr\u00e9sidentielles.","og_url":"https:\/\/www.cfjustice.org\/fr\/tunisie-le-cfj-rejette-les-recentes-arrestations-contre-el-nahda-et-les-considere-comme-une-escalade-grave-de-la-repression-en-cours-avant-les-elections-presidentielles\/","og_site_name":"Committee for Justice","article_publisher":"https:\/\/www.facebook.com\/cfjusticeorg","article_published_time":"2024-09-16T12:12:03+00:00","og_image":[{"width":1600,"height":800,"url":"https:\/\/www.cfjustice.org\/wp-content\/uploads\/2024\/09\/\u0635\u0648\u0631\u0629-\u0623\u0631\u0634\u064a\u0641\u064a\u0629-4-jpg.webp","type":"image\/jpeg"}],"author":"aturan","twitter_card":"summary_large_image","twitter_creator":"@cfjusticeorg","twitter_site":"@cfjusticeorg","twitter_misc":{"\u00c9crit par":"aturan","Dur\u00e9e de lecture estim\u00e9e":"4 minutes"},"schema":{"@context":"https:\/\/schema.org","@graph":[{"@type":"Article","@id":"https:\/\/www.cfjustice.org\/fr\/tunisie-le-cfj-rejette-les-recentes-arrestations-contre-el-nahda-et-les-considere-comme-une-escalade-grave-de-la-repression-en-cours-avant-les-elections-presidentielles\/#article","isPartOf":{"@id":"https:\/\/www.cfjustice.org\/fr\/tunisie-le-cfj-rejette-les-recentes-arrestations-contre-el-nahda-et-les-considere-comme-une-escalade-grave-de-la-repression-en-cours-avant-les-elections-presidentielles\/"},"author":{"name":"aturan","@id":"https:\/\/www.cfjustice.org\/fr\/#\/schema\/person\/ea0f4b79a4e1ae43a10612a61fbc1d16"},"headline":"Tunisie: Le CFJ rejette les r\u00e9centes arrestations contre \u00ab\u00a0El-Nahda\u00a0\u00bb et les consid\u00e8re comme une escalade grave de la r\u00e9pression en cours avant les \u00e9lections pr\u00e9sidentielles.","datePublished":"2024-09-16T12:12:03+00:00","mainEntityOfPage":{"@id":"https:\/\/www.cfjustice.org\/fr\/tunisie-le-cfj-rejette-les-recentes-arrestations-contre-el-nahda-et-les-considere-comme-une-escalade-grave-de-la-repression-en-cours-avant-les-elections-presidentielles\/"},"wordCount":981,"publisher":{"@id":"https:\/\/www.cfjustice.org\/fr\/#organization"},"image":{"@id":"https:\/\/www.cfjustice.org\/fr\/tunisie-le-cfj-rejette-les-recentes-arrestations-contre-el-nahda-et-les-considere-comme-une-escalade-grave-de-la-repression-en-cours-avant-les-elections-presidentielles\/#primaryimage"},"thumbnailUrl":"https:\/\/www.cfjustice.org\/wp-content\/uploads\/2024\/09\/\u0635\u0648\u0631\u0629-\u0623\u0631\u0634\u064a\u0641\u064a\u0629-4-jpg.webp","articleSection":["le Droit \u00e0 des \u00c9lections Libres"],"inLanguage":"fr-FR"},{"@type":"WebPage","@id":"https:\/\/www.cfjustice.org\/fr\/tunisie-le-cfj-rejette-les-recentes-arrestations-contre-el-nahda-et-les-considere-comme-une-escalade-grave-de-la-repression-en-cours-avant-les-elections-presidentielles\/","url":"https:\/\/www.cfjustice.org\/fr\/tunisie-le-cfj-rejette-les-recentes-arrestations-contre-el-nahda-et-les-considere-comme-une-escalade-grave-de-la-repression-en-cours-avant-les-elections-presidentielles\/","name":"Tunisie: Le CFJ rejette les r\u00e9centes arrestations contre \"El-Nahda\" et les consid\u00e8re comme une escalade grave de la r\u00e9pression en cours avant les \u00e9lections pr\u00e9sidentielles. - Committee for Justice","isPartOf":{"@id":"https:\/\/www.cfjustice.org\/fr\/#website"},"primaryImageOfPage":{"@id":"https:\/\/www.cfjustice.org\/fr\/tunisie-le-cfj-rejette-les-recentes-arrestations-contre-el-nahda-et-les-considere-comme-une-escalade-grave-de-la-repression-en-cours-avant-les-elections-presidentielles\/#primaryimage"},"image":{"@id":"https:\/\/www.cfjustice.org\/fr\/tunisie-le-cfj-rejette-les-recentes-arrestations-contre-el-nahda-et-les-considere-comme-une-escalade-grave-de-la-repression-en-cours-avant-les-elections-presidentielles\/#primaryimage"},"thumbnailUrl":"https:\/\/www.cfjustice.org\/wp-content\/uploads\/2024\/09\/\u0635\u0648\u0631\u0629-\u0623\u0631\u0634\u064a\u0641\u064a\u0629-4-jpg.webp","datePublished":"2024-09-16T12:12:03+00:00","description":"Tunisie: Le CFJ rejette les r\u00e9centes arrestations contre \"El-Nahda\" et les consid\u00e8re comme une escalade grave de la r\u00e9pression en cours avant les \u00e9lections pr\u00e9sidentielles. Le Comit\u00e9 pour la Justice (CFJ) a condamn\u00e9 la r\u00e9cente campagne d'arrestations visant les membres du mouvement Ennahda et d'autres figures politiques de divers horizons en Tunisie, qualifiant cela d'escalade dangereuse et sans pr\u00e9c\u00e9dent dans la vague de r\u00e9pression qui balaie le pays. Ces arrestations sont li\u00e9es \u00e0 des accusations de complot contre la s\u00e9curit\u00e9 de l'\u00c9tat dans une nouvelle affaire r\u00e9cemment ouverte par les autorit\u00e9s tunisiennes, soulevant des inqui\u00e9tudes quant \u00e0 la d\u00e9t\u00e9rioration des conditions politiques et des droits de l'homme \u00e0 l'approche des \u00e9lections pr\u00e9sidentielles.","breadcrumb":{"@id":"https:\/\/www.cfjustice.org\/fr\/tunisie-le-cfj-rejette-les-recentes-arrestations-contre-el-nahda-et-les-considere-comme-une-escalade-grave-de-la-repression-en-cours-avant-les-elections-presidentielles\/#breadcrumb"},"inLanguage":"fr-FR","potentialAction":[{"@type":"ReadAction","target":["https:\/\/www.cfjustice.org\/fr\/tunisie-le-cfj-rejette-les-recentes-arrestations-contre-el-nahda-et-les-considere-comme-une-escalade-grave-de-la-repression-en-cours-avant-les-elections-presidentielles\/"]}]},{"@type":"ImageObject","inLanguage":"fr-FR","@id":"https:\/\/www.cfjustice.org\/fr\/tunisie-le-cfj-rejette-les-recentes-arrestations-contre-el-nahda-et-les-considere-comme-une-escalade-grave-de-la-repression-en-cours-avant-les-elections-presidentielles\/#primaryimage","url":"https:\/\/www.cfjustice.org\/wp-content\/uploads\/2024\/09\/\u0635\u0648\u0631\u0629-\u0623\u0631\u0634\u064a\u0641\u064a\u0629-4-jpg.webp","contentUrl":"https:\/\/www.cfjustice.org\/wp-content\/uploads\/2024\/09\/\u0635\u0648\u0631\u0629-\u0623\u0631\u0634\u064a\u0641\u064a\u0629-4-jpg.webp","width":1600,"height":800},{"@type":"BreadcrumbList","@id":"https:\/\/www.cfjustice.org\/fr\/tunisie-le-cfj-rejette-les-recentes-arrestations-contre-el-nahda-et-les-considere-comme-une-escalade-grave-de-la-repression-en-cours-avant-les-elections-presidentielles\/#breadcrumb","itemListElement":[{"@type":"ListItem","position":1,"name":"Home","item":"https:\/\/www.cfjustice.org\/fr\/"},{"@type":"ListItem","position":2,"name":"Tunisie: Le CFJ rejette les r\u00e9centes arrestations contre &#8220;El-Nahda&#8221; et les consid\u00e8re comme une escalade grave de la r\u00e9pression en cours avant les \u00e9lections pr\u00e9sidentielles."}]},{"@type":"WebSite","@id":"https:\/\/www.cfjustice.org\/fr\/#website","url":"https:\/\/www.cfjustice.org\/fr\/","name":"Committee for Justice","description":"We are working to achieve justice","publisher":{"@id":"https:\/\/www.cfjustice.org\/fr\/#organization"},"alternateName":"CFJ","potentialAction":[{"@type":"SearchAction","target":{"@type":"EntryPoint","urlTemplate":"https:\/\/www.cfjustice.org\/fr\/?s={search_term_string}"},"query-input":{"@type":"PropertyValueSpecification","valueRequired":true,"valueName":"search_term_string"}}],"inLanguage":"fr-FR"},{"@type":"Organization","@id":"https:\/\/www.cfjustice.org\/fr\/#organization","name":"Committee for Justice","url":"https:\/\/www.cfjustice.org\/fr\/","logo":{"@type":"ImageObject","inLanguage":"fr-FR","@id":"https:\/\/www.cfjustice.org\/fr\/#\/schema\/logo\/image\/","url":"https:\/\/www.cfjustice.org\/wp-content\/uploads\/2023\/10\/logo-1.svg","contentUrl":"https:\/\/www.cfjustice.org\/wp-content\/uploads\/2023\/10\/logo-1.svg","width":1,"height":1,"caption":"Committee for Justice"},"image":{"@id":"https:\/\/www.cfjustice.org\/fr\/#\/schema\/logo\/image\/"},"sameAs":["https:\/\/www.facebook.com\/cfjusticeorg","https:\/\/x.com\/cfjusticeorg","https:\/\/www.linkedin.com\/company\/cfjustice\/","https:\/\/www.youtube.com\/channel\/UCQdBw5-F5Z80xtts8UqRRqQ","https:\/\/www.instagram.com\/cfjusticeorg"]},{"@type":"Person","@id":"https:\/\/www.cfjustice.org\/fr\/#\/schema\/person\/ea0f4b79a4e1ae43a10612a61fbc1d16","name":"aturan","image":{"@type":"ImageObject","inLanguage":"fr-FR","@id":"https:\/\/secure.gravatar.com\/avatar\/01a90824e35ac37e0638814cd919b87906467a82599625eceaf0f1c5b9e8343d?s=96&d=mm&r=g","url":"https:\/\/secure.gravatar.com\/avatar\/01a90824e35ac37e0638814cd919b87906467a82599625eceaf0f1c5b9e8343d?s=96&d=mm&r=g","contentUrl":"https:\/\/secure.gravatar.com\/avatar\/01a90824e35ac37e0638814cd919b87906467a82599625eceaf0f1c5b9e8343d?s=96&d=mm&r=g","caption":"aturan"},"url":"https:\/\/www.cfjustice.org\/fr\/author\/aturan\/"}]}},"_links":{"self":[{"href":"https:\/\/www.cfjustice.org\/fr\/wp-json\/wp\/v2\/posts\/42344","targetHints":{"allow":["GET"]}}],"collection":[{"href":"https:\/\/www.cfjustice.org\/fr\/wp-json\/wp\/v2\/posts"}],"about":[{"href":"https:\/\/www.cfjustice.org\/fr\/wp-json\/wp\/v2\/types\/post"}],"author":[{"embeddable":true,"href":"https:\/\/www.cfjustice.org\/fr\/wp-json\/wp\/v2\/users\/967"}],"replies":[{"embeddable":true,"href":"https:\/\/www.cfjustice.org\/fr\/wp-json\/wp\/v2\/comments?post=42344"}],"version-history":[{"count":1,"href":"https:\/\/www.cfjustice.org\/fr\/wp-json\/wp\/v2\/posts\/42344\/revisions"}],"predecessor-version":[{"id":42345,"href":"https:\/\/www.cfjustice.org\/fr\/wp-json\/wp\/v2\/posts\/42344\/revisions\/42345"}],"wp:featuredmedia":[{"embeddable":true,"href":"https:\/\/www.cfjustice.org\/fr\/wp-json\/wp\/v2\/media\/42339"}],"wp:attachment":[{"href":"https:\/\/www.cfjustice.org\/fr\/wp-json\/wp\/v2\/media?parent=42344"}],"wp:term":[{"taxonomy":"category","embeddable":true,"href":"https:\/\/www.cfjustice.org\/fr\/wp-json\/wp\/v2\/categories?post=42344"},{"taxonomy":"post_tag","embeddable":true,"href":"https:\/\/www.cfjustice.org\/fr\/wp-json\/wp\/v2\/tags?post=42344"},{"taxonomy":"countries","embeddable":true,"href":"https:\/\/www.cfjustice.org\/fr\/wp-json\/wp\/v2\/countries?post=42344"},{"taxonomy":"cases","embeddable":true,"href":"https:\/\/www.cfjustice.org\/fr\/wp-json\/wp\/v2\/cases?post=42344"},{"taxonomy":"writer","embeddable":true,"href":"https:\/\/www.cfjustice.org\/fr\/wp-json\/wp\/v2\/writer?post=42344"},{"taxonomy":"coalitions","embeddable":true,"href":"https:\/\/www.cfjustice.org\/fr\/wp-json\/wp\/v2\/coalitions?post=42344"}],"curies":[{"name":"wp","href":"https:\/\/api.w.org\/{rel}","templated":true}]}}