{"id":41265,"date":"2024-08-12T18:07:11","date_gmt":"2024-08-12T16:07:11","guid":{"rendered":"https:\/\/www.cfjustice.org\/?p=41265"},"modified":"2024-08-12T18:07:11","modified_gmt":"2024-08-12T16:07:11","slug":"committee-for-justice-lancement-dune-newsletter-hebdomadaire-sur-la-surveillance-des-elections-presidentielles-tunisiennes","status":"publish","type":"post","link":"https:\/\/www.cfjustice.org\/fr\/committee-for-justice-lancement-dune-newsletter-hebdomadaire-sur-la-surveillance-des-elections-presidentielles-tunisiennes\/","title":{"rendered":"Committee for Justice- Lancement d&rsquo;une newsletter hebdomadaire sur la surveillance des \u00e9lections pr\u00e9sidentielles tunisiennes"},"content":{"rendered":"<p>Le \u00ab Comit\u00e9 pour la justice \u00bb a publi\u00e9 sa premi\u00e8re newsletter hebdomadaire consacr\u00e9e \u00e0 la surveillance des \u00e9lections pr\u00e9sidentielles tunisiennes, dans le cadre de son initiative \u00ab Droit \u00e0 des \u00e9lections libres \u00bb. Cette newsletter couvre les \u00e9v\u00e9nements et pratiques du processus \u00e9lectoral pour la p\u00e9riode du 29 juillet au 8 ao\u00fbt 2024.<\/p>\n<p>La newsletter met en lumi\u00e8re les r\u00e9cents d\u00e9veloppements du processus \u00e9lectoral pr\u00e9sidentiel tunisien, en se concentrant sur les violations importantes des droits civils et politiques, ainsi que sur les manquements \u00e0 la loi \u00e9lectorale. Elle souligne les d\u00e9fis continus auxquels sont confront\u00e9s les candidats et les actions men\u00e9es par les autorit\u00e9s qui compromettent l&rsquo;int\u00e9grit\u00e9 du processus \u00e9lectoral.<\/p>\n<p>La newsletter attire l&rsquo;attention sur le grand nombre de retraits pendant la phase de candidature, en raison des obstacles impos\u00e9s par les autorit\u00e9s tunisiennes aux candidats potentiels. Selon les derni\u00e8res donn\u00e9es de l&rsquo;Instance Sup\u00e9rieure Ind\u00e9pendante pour les \u00c9lections, 114 personnes se sont retir\u00e9es du processus de collecte des parrainages populaires, dont 93 % \u00e9taient des hommes et 7 % des femmes.<\/p>\n<h3>De plus, la newsletter d\u00e9taille les principales violations de la loi \u00e9lectorale et des normes d\u00e9mocratiques internationales commises par les autorit\u00e9s tunisiennes, notamment :<\/h3>\n<ol>\n<li><strong>Intimidation des candidats pr\u00e9sidentiels et des \u00e9quipes de campagne par des arrestations, convocations et harc\u00e8lement judiciaire<\/strong> : De nombreux candidats potentiels ont fait face \u00e0 du harc\u00e8lement, plusieurs d&rsquo;entre eux ayant \u00e9t\u00e9 convoqu\u00e9s \u00e0 l&rsquo;Unit\u00e9 de Recherche \u00c9conomique d&rsquo;El Gorjani, dont Abdul Latif Al-Makki, le juge Mourad Massoudi et Al-Assad Obeid. La Chambre Criminelle d&rsquo;\u00e9t\u00e9 du Tribunal de Premi\u00e8re Instance de Tunis a \u00e9galement prononc\u00e9 des peines de prison de huit mois et des interdictions permanentes de se pr\u00e9senter aux \u00e9lections contre six candidats pr\u00e9sidentiels potentiels. Les actions arbitraires contre Abir Moussi, chef du Parti Destourien Libre, ont \u00e9galement \u00e9t\u00e9 mises en avant.<\/li>\n<li><strong>Retrait des candidats pr\u00e9sidentiels de la course \u00e9lectorale<\/strong> : Le candidat potentiel Nizar Chaari a annonc\u00e9 son retrait de la course pr\u00e9sidentielle dans une d\u00e9claration sur sa page officielle, \u00e9voquant les \u00ab obstacles et injustices \u00bb rencontr\u00e9s par sa campagne. Le juge Mourad Massoudi a \u00e9galement annonc\u00e9 son retrait, malgr\u00e9 le respect des conditions l\u00e9gales de candidature, d\u00e9crivant sa d\u00e9cision comme une protestation contre le harc\u00e8lement judiciaire continu subi par ses \u00e9quipes de campagne. Le contre-amiral \u00e0 la retraite Kamel Akrout a \u00e9galement d\u00e9clar\u00e9 qu&rsquo;il ne soumettrait pas sa candidature pour les prochaines \u00e9lections pr\u00e9sidentielles du 6 octobre, citant \u00ab la strat\u00e9gie des pouvoirs en place pour exclure toute voix oppos\u00e9e \u00bb.<\/li>\n<li><strong>Refus de d\u00e9livrance des certificats de casier judiciaire<\/strong> : Cela a \u00e9t\u00e9 confirm\u00e9 par plusieurs candidats potentiels, dont Emad Al-Daimi, Nizar Chaari, l&rsquo;ancien ministre Moncef Al-Zenaidi et le contre-amiral \u00e0 la retraite Kamel Akrout. Ces cas indiquent des obstacles syst\u00e9matiques du minist\u00e8re de l&rsquo;Int\u00e9rieur et des autorit\u00e9s concern\u00e9es \u00e0 d\u00e9livrer les documents n\u00e9cessaires (Certificat n\u00b0 3) requis pour la candidature, ce qui constitue une violation des droits des candidats \u00e0 se pr\u00e9senter aux \u00e9lections, une discrimination politique, un manque de transparence et une non-conformit\u00e9 aux proc\u00e9dures l\u00e9gales, compromettant l&rsquo;int\u00e9grit\u00e9 du processus \u00e9lectoral.<\/li>\n<\/ol>\n<p>La newsletter a conclu en soulignant que les \u00e9v\u00e9nements de la semaine pass\u00e9e mettent en \u00e9vidence les nombreux d\u00e9fis et violations auxquels sont confront\u00e9es les \u00e9lections pr\u00e9sidentielles tunisiennes. Les arrestations arbitraires, le harc\u00e8lement judiciaire, le refus de fournir des documents essentiels et les all\u00e9gations d&rsquo;achat de voix pointent tous vers des probl\u00e8mes graves qui menacent l&rsquo;int\u00e9grit\u00e9 du processus \u00e9lectoral. Par cons\u00e9quent, la communaut\u00e9 internationale et les parties prenantes locales doivent rester vigilantes et plaider pour des \u00e9lections justes et d\u00e9mocratiques en Tunisie.<\/p>\n\n","protected":false},"excerpt":{"rendered":"<p>Le \u00ab Comit\u00e9 pour la justice \u00bb a publi\u00e9 sa premi\u00e8re newsletter hebdomadaire consacr\u00e9e \u00e0 la surveillance des \u00e9lections pr\u00e9sidentielles tunisiennes, dans le cadre de son initiative \u00ab Droit \u00e0 [&hellip;]<\/p>\n","protected":false},"author":967,"featured_media":41266,"comment_status":"closed","ping_status":"closed","sticky":false,"template":"","format":"standard","meta":{"_monsterinsights_skip_tracking":false,"_monsterinsights_sitenote_active":false,"_monsterinsights_sitenote_note":"","_monsterinsights_sitenote_category":0,"_price":"","_stock":"","_tribe_ticket_header":"","_tribe_default_ticket_provider":"","_tribe_ticket_capacity":"0","_ticket_start_date":"","_ticket_end_date":"","_tribe_ticket_show_description":"","_tribe_ticket_show_not_going":false,"_tribe_ticket_use_global_stock":"","_tribe_ticket_global_stock_level":"","_global_stock_mode":"","_global_stock_cap":"","_tribe_rsvp_for_event":"","_tribe_ticket_going_count":"","_tribe_ticket_not_going_count":"","_tribe_tickets_list":"[]","_tribe_ticket_has_attendee_info_fields":false,"footnotes":""},"categories":[821],"tags":[],"countries":[820],"cases":[],"writer":[],"coalitions":[],"class_list":["post-41265","post","type-post","status-publish","format-standard","has-post-thumbnail","hentry","category-le-droit-a-des-elections-libres","countries-la-tunisie","has-post-title","has-post-date","has-post-category","has-post-tag","has-post-comment","has-post-author",""],"yoast_head":"<!-- This site is optimized with the Yoast SEO plugin v27.4 - https:\/\/yoast.com\/product\/yoast-seo-wordpress\/ -->\n<title>Committee for Justice- Lancement d&#039;une newsletter hebdomadaire sur la surveillance des \u00e9lections pr\u00e9sidentielles tunisiennes - Committee for Justice<\/title>\n<meta name=\"description\" content=\"Committee for Justice- Lancement d&#039;une newsletter hebdomadaire sur la surveillance des \u00e9lections pr\u00e9sidentielles tunisiennes Le \u00ab Comit\u00e9 pour la justice \u00bb a publi\u00e9 sa premi\u00e8re newsletter hebdomadaire consacr\u00e9e \u00e0 la surveillance des \u00e9lections pr\u00e9sidentielles tunisiennes, dans le cadre de son initiative \u00ab Droit \u00e0 des \u00e9lections libres \u00bb. Cette newsletter couvre les \u00e9v\u00e9nements et pratiques du processus \u00e9lectoral pour la p\u00e9riode du 29 juillet au 8 ao\u00fbt 2024.\" \/>\n<meta name=\"robots\" content=\"index, follow, max-snippet:-1, max-image-preview:large, max-video-preview:-1\" \/>\n<link rel=\"canonical\" href=\"https:\/\/www.cfjustice.org\/fr\/committee-for-justice-lancement-dune-newsletter-hebdomadaire-sur-la-surveillance-des-elections-presidentielles-tunisiennes\/\" \/>\n<meta property=\"og:locale\" content=\"fr_FR\" \/>\n<meta property=\"og:type\" content=\"article\" \/>\n<meta property=\"og:title\" content=\"Committee for Justice- Lancement d&#039;une newsletter hebdomadaire sur la surveillance des \u00e9lections pr\u00e9sidentielles tunisiennes - Committee for Justice\" \/>\n<meta property=\"og:description\" content=\"Committee for Justice- Lancement d&#039;une newsletter hebdomadaire sur la surveillance des \u00e9lections pr\u00e9sidentielles tunisiennes Le \u00ab Comit\u00e9 pour la justice \u00bb a publi\u00e9 sa premi\u00e8re newsletter hebdomadaire consacr\u00e9e \u00e0 la surveillance des \u00e9lections pr\u00e9sidentielles tunisiennes, dans le cadre de son initiative \u00ab Droit \u00e0 des \u00e9lections libres \u00bb. Cette newsletter couvre les \u00e9v\u00e9nements et pratiques du processus \u00e9lectoral pour la p\u00e9riode du 29 juillet au 8 ao\u00fbt 2024.\" \/>\n<meta property=\"og:url\" content=\"https:\/\/www.cfjustice.org\/fr\/committee-for-justice-lancement-dune-newsletter-hebdomadaire-sur-la-surveillance-des-elections-presidentielles-tunisiennes\/\" \/>\n<meta property=\"og:site_name\" content=\"Committee for Justice\" \/>\n<meta property=\"article:publisher\" content=\"https:\/\/www.facebook.com\/cfjusticeorg\" \/>\n<meta property=\"article:published_time\" content=\"2024-08-12T16:07:11+00:00\" \/>\n<meta property=\"og:image\" content=\"https:\/\/www.cfjustice.org\/wp-content\/uploads\/2024\/08\/site-banner-FR-2-scaled.jpg\" \/>\n\t<meta property=\"og:image:width\" content=\"2560\" \/>\n\t<meta property=\"og:image:height\" content=\"1278\" \/>\n\t<meta property=\"og:image:type\" content=\"image\/jpeg\" \/>\n<meta name=\"author\" content=\"aturan\" \/>\n<meta name=\"twitter:card\" content=\"summary_large_image\" \/>\n<meta name=\"twitter:creator\" content=\"@cfjusticeorg\" \/>\n<meta name=\"twitter:site\" content=\"@cfjusticeorg\" \/>\n<meta name=\"twitter:label1\" content=\"\u00c9crit par\" \/>\n\t<meta name=\"twitter:data1\" content=\"aturan\" \/>\n\t<meta name=\"twitter:label2\" content=\"Dur\u00e9e de lecture estim\u00e9e\" \/>\n\t<meta name=\"twitter:data2\" content=\"3 minutes\" \/>\n<script type=\"application\/ld+json\" class=\"yoast-schema-graph\">{\"@context\":\"https:\\\/\\\/schema.org\",\"@graph\":[{\"@type\":\"Article\",\"@id\":\"https:\\\/\\\/www.cfjustice.org\\\/fr\\\/committee-for-justice-lancement-dune-newsletter-hebdomadaire-sur-la-surveillance-des-elections-presidentielles-tunisiennes\\\/#article\",\"isPartOf\":{\"@id\":\"https:\\\/\\\/www.cfjustice.org\\\/fr\\\/committee-for-justice-lancement-dune-newsletter-hebdomadaire-sur-la-surveillance-des-elections-presidentielles-tunisiennes\\\/\"},\"author\":{\"name\":\"aturan\",\"@id\":\"https:\\\/\\\/www.cfjustice.org\\\/fr\\\/#\\\/schema\\\/person\\\/ea0f4b79a4e1ae43a10612a61fbc1d16\"},\"headline\":\"Committee for Justice- Lancement d&rsquo;une newsletter hebdomadaire sur la surveillance des \u00e9lections pr\u00e9sidentielles tunisiennes\",\"datePublished\":\"2024-08-12T16:07:11+00:00\",\"mainEntityOfPage\":{\"@id\":\"https:\\\/\\\/www.cfjustice.org\\\/fr\\\/committee-for-justice-lancement-dune-newsletter-hebdomadaire-sur-la-surveillance-des-elections-presidentielles-tunisiennes\\\/\"},\"wordCount\":673,\"publisher\":{\"@id\":\"https:\\\/\\\/www.cfjustice.org\\\/fr\\\/#organization\"},\"image\":{\"@id\":\"https:\\\/\\\/www.cfjustice.org\\\/fr\\\/committee-for-justice-lancement-dune-newsletter-hebdomadaire-sur-la-surveillance-des-elections-presidentielles-tunisiennes\\\/#primaryimage\"},\"thumbnailUrl\":\"https:\\\/\\\/www.cfjustice.org\\\/wp-content\\\/uploads\\\/2024\\\/08\\\/site-banner-FR-2-scaled.jpg\",\"articleSection\":[\"le Droit \u00e0 des \u00c9lections Libres\"],\"inLanguage\":\"fr-FR\"},{\"@type\":\"WebPage\",\"@id\":\"https:\\\/\\\/www.cfjustice.org\\\/fr\\\/committee-for-justice-lancement-dune-newsletter-hebdomadaire-sur-la-surveillance-des-elections-presidentielles-tunisiennes\\\/\",\"url\":\"https:\\\/\\\/www.cfjustice.org\\\/fr\\\/committee-for-justice-lancement-dune-newsletter-hebdomadaire-sur-la-surveillance-des-elections-presidentielles-tunisiennes\\\/\",\"name\":\"Committee for Justice- Lancement d'une newsletter hebdomadaire sur la surveillance des \u00e9lections pr\u00e9sidentielles tunisiennes - Committee for Justice\",\"isPartOf\":{\"@id\":\"https:\\\/\\\/www.cfjustice.org\\\/fr\\\/#website\"},\"primaryImageOfPage\":{\"@id\":\"https:\\\/\\\/www.cfjustice.org\\\/fr\\\/committee-for-justice-lancement-dune-newsletter-hebdomadaire-sur-la-surveillance-des-elections-presidentielles-tunisiennes\\\/#primaryimage\"},\"image\":{\"@id\":\"https:\\\/\\\/www.cfjustice.org\\\/fr\\\/committee-for-justice-lancement-dune-newsletter-hebdomadaire-sur-la-surveillance-des-elections-presidentielles-tunisiennes\\\/#primaryimage\"},\"thumbnailUrl\":\"https:\\\/\\\/www.cfjustice.org\\\/wp-content\\\/uploads\\\/2024\\\/08\\\/site-banner-FR-2-scaled.jpg\",\"datePublished\":\"2024-08-12T16:07:11+00:00\",\"description\":\"Committee for Justice- Lancement d'une newsletter hebdomadaire sur la surveillance des \u00e9lections pr\u00e9sidentielles tunisiennes Le \u00ab Comit\u00e9 pour la justice \u00bb a publi\u00e9 sa premi\u00e8re newsletter hebdomadaire consacr\u00e9e \u00e0 la surveillance des \u00e9lections pr\u00e9sidentielles tunisiennes, dans le cadre de son initiative \u00ab Droit \u00e0 des \u00e9lections libres \u00bb. Cette newsletter couvre les \u00e9v\u00e9nements et pratiques du processus \u00e9lectoral pour la p\u00e9riode du 29 juillet au 8 ao\u00fbt 2024.\",\"breadcrumb\":{\"@id\":\"https:\\\/\\\/www.cfjustice.org\\\/fr\\\/committee-for-justice-lancement-dune-newsletter-hebdomadaire-sur-la-surveillance-des-elections-presidentielles-tunisiennes\\\/#breadcrumb\"},\"inLanguage\":\"fr-FR\",\"potentialAction\":[{\"@type\":\"ReadAction\",\"target\":[\"https:\\\/\\\/www.cfjustice.org\\\/fr\\\/committee-for-justice-lancement-dune-newsletter-hebdomadaire-sur-la-surveillance-des-elections-presidentielles-tunisiennes\\\/\"]}]},{\"@type\":\"ImageObject\",\"inLanguage\":\"fr-FR\",\"@id\":\"https:\\\/\\\/www.cfjustice.org\\\/fr\\\/committee-for-justice-lancement-dune-newsletter-hebdomadaire-sur-la-surveillance-des-elections-presidentielles-tunisiennes\\\/#primaryimage\",\"url\":\"https:\\\/\\\/www.cfjustice.org\\\/wp-content\\\/uploads\\\/2024\\\/08\\\/site-banner-FR-2-scaled.jpg\",\"contentUrl\":\"https:\\\/\\\/www.cfjustice.org\\\/wp-content\\\/uploads\\\/2024\\\/08\\\/site-banner-FR-2-scaled.jpg\",\"width\":2560,\"height\":1278},{\"@type\":\"BreadcrumbList\",\"@id\":\"https:\\\/\\\/www.cfjustice.org\\\/fr\\\/committee-for-justice-lancement-dune-newsletter-hebdomadaire-sur-la-surveillance-des-elections-presidentielles-tunisiennes\\\/#breadcrumb\",\"itemListElement\":[{\"@type\":\"ListItem\",\"position\":1,\"name\":\"Home\",\"item\":\"https:\\\/\\\/www.cfjustice.org\\\/fr\\\/\"},{\"@type\":\"ListItem\",\"position\":2,\"name\":\"Committee for Justice- Lancement d&#8217;une newsletter hebdomadaire sur la surveillance des \u00e9lections pr\u00e9sidentielles tunisiennes\"}]},{\"@type\":\"WebSite\",\"@id\":\"https:\\\/\\\/www.cfjustice.org\\\/fr\\\/#website\",\"url\":\"https:\\\/\\\/www.cfjustice.org\\\/fr\\\/\",\"name\":\"Committee for Justice\",\"description\":\"We are working to achieve justice\",\"publisher\":{\"@id\":\"https:\\\/\\\/www.cfjustice.org\\\/fr\\\/#organization\"},\"alternateName\":\"CFJ\",\"potentialAction\":[{\"@type\":\"SearchAction\",\"target\":{\"@type\":\"EntryPoint\",\"urlTemplate\":\"https:\\\/\\\/www.cfjustice.org\\\/fr\\\/?s={search_term_string}\"},\"query-input\":{\"@type\":\"PropertyValueSpecification\",\"valueRequired\":true,\"valueName\":\"search_term_string\"}}],\"inLanguage\":\"fr-FR\"},{\"@type\":\"Organization\",\"@id\":\"https:\\\/\\\/www.cfjustice.org\\\/fr\\\/#organization\",\"name\":\"Committee for Justice\",\"url\":\"https:\\\/\\\/www.cfjustice.org\\\/fr\\\/\",\"logo\":{\"@type\":\"ImageObject\",\"inLanguage\":\"fr-FR\",\"@id\":\"https:\\\/\\\/www.cfjustice.org\\\/fr\\\/#\\\/schema\\\/logo\\\/image\\\/\",\"url\":\"https:\\\/\\\/www.cfjustice.org\\\/wp-content\\\/uploads\\\/2023\\\/10\\\/logo-1.svg\",\"contentUrl\":\"https:\\\/\\\/www.cfjustice.org\\\/wp-content\\\/uploads\\\/2023\\\/10\\\/logo-1.svg\",\"width\":1,\"height\":1,\"caption\":\"Committee for Justice\"},\"image\":{\"@id\":\"https:\\\/\\\/www.cfjustice.org\\\/fr\\\/#\\\/schema\\\/logo\\\/image\\\/\"},\"sameAs\":[\"https:\\\/\\\/www.facebook.com\\\/cfjusticeorg\",\"https:\\\/\\\/x.com\\\/cfjusticeorg\",\"https:\\\/\\\/www.linkedin.com\\\/company\\\/cfjustice\\\/\",\"https:\\\/\\\/www.youtube.com\\\/channel\\\/UCQdBw5-F5Z80xtts8UqRRqQ\",\"https:\\\/\\\/www.instagram.com\\\/cfjusticeorg\"]},{\"@type\":\"Person\",\"@id\":\"https:\\\/\\\/www.cfjustice.org\\\/fr\\\/#\\\/schema\\\/person\\\/ea0f4b79a4e1ae43a10612a61fbc1d16\",\"name\":\"aturan\",\"image\":{\"@type\":\"ImageObject\",\"inLanguage\":\"fr-FR\",\"@id\":\"https:\\\/\\\/secure.gravatar.com\\\/avatar\\\/01a90824e35ac37e0638814cd919b87906467a82599625eceaf0f1c5b9e8343d?s=96&d=mm&r=g\",\"url\":\"https:\\\/\\\/secure.gravatar.com\\\/avatar\\\/01a90824e35ac37e0638814cd919b87906467a82599625eceaf0f1c5b9e8343d?s=96&d=mm&r=g\",\"contentUrl\":\"https:\\\/\\\/secure.gravatar.com\\\/avatar\\\/01a90824e35ac37e0638814cd919b87906467a82599625eceaf0f1c5b9e8343d?s=96&d=mm&r=g\",\"caption\":\"aturan\"},\"url\":\"https:\\\/\\\/www.cfjustice.org\\\/fr\\\/author\\\/aturan\\\/\"}]}<\/script>\n<!-- \/ Yoast SEO plugin. -->","yoast_head_json":{"title":"Committee for Justice- Lancement d'une newsletter hebdomadaire sur la surveillance des \u00e9lections pr\u00e9sidentielles tunisiennes - Committee for Justice","description":"Committee for Justice- Lancement d'une newsletter hebdomadaire sur la surveillance des \u00e9lections pr\u00e9sidentielles tunisiennes Le \u00ab Comit\u00e9 pour la justice \u00bb a publi\u00e9 sa premi\u00e8re newsletter hebdomadaire consacr\u00e9e \u00e0 la surveillance des \u00e9lections pr\u00e9sidentielles tunisiennes, dans le cadre de son initiative \u00ab Droit \u00e0 des \u00e9lections libres \u00bb. Cette newsletter couvre les \u00e9v\u00e9nements et pratiques du processus \u00e9lectoral pour la p\u00e9riode du 29 juillet au 8 ao\u00fbt 2024.","robots":{"index":"index","follow":"follow","max-snippet":"max-snippet:-1","max-image-preview":"max-image-preview:large","max-video-preview":"max-video-preview:-1"},"canonical":"https:\/\/www.cfjustice.org\/fr\/committee-for-justice-lancement-dune-newsletter-hebdomadaire-sur-la-surveillance-des-elections-presidentielles-tunisiennes\/","og_locale":"fr_FR","og_type":"article","og_title":"Committee for Justice- Lancement d'une newsletter hebdomadaire sur la surveillance des \u00e9lections pr\u00e9sidentielles tunisiennes - Committee for Justice","og_description":"Committee for Justice- Lancement d'une newsletter hebdomadaire sur la surveillance des \u00e9lections pr\u00e9sidentielles tunisiennes Le \u00ab Comit\u00e9 pour la justice \u00bb a publi\u00e9 sa premi\u00e8re newsletter hebdomadaire consacr\u00e9e \u00e0 la surveillance des \u00e9lections pr\u00e9sidentielles tunisiennes, dans le cadre de son initiative \u00ab Droit \u00e0 des \u00e9lections libres \u00bb. Cette newsletter couvre les \u00e9v\u00e9nements et pratiques du processus \u00e9lectoral pour la p\u00e9riode du 29 juillet au 8 ao\u00fbt 2024.","og_url":"https:\/\/www.cfjustice.org\/fr\/committee-for-justice-lancement-dune-newsletter-hebdomadaire-sur-la-surveillance-des-elections-presidentielles-tunisiennes\/","og_site_name":"Committee for Justice","article_publisher":"https:\/\/www.facebook.com\/cfjusticeorg","article_published_time":"2024-08-12T16:07:11+00:00","og_image":[{"width":2560,"height":1278,"url":"https:\/\/www.cfjustice.org\/wp-content\/uploads\/2024\/08\/site-banner-FR-2-scaled.jpg","type":"image\/jpeg"}],"author":"aturan","twitter_card":"summary_large_image","twitter_creator":"@cfjusticeorg","twitter_site":"@cfjusticeorg","twitter_misc":{"\u00c9crit par":"aturan","Dur\u00e9e de lecture estim\u00e9e":"3 minutes"},"schema":{"@context":"https:\/\/schema.org","@graph":[{"@type":"Article","@id":"https:\/\/www.cfjustice.org\/fr\/committee-for-justice-lancement-dune-newsletter-hebdomadaire-sur-la-surveillance-des-elections-presidentielles-tunisiennes\/#article","isPartOf":{"@id":"https:\/\/www.cfjustice.org\/fr\/committee-for-justice-lancement-dune-newsletter-hebdomadaire-sur-la-surveillance-des-elections-presidentielles-tunisiennes\/"},"author":{"name":"aturan","@id":"https:\/\/www.cfjustice.org\/fr\/#\/schema\/person\/ea0f4b79a4e1ae43a10612a61fbc1d16"},"headline":"Committee for Justice- Lancement d&rsquo;une newsletter hebdomadaire sur la surveillance des \u00e9lections pr\u00e9sidentielles tunisiennes","datePublished":"2024-08-12T16:07:11+00:00","mainEntityOfPage":{"@id":"https:\/\/www.cfjustice.org\/fr\/committee-for-justice-lancement-dune-newsletter-hebdomadaire-sur-la-surveillance-des-elections-presidentielles-tunisiennes\/"},"wordCount":673,"publisher":{"@id":"https:\/\/www.cfjustice.org\/fr\/#organization"},"image":{"@id":"https:\/\/www.cfjustice.org\/fr\/committee-for-justice-lancement-dune-newsletter-hebdomadaire-sur-la-surveillance-des-elections-presidentielles-tunisiennes\/#primaryimage"},"thumbnailUrl":"https:\/\/www.cfjustice.org\/wp-content\/uploads\/2024\/08\/site-banner-FR-2-scaled.jpg","articleSection":["le Droit \u00e0 des \u00c9lections Libres"],"inLanguage":"fr-FR"},{"@type":"WebPage","@id":"https:\/\/www.cfjustice.org\/fr\/committee-for-justice-lancement-dune-newsletter-hebdomadaire-sur-la-surveillance-des-elections-presidentielles-tunisiennes\/","url":"https:\/\/www.cfjustice.org\/fr\/committee-for-justice-lancement-dune-newsletter-hebdomadaire-sur-la-surveillance-des-elections-presidentielles-tunisiennes\/","name":"Committee for Justice- Lancement d'une newsletter hebdomadaire sur la surveillance des \u00e9lections pr\u00e9sidentielles tunisiennes - Committee for Justice","isPartOf":{"@id":"https:\/\/www.cfjustice.org\/fr\/#website"},"primaryImageOfPage":{"@id":"https:\/\/www.cfjustice.org\/fr\/committee-for-justice-lancement-dune-newsletter-hebdomadaire-sur-la-surveillance-des-elections-presidentielles-tunisiennes\/#primaryimage"},"image":{"@id":"https:\/\/www.cfjustice.org\/fr\/committee-for-justice-lancement-dune-newsletter-hebdomadaire-sur-la-surveillance-des-elections-presidentielles-tunisiennes\/#primaryimage"},"thumbnailUrl":"https:\/\/www.cfjustice.org\/wp-content\/uploads\/2024\/08\/site-banner-FR-2-scaled.jpg","datePublished":"2024-08-12T16:07:11+00:00","description":"Committee for Justice- Lancement d'une newsletter hebdomadaire sur la surveillance des \u00e9lections pr\u00e9sidentielles tunisiennes Le \u00ab Comit\u00e9 pour la justice \u00bb a publi\u00e9 sa premi\u00e8re newsletter hebdomadaire consacr\u00e9e \u00e0 la surveillance des \u00e9lections pr\u00e9sidentielles tunisiennes, dans le cadre de son initiative \u00ab Droit \u00e0 des \u00e9lections libres \u00bb. Cette newsletter couvre les \u00e9v\u00e9nements et pratiques du processus \u00e9lectoral pour la p\u00e9riode du 29 juillet au 8 ao\u00fbt 2024.","breadcrumb":{"@id":"https:\/\/www.cfjustice.org\/fr\/committee-for-justice-lancement-dune-newsletter-hebdomadaire-sur-la-surveillance-des-elections-presidentielles-tunisiennes\/#breadcrumb"},"inLanguage":"fr-FR","potentialAction":[{"@type":"ReadAction","target":["https:\/\/www.cfjustice.org\/fr\/committee-for-justice-lancement-dune-newsletter-hebdomadaire-sur-la-surveillance-des-elections-presidentielles-tunisiennes\/"]}]},{"@type":"ImageObject","inLanguage":"fr-FR","@id":"https:\/\/www.cfjustice.org\/fr\/committee-for-justice-lancement-dune-newsletter-hebdomadaire-sur-la-surveillance-des-elections-presidentielles-tunisiennes\/#primaryimage","url":"https:\/\/www.cfjustice.org\/wp-content\/uploads\/2024\/08\/site-banner-FR-2-scaled.jpg","contentUrl":"https:\/\/www.cfjustice.org\/wp-content\/uploads\/2024\/08\/site-banner-FR-2-scaled.jpg","width":2560,"height":1278},{"@type":"BreadcrumbList","@id":"https:\/\/www.cfjustice.org\/fr\/committee-for-justice-lancement-dune-newsletter-hebdomadaire-sur-la-surveillance-des-elections-presidentielles-tunisiennes\/#breadcrumb","itemListElement":[{"@type":"ListItem","position":1,"name":"Home","item":"https:\/\/www.cfjustice.org\/fr\/"},{"@type":"ListItem","position":2,"name":"Committee for Justice- Lancement d&#8217;une newsletter hebdomadaire sur la surveillance des \u00e9lections pr\u00e9sidentielles tunisiennes"}]},{"@type":"WebSite","@id":"https:\/\/www.cfjustice.org\/fr\/#website","url":"https:\/\/www.cfjustice.org\/fr\/","name":"Committee for Justice","description":"We are working to achieve justice","publisher":{"@id":"https:\/\/www.cfjustice.org\/fr\/#organization"},"alternateName":"CFJ","potentialAction":[{"@type":"SearchAction","target":{"@type":"EntryPoint","urlTemplate":"https:\/\/www.cfjustice.org\/fr\/?s={search_term_string}"},"query-input":{"@type":"PropertyValueSpecification","valueRequired":true,"valueName":"search_term_string"}}],"inLanguage":"fr-FR"},{"@type":"Organization","@id":"https:\/\/www.cfjustice.org\/fr\/#organization","name":"Committee for Justice","url":"https:\/\/www.cfjustice.org\/fr\/","logo":{"@type":"ImageObject","inLanguage":"fr-FR","@id":"https:\/\/www.cfjustice.org\/fr\/#\/schema\/logo\/image\/","url":"https:\/\/www.cfjustice.org\/wp-content\/uploads\/2023\/10\/logo-1.svg","contentUrl":"https:\/\/www.cfjustice.org\/wp-content\/uploads\/2023\/10\/logo-1.svg","width":1,"height":1,"caption":"Committee for Justice"},"image":{"@id":"https:\/\/www.cfjustice.org\/fr\/#\/schema\/logo\/image\/"},"sameAs":["https:\/\/www.facebook.com\/cfjusticeorg","https:\/\/x.com\/cfjusticeorg","https:\/\/www.linkedin.com\/company\/cfjustice\/","https:\/\/www.youtube.com\/channel\/UCQdBw5-F5Z80xtts8UqRRqQ","https:\/\/www.instagram.com\/cfjusticeorg"]},{"@type":"Person","@id":"https:\/\/www.cfjustice.org\/fr\/#\/schema\/person\/ea0f4b79a4e1ae43a10612a61fbc1d16","name":"aturan","image":{"@type":"ImageObject","inLanguage":"fr-FR","@id":"https:\/\/secure.gravatar.com\/avatar\/01a90824e35ac37e0638814cd919b87906467a82599625eceaf0f1c5b9e8343d?s=96&d=mm&r=g","url":"https:\/\/secure.gravatar.com\/avatar\/01a90824e35ac37e0638814cd919b87906467a82599625eceaf0f1c5b9e8343d?s=96&d=mm&r=g","contentUrl":"https:\/\/secure.gravatar.com\/avatar\/01a90824e35ac37e0638814cd919b87906467a82599625eceaf0f1c5b9e8343d?s=96&d=mm&r=g","caption":"aturan"},"url":"https:\/\/www.cfjustice.org\/fr\/author\/aturan\/"}]}},"_links":{"self":[{"href":"https:\/\/www.cfjustice.org\/fr\/wp-json\/wp\/v2\/posts\/41265","targetHints":{"allow":["GET"]}}],"collection":[{"href":"https:\/\/www.cfjustice.org\/fr\/wp-json\/wp\/v2\/posts"}],"about":[{"href":"https:\/\/www.cfjustice.org\/fr\/wp-json\/wp\/v2\/types\/post"}],"author":[{"embeddable":true,"href":"https:\/\/www.cfjustice.org\/fr\/wp-json\/wp\/v2\/users\/967"}],"replies":[{"embeddable":true,"href":"https:\/\/www.cfjustice.org\/fr\/wp-json\/wp\/v2\/comments?post=41265"}],"version-history":[{"count":2,"href":"https:\/\/www.cfjustice.org\/fr\/wp-json\/wp\/v2\/posts\/41265\/revisions"}],"predecessor-version":[{"id":41273,"href":"https:\/\/www.cfjustice.org\/fr\/wp-json\/wp\/v2\/posts\/41265\/revisions\/41273"}],"wp:featuredmedia":[{"embeddable":true,"href":"https:\/\/www.cfjustice.org\/fr\/wp-json\/wp\/v2\/media\/41266"}],"wp:attachment":[{"href":"https:\/\/www.cfjustice.org\/fr\/wp-json\/wp\/v2\/media?parent=41265"}],"wp:term":[{"taxonomy":"category","embeddable":true,"href":"https:\/\/www.cfjustice.org\/fr\/wp-json\/wp\/v2\/categories?post=41265"},{"taxonomy":"post_tag","embeddable":true,"href":"https:\/\/www.cfjustice.org\/fr\/wp-json\/wp\/v2\/tags?post=41265"},{"taxonomy":"countries","embeddable":true,"href":"https:\/\/www.cfjustice.org\/fr\/wp-json\/wp\/v2\/countries?post=41265"},{"taxonomy":"cases","embeddable":true,"href":"https:\/\/www.cfjustice.org\/fr\/wp-json\/wp\/v2\/cases?post=41265"},{"taxonomy":"writer","embeddable":true,"href":"https:\/\/www.cfjustice.org\/fr\/wp-json\/wp\/v2\/writer?post=41265"},{"taxonomy":"coalitions","embeddable":true,"href":"https:\/\/www.cfjustice.org\/fr\/wp-json\/wp\/v2\/coalitions?post=41265"}],"curies":[{"name":"wp","href":"https:\/\/api.w.org\/{rel}","templated":true}]}}